{"id":156413,"date":"2025-06-06T11:45:13","date_gmt":"2025-06-06T11:45:13","guid":{"rendered":"https:\/\/www.europesays.com\/fr\/156413\/"},"modified":"2025-06-06T11:45:13","modified_gmt":"2025-06-06T11:45:13","slug":"loire-la-grotte-cotatay-fait-peau-neuve-pour-celebrer-les-150-ans-de-son-sanctuaire","status":"publish","type":"post","link":"https:\/\/www.europesays.com\/fr\/156413\/","title":{"rendered":"Loire. La grotte Cotatay fait peau neuve pour c\u00e9l\u00e9brer les 150 ans de son sanctuaire"},"content":{"rendered":"<p>Ils sont nombreux \u00e0 faire briller une bougie \u00e0 l\u2019int\u00e9rieur de la grotte de Cotatay, apr\u00e8s avoir gliss\u00e9 une ou quelques pi\u00e8ces dans le coffre. Ins\u00e9r\u00e9 dans la paroi rocheuse du sanctuaire, ce coffre suscite les convoitises, il a \u00e9t\u00e9 vid\u00e9 de son contenu le jeudi de l\u2019Ascension.<\/p>\n<p>\u00ab\u00a0Cela a d\u00fb se passer en soir\u00e9e. Plus difficile en journ\u00e9e, il y a eu de nombreux passages de fid\u00e8les \u00e0 l\u2019occasion de cette f\u00eate religieuse. On ne sait pas \u00e0 combien s\u2019\u00e9l\u00e8ve le montant du pr\u00e9judice. Ce qui est certain, c\u2019est qu\u2019il \u00e9tait plein ce 29\u00a0mai, et qui l\u2019est forc\u00e9ment \u00e0 un moment de la journ\u00e9e. Nous avons retir\u00e9 les cierges le lendemain. Le temps de r\u00e9parer le coffre fractur\u00e9 en installant une double serrure, puis nous les avons remis sur leur pr\u00e9sentoir d\u00e8s le samedi\u00a0\u00bb, expliquent les b\u00e9n\u00e9voles, en charge de l\u2019entretien de la grotte.<\/p>\n<p>  Le lieu est pourtant plac\u00e9 sous vid\u00e9o surveillance<\/p>\n<p>Un lieu de culte plac\u00e9 sous vid\u00e9o surveillance et le fait que la recette des ventes soit r\u00e9cup\u00e9r\u00e9e tous les jours par ces responsables, ne semblent pas arr\u00eater les m\u00e9faits\u00a0: \u00ab\u00a0Le 3\u00a0juin, nous avons \u00e0 nouveau constat\u00e9 une tentative de vol parce que ce coffre a \u00e9t\u00e9 forc\u00e9, mais ils n\u2019ont pas pu se servir. Nous avons convenu de suspendre la vente des cierges, jusqu\u2019\u00e0 ce que nous trouvions un syst\u00e8me de surveillance plus fonctionnel que celui d\u00e9j\u00e0 install\u00e9\u00a0\u00bb, soulignent-ils.<\/p>\n<p>\u00ab\u00a0Notre ambition est de reprendre le plus t\u00f4t possible pour ne pas priver les fid\u00e8les de venir allumer leurs cierges, parce que cela reste un lieu de pri\u00e8res. Certes, ce sont des pi\u00e8ces de monnaie qui sont vol\u00e9es. Mais reproduit quotidiennement, cela devient une belle somme d\u2019argent. Nous d\u00e9plorons les actes de vandalisme gratuit que nous subissons. Il faut savoir qu\u2019une main courante est d\u00e9pos\u00e9e \u00e0 chaque vol et d\u00e9gradation\u00a0\u00bb.<\/p>\n<p>  \u00ab\u00a0Il ne faut pas apporter de bougies et chauffe-plats du commerce\u00a0\u00bb<\/p>\n<p>Ils ont cependant un message \u00e0 faire passer\u00a0: \u00ab\u00a0De ne pas apporter les bougies et chauffe-plats du commerce. Ils ne sont pas adapt\u00e9s. Le risque d\u2019incendie est pr\u00e9sent en raison des livres et autres dons laiss\u00e9s par les paroissiens. Nous nous procurons ces cierges sp\u00e9cifiques dans les enseignes sp\u00e9cialis\u00e9es liturgiques, les seuls que l\u2019on peut allumer dans la grotte sans danger\u00a0\u00bb. Pour l\u2019heure, l\u2019\u00e9quipe s\u2019active, elle r\u00e9fl\u00e9chit \u00e0 redonner au sanctuaire toute sa lumi\u00e8re\u00a0: \u00ab\u00a0Nous remercions les p\u00e8lerins pour leur patience et leur compr\u00e9hension\u00a0\u00bb disent-ils.<\/p>\n","protected":false},"excerpt":{"rendered":"Ils sont nombreux \u00e0 faire briller une bougie \u00e0 l\u2019int\u00e9rieur de la grotte de Cotatay, apr\u00e8s avoir gliss\u00e9&hellip;\n","protected":false},"author":2,"featured_media":156414,"comment_status":"","ping_status":"","sticky":false,"template":"","format":"standard","meta":{"footnotes":""},"categories":[9653],"tags":[1111,11,2430,12162,7539,1777,674,1011,27,12161,3367,12,25,4001,104],"class_list":{"0":"post-156413","1":"post","2":"type-post","3":"status-publish","4":"format-standard","5":"has-post-thumbnail","7":"category-saint-etienne","8":"tag-actu","9":"tag-actualites","10":"tag-auvergne-rhone-alpes","11":"tag-chambon-feugerolles-ville","12":"tag-edition-loire-sud","13":"tag-eu","14":"tag-europe","15":"tag-fr","16":"tag-france","17":"tag-le-chambon-feugerolles","18":"tag-loire","19":"tag-news","20":"tag-republique-francaise","21":"tag-saint-etienne","22":"tag-societe"},"share_on_mastodon":{"url":"https:\/\/pubeurope.com\/@fr\/114636254367637060","error":""},"_links":{"self":[{"href":"https:\/\/www.europesays.com\/fr\/wp-json\/wp\/v2\/posts\/156413","targetHints":{"allow":["GET"]}}],"collection":[{"href":"https:\/\/www.europesays.com\/fr\/wp-json\/wp\/v2\/posts"}],"about":[{"href":"https:\/\/www.europesays.com\/fr\/wp-json\/wp\/v2\/types\/post"}],"author":[{"embeddable":true,"href":"https:\/\/www.europesays.com\/fr\/wp-json\/wp\/v2\/users\/2"}],"replies":[{"embeddable":true,"href":"https:\/\/www.europesays.com\/fr\/wp-json\/wp\/v2\/comments?post=156413"}],"version-history":[{"count":0,"href":"https:\/\/www.europesays.com\/fr\/wp-json\/wp\/v2\/posts\/156413\/revisions"}],"wp:featuredmedia":[{"embeddable":true,"href":"https:\/\/www.europesays.com\/fr\/wp-json\/wp\/v2\/media\/156414"}],"wp:attachment":[{"href":"https:\/\/www.europesays.com\/fr\/wp-json\/wp\/v2\/media?parent=156413"}],"wp:term":[{"taxonomy":"category","embeddable":true,"href":"https:\/\/www.europesays.com\/fr\/wp-json\/wp\/v2\/categories?post=156413"},{"taxonomy":"post_tag","embeddable":true,"href":"https:\/\/www.europesays.com\/fr\/wp-json\/wp\/v2\/tags?post=156413"}],"curies":[{"name":"wp","href":"https:\/\/api.w.org\/{rel}","templated":true}]}}