{"id":156417,"date":"2025-06-06T11:47:10","date_gmt":"2025-06-06T11:47:10","guid":{"rendered":"https:\/\/www.europesays.com\/fr\/156417\/"},"modified":"2025-06-06T11:47:10","modified_gmt":"2025-06-06T11:47:10","slug":"meurthe-et-moselle-pourquoi-la-dj-des-jo-de-paris-barbara-butch-est-a-nancy-ce-samedi","status":"publish","type":"post","link":"https:\/\/www.europesays.com\/fr\/156417\/","title":{"rendered":"Meurthe-et-Moselle. Pourquoi la DJ des JO de Paris Barbara Butch est \u00e0 Nancy ce samedi"},"content":{"rendered":"<p>DJ Barbara Butch participera <a href=\"https:\/\/www.estrepublicain.fr\/societe\/2025\/06\/05\/parcours-animations-tout-ce-qu-il-faut-savoir-sur-la-pride-2025-a-nancy-et-metz?at_content=link&amp;at_term=LEstRepublicainNancy&amp;at_campaign=Facebook&amp;at_medium=Social&amp;at_source=nonli\" target=\"_blank\" rel=\"noopener\">\u00e0 la Pride de Nancy samedi 7\u00a0juin.<\/a><\/p>\n<p>Figure embl\u00e9matique des sc\u00e8nes \u00e9lectro <a href=\"https:\/\/www.estrepublicain.fr\/societe\/2025\/06\/03\/gay-pride-2025-une-fete-certes-mais-toujours-un-combat\" target=\"_blank\" rel=\"noopener\">et du militantisme queer,<\/a> elle s\u2019est illustr\u00e9e lors de la c\u00e9r\u00e9monie d\u2019ouverture des Jeux olympiques, en participant au tableau intitul\u00e9 Festivit\u00e9. Elle \u00e9tait alors devenue la femme la plus \u00ab\u00a0shazam\u00e9e\u00a0\u00bb du monde. Une exposition m\u00e9diatique qui lui a des attaques \u00e0 caract\u00e8re lesbophobe et grossophobe ainsi que des menaces de mort.<\/p>\n<p>Ce contenu est bloqu\u00e9 car vous n&rsquo;avez pas accept\u00e9 les cookies et autres traceurs.<\/p>\n<p>En cliquant sur \u00ab J\u2019accepte \u00bb, les cookies et autres traceurs seront d\u00e9pos\u00e9s et vous pourrez visualiser les contenus  (<a href=\"\" class=\"consentModule_policy\" target=\"_blank\" title=\"Consulter la politique de protection des donn\u00e9es du fournisseur\">plus d&rsquo;informations<\/a>).<\/p>\n<p>En cliquant sur \u00ab J\u2019accepte tous les cookies \u00bb, vous autorisez des d\u00e9p\u00f4ts de cookies et autres traceurs pour le stockage de vos donn\u00e9es sur nos sites et applications \u00e0 des fins de personnalisation et de ciblage publicitaire.<\/p>\n<p class=\"consentModule_secondaryText\">Vous gardez la possibilit\u00e9 de retirer votre consentement \u00e0 tout moment en consultant notre <a href=\"https:\/\/www.estrepublicain.fr\/protection-des-donnees\" target=\"_blank\" title=\"Consulter notre politique de protection des donn\u00e9es\" rel=\"noopener\">politique de protection des donn\u00e9es<\/a>. <br \/>&#13;<br \/>\n            <a href=\"https:\/\/www.estrepublicain.fr\/culture-loisirs\/2025\/06\/06\/javascript:Didomi.notice.show()\" class=\"consentModule_cmp\" target=\"_blank\" rel=\"noopener\">G\u00e9rer mes choix<\/a>&#13;\n        <\/p>\n<p>&#13;<br \/>\n                        J&rsquo;accepte&#13;<br \/>\n            J&rsquo;accepte tous les cookies&#13;\n        <\/p>\n<p>T\u00eate d\u2019affiche de l\u2019After Pride cette ann\u00e9e, elle prendra les platines vers minuit \u00e0 l\u2019Autre Canal, aux c\u00f4t\u00e9s de plusieurs artistes issus de la sc\u00e8ne queer nationale.<\/p>\n<p>Avant cela la journ\u00e9e s\u2019organisera autour du village associatif, install\u00e9 place de la Carri\u00e8re, suivi de la marche des fiert\u00e9s qui d\u00e9butera aux alentours de 15\u00a0h\u00a030, aussi de la place Carri\u00e8re.<\/p>\n<p class=\"note\">Retrouvez tout le programme de la Pride de Nancy <a href=\"https:\/\/www.estrepublicain.fr\/societe\/2025\/06\/05\/parcours-animations-tout-ce-qu-il-faut-savoir-sur-la-pride-2025-a-nancy-et-metz?at_content=link&amp;at_term=LEstRepublicainNancy&amp;at_campaign=Facebook&amp;at_medium=Social&amp;at_source=nonli\" target=\"_blank\" rel=\"noopener\">ici.<\/a><\/p>\n","protected":false},"excerpt":{"rendered":"DJ Barbara Butch participera \u00e0 la Pride de Nancy samedi 7\u00a0juin. Figure embl\u00e9matique des sc\u00e8nes \u00e9lectro et du&hellip;\n","protected":false},"author":2,"featured_media":156418,"comment_status":"","ping_status":"","sticky":false,"template":"","format":"standard","meta":{"footnotes":""},"categories":[9635],"tags":[1111,11,1687,6084,1704,1777,674,3326,1011,27,775,873,1702,1703,12,4043,25,104,953,3140,1631],"class_list":{"0":"post-156417","1":"post","2":"type-post","3":"status-publish","4":"format-standard","5":"has-post-thumbnail","7":"category-nancy","8":"tag-actu","9":"tag-actualites","10":"tag-culture-loisirs","11":"tag-droit","12":"tag-edition-nancy-et-agglomeration","13":"tag-eu","14":"tag-europe","15":"tag-fete-locale","16":"tag-fr","17":"tag-france","18":"tag-grand-est","19":"tag-musique","20":"tag-nancy","21":"tag-nancy-ville-54b","22":"tag-news","23":"tag-repas-et-the-dansant","24":"tag-republique-francaise","25":"tag-societe","26":"tag-soiree","27":"tag-spectacle","28":"tag-vie-associative"},"share_on_mastodon":{"url":"https:\/\/pubeurope.com\/@fr\/114636262234959352","error":""},"_links":{"self":[{"href":"https:\/\/www.europesays.com\/fr\/wp-json\/wp\/v2\/posts\/156417","targetHints":{"allow":["GET"]}}],"collection":[{"href":"https:\/\/www.europesays.com\/fr\/wp-json\/wp\/v2\/posts"}],"about":[{"href":"https:\/\/www.europesays.com\/fr\/wp-json\/wp\/v2\/types\/post"}],"author":[{"embeddable":true,"href":"https:\/\/www.europesays.com\/fr\/wp-json\/wp\/v2\/users\/2"}],"replies":[{"embeddable":true,"href":"https:\/\/www.europesays.com\/fr\/wp-json\/wp\/v2\/comments?post=156417"}],"version-history":[{"count":0,"href":"https:\/\/www.europesays.com\/fr\/wp-json\/wp\/v2\/posts\/156417\/revisions"}],"wp:featuredmedia":[{"embeddable":true,"href":"https:\/\/www.europesays.com\/fr\/wp-json\/wp\/v2\/media\/156418"}],"wp:attachment":[{"href":"https:\/\/www.europesays.com\/fr\/wp-json\/wp\/v2\/media?parent=156417"}],"wp:term":[{"taxonomy":"category","embeddable":true,"href":"https:\/\/www.europesays.com\/fr\/wp-json\/wp\/v2\/categories?post=156417"},{"taxonomy":"post_tag","embeddable":true,"href":"https:\/\/www.europesays.com\/fr\/wp-json\/wp\/v2\/tags?post=156417"}],"curies":[{"name":"wp","href":"https:\/\/api.w.org\/{rel}","templated":true}]}}