{"id":156419,"date":"2025-06-06T11:48:10","date_gmt":"2025-06-06T11:48:10","guid":{"rendered":"https:\/\/www.europesays.com\/fr\/156419\/"},"modified":"2025-06-06T11:48:10","modified_gmt":"2025-06-06T11:48:10","slug":"aurore-berge-reagit-au-blocage-de-pornhub-et-youporn-en-france","status":"publish","type":"post","link":"https:\/\/www.europesays.com\/fr\/156419\/","title":{"rendered":"Aurore Berg\u00e9 r\u00e9agit au blocage de Pornhub et YouPorn en France"},"content":{"rendered":"<p>            Par<br \/>\n        <strong><br \/>\n            <a href=\"https:\/\/actu.fr\/auteur\/pierre-emile-bouchy-actu-fr\" title=\"Consulter tous les articles de Paul-Emile Bouchy\" target=\"_blank\" rel=\"noopener\">Paul-Emile Bouchy<\/a><br \/>\n        <\/strong><\/p>\n<p>        Publi\u00e9 le<\/p>\n<p>            6 juin 2025 \u00e0 13h10        <\/p>\n<p>Jeudi 5\u00a0juin, <a href=\"https:\/\/actu.fr\/tag\/aurore-berge\" target=\"_blank\" rel=\"noopener\">Aurore Berg\u00e9<\/a>, ministre de l\u2019\u00c9galit\u00e9 entre les femmes et les hommes et de la lutte contre les discriminations, \u00e9tait en d\u00e9placement \u00e0 Nancy (Meurthe-et-Moselle). Elle a notamment visit\u00e9 <a href=\"https:\/\/actu.fr\/grand-est\/nancy_54395\/violences-sexuelles-c-est-quoi-la-maison-de-la-resilience-qui-a-ouvert-a-nancy_62611340.html\" target=\"_blank\" rel=\"noopener\">la Maison de la R\u00e9silience<\/a> et <a href=\"https:\/\/actu.fr\/grand-est\/nancy_54395\/violences-sexuelles-en-visite-a-nancy-aurore-berge-lance-un-nouveau-dispositif-pour-aider-les-victimes_62736231.html\" target=\"_blank\" rel=\"noopener\">lanc\u00e9 un dispositif<\/a> permettant aux victimes de violences sexuelles de <strong>porter plainte directement depuis l\u2019h\u00f4pital<\/strong>.<\/p>\n<p class=\" wall-content\">Interrog\u00e9e par\u00a0Lorraine Actu, la ministre a r\u00e9agi \u00e0 la d\u00e9cision des sites pornographiques, dont <a href=\"https:\/\/actu.fr\/societe\/pornhub-youporn-et-redtube-pourquoi-ces-sites-pornos-sont-inaccessibles-ce-mercredi_62727314.html\" target=\"_blank\" rel=\"noopener\">Pornhub et YouPorn<\/a>, de bloquer leur acc\u00e8s en France pour protester contre l\u2019obligation de <a href=\"https:\/\/actu.fr\/societe\/les-sites-porno-pornhub-et-youporn-vont-vraiment-avoir-l-obligation-de-verifier-l-age-des-utilisateurs_62341077.html\" target=\"_blank\" rel=\"noopener\">v\u00e9rification de l\u2019\u00e2ge des utilisateurs<\/a>.<\/p>\n<p>Un cadre l\u00e9gal auquel ces sites pornos refusent de se soumettre<\/p>\n<p class=\" wall-content\">Apr\u00e8s avoir d\u00e9clar\u00e9 que \u00ab\u2009ce n\u2019est pas la France qui a d\u00e9cid\u00e9 de bloquer\u2009\u00bb ces sites pornos, Aurore Berg\u00e9 a rappel\u00e9 la nouvelle loi\u2009: \u00ab\u2009On l\u2019a fait changer pour dire aux sites\u2009: \u00ab\u00a0Vous avez le droit d\u2019exister. Par contre,<strong> il y a un cadre l\u00e9gal qui fait que vous devez garantir que les mineurs n\u2019y ont pas acc\u00e8s<\/strong>. Pour \u00e7a, ce n\u2019est pas juste une case \u00e0 cocher\u2009: vous allez v\u00e9rifier avec une pi\u00e8ce d\u2019identit\u00e9, un selfie, une empreinte bancaire\u00a0\u00bb. Quand on fait un achat sur internet, on v\u00e9rifie notre identit\u00e9 et ce n\u2019est pas attentatoire \u00e0 notre vie priv\u00e9e.\u2009\u00bb<\/p>\n<p class=\" wall-content\">Pour elle, <strong>ces sites \u00ab\u2009n\u2019ont pas eu envie de v\u00e9rifier<\/strong>, alors qu\u2019il y a les solutions techniques, parce qu\u2019ils savent qu\u2019il y a <strong>des millions et des millions de connexions chaque mois qui sont dues aux mineurs<\/strong>, que nos enfants aujourd\u2019hui consomment ces sites-l\u00e0\u2009\u00bb.<\/p>\n<blockquote class=\"ac-article-quote wall-content\">\n<p>Moi, j&rsquo;ai pris la parole imm\u00e9diatement quand ils ont d\u00e9cid\u00e9 de partir en disant : \u00ab\u00a0au revoir\u00a0\u00bb. \u00c0 titre personnel, je ne les regretterai pas.<\/p>\n<p>    <strong>Aurore Berg\u00e9<\/strong><br \/>\n        Ministre de l\u2019\u00c9galit\u00e9 entre les femmes et les hommes et de la lutte contre les discriminations    <\/p><\/blockquote>\n<p>Vid\u00e9os : en ce moment sur Actu\u00ab\u2009Je ne suis pas l\u00e0 pour faire la morale\u2009\u00bb<\/p>\n<p class=\" wall-content\">Pour la ministre, interdire l\u2019acc\u00e8s aux contenus pornographiques aux mineurs est essentiel. \u00ab<strong>\u2009On n\u2019a pas le m\u00eame recul quand on a, comme moi, 38\u00a0ans et quand on en a 12, qui est l\u2019\u00e2ge moyen auquel les jeunes gar\u00e7ons consomment des sites pornographiques<\/strong>. On voit bien l\u2019impact que \u00e7a a sur les questions d\u2019\u00e9galit\u00e9 entre les femmes et les hommes, sur la question des violences, sur le fait qu\u2019on consid\u00e8re que la sexualit\u00e9 n\u2019est que de la domination, de la violence\u2009\u00bb, ajoute Aurore Berg\u00e9.<\/p>\n<p class=\" wall-content\">\u00ab\u2009J\u2019entends certains dire que je suis une nouvelle dame patronnesse. Ce n\u2019est pas le sujet en fait. Je ne suis pas l\u00e0 pour faire la morale, pour dire aux gens ce qu\u2019ils ont le droit de regarder ou pas. <strong>Par contre, pour nos enfants, je n\u2019ai aucun doute que c\u2019est notre responsabilit\u00e9 de les prot\u00e9ger<\/strong>\u2009\u00bb, conclut-elle.<\/p>\n<p class=\" wall-content\">Suivez toute l\u2019actualit\u00e9 de vos villes et m\u00e9dias favoris en vous inscrivant \u00e0 <a href=\"https:\/\/moncompte.actu.fr\" title=\"D\u00e9couvez Mon Actu\" rel=\"nofollow noopener\" data-trk=\"{&quot;cta&quot;:{&quot;action&quot;:&quot;https:\\\/\\\/moncompte.actu.fr&quot;,&quot;category&quot;:&quot;mon compte&quot;,&quot;from&quot;:&quot;article footer&quot;,&quot;name&quot;:&quot;Mon actu&quot;,&quot;type&quot;:&quot;cta&quot;}}\" target=\"_blank\">Mon Actu<\/a>.<\/p>\n","protected":false},"excerpt":{"rendered":"Par Paul-Emile Bouchy Publi\u00e9 le 6 juin 2025 \u00e0 13h10 Jeudi 5\u00a0juin, Aurore Berg\u00e9, ministre de l\u2019\u00c9galit\u00e9 entre&hellip;\n","protected":false},"author":2,"featured_media":156420,"comment_status":"","ping_status":"","sticky":false,"template":"","format":"standard","meta":{"footnotes":""},"categories":[9635],"tags":[1111,11,9573,1777,674,1011,27,775,1702,12,25,104],"class_list":{"0":"post-156419","1":"post","2":"type-post","3":"status-publish","4":"format-standard","5":"has-post-thumbnail","7":"category-nancy","8":"tag-actu","9":"tag-actualites","10":"tag-aurore-berge","11":"tag-eu","12":"tag-europe","13":"tag-fr","14":"tag-france","15":"tag-grand-est","16":"tag-nancy","17":"tag-news","18":"tag-republique-francaise","19":"tag-societe"},"share_on_mastodon":{"url":"https:\/\/pubeurope.com\/@fr\/114636266128143824","error":""},"_links":{"self":[{"href":"https:\/\/www.europesays.com\/fr\/wp-json\/wp\/v2\/posts\/156419","targetHints":{"allow":["GET"]}}],"collection":[{"href":"https:\/\/www.europesays.com\/fr\/wp-json\/wp\/v2\/posts"}],"about":[{"href":"https:\/\/www.europesays.com\/fr\/wp-json\/wp\/v2\/types\/post"}],"author":[{"embeddable":true,"href":"https:\/\/www.europesays.com\/fr\/wp-json\/wp\/v2\/users\/2"}],"replies":[{"embeddable":true,"href":"https:\/\/www.europesays.com\/fr\/wp-json\/wp\/v2\/comments?post=156419"}],"version-history":[{"count":0,"href":"https:\/\/www.europesays.com\/fr\/wp-json\/wp\/v2\/posts\/156419\/revisions"}],"wp:featuredmedia":[{"embeddable":true,"href":"https:\/\/www.europesays.com\/fr\/wp-json\/wp\/v2\/media\/156420"}],"wp:attachment":[{"href":"https:\/\/www.europesays.com\/fr\/wp-json\/wp\/v2\/media?parent=156419"}],"wp:term":[{"taxonomy":"category","embeddable":true,"href":"https:\/\/www.europesays.com\/fr\/wp-json\/wp\/v2\/categories?post=156419"},{"taxonomy":"post_tag","embeddable":true,"href":"https:\/\/www.europesays.com\/fr\/wp-json\/wp\/v2\/tags?post=156419"}],"curies":[{"name":"wp","href":"https:\/\/api.w.org\/{rel}","templated":true}]}}