{"id":156425,"date":"2025-06-06T11:51:08","date_gmt":"2025-06-06T11:51:08","guid":{"rendered":"https:\/\/www.europesays.com\/fr\/156425\/"},"modified":"2025-06-06T11:51:08","modified_gmt":"2025-06-06T11:51:08","slug":"infractions-repetees-deux-commerces-contraints-de-fermer-lun-pour-trois-mois","status":"publish","type":"post","link":"https:\/\/www.europesays.com\/fr\/156425\/","title":{"rendered":"infractions r\u00e9p\u00e9t\u00e9es, deux commerces contraints de fermer, l&rsquo;un pour trois mois"},"content":{"rendered":"<p>            Par<br \/>\n        <strong><br \/>\n            <a href=\"https:\/\/actu.fr\/auteur\/metropoop\" title=\"Consulter tous les articles de R\u00e9daction M\u00e9tropolitain\" rel=\"nofollow noopener\" target=\"_blank\">R\u00e9daction M\u00e9tropolitain<\/a><br \/>\n        <\/strong><\/p>\n<p>        Publi\u00e9 le<\/p>\n<p>            6 juin 2025 \u00e0 12h55        <\/p>\n<p>Le <strong>pr\u00e9fet de l\u2019H\u00e9rault<\/strong> a ordonn\u00e9 une fermeture administrative de <strong>trois mois<\/strong> contre le Dark Lounge, un bar \u00e0 chicha situ\u00e9 rue Fr\u00e9d\u00e9ric Mistral, \u00e0<strong> Montpellier<\/strong>. La d\u00e9cision n\u2019est pas tomb\u00e9e par hasard. Plusieurs manquements graves ont \u00e9t\u00e9 constat\u00e9s dans cet \u00e9tablissement.<\/p>\n<p>    <a href=\"https:\/\/www.google.com\/maps\/embed?pb=!1m18!1m12!1m3!1d2889.1972251011075!2d3.8781389762000447!3d43.60243497110461!2m3!1f0!2f0!3f0!3m2!1i1024!2i768!4f13.1!3m3!1m2!1s0x12b6affcafa5d6c9%3A0xa1ee639853f9aaac!2sLe%20dark!5e0!3m2!1sen!2sfr!4v1749193993925!5m2!1sen!2sfr\" title=\"Ouvrie le lien\" rel=\"nofollow noopener\" target=\"_blank\">Cliquez ici pour visualiser le contenu<\/a><\/p>\n<p class=\" wall-content\">Lors d\u2019un contr\u00f4le, les agents ont d\u00e9couvert une d\u00e9tention frauduleuse de tabac destin\u00e9 \u00e0 la revente. Aucune autorisation en bonne et due forme ne couvrait cette activit\u00e9. Le g\u00e9rant ne s\u2019\u00e9tait pas non plus acquitt\u00e9 des droits li\u00e9s \u00e0 la diffusion musicale. La Sacem n\u2019avait re\u00e7u aucune d\u00e9claration. Autre point noir : des clients fumaient en dehors de l\u2019espace r\u00e9serv\u00e9 \u00e0 cet effet, le fumoir. Enfin, des tables de jeux \u00e9taient install\u00e9es, en violation de la r\u00e9glementation.<\/p>\n<p>Une \u00e9picerie r\u00e9cidiviste sanctionn\u00e9e \u00e0 son tour<\/p>\n<p class=\" wall-content\">La deuxi\u00e8me fermeture vise une \u00e9picerie de quartier : Mini Market la Rose du Sud. Elle se trouve rue de l\u2019Industrie, dans le quartier des Pr\u00e8s d\u2019Ar\u00e8nes, toujours \u00e0 Montpellier. Cette fois, le motif est diff\u00e9rent, mais tout aussi s\u00e9rieux. L\u2019\u00e9tablissement a r\u00e9cidiv\u00e9 en ne respectant pas les horaires d\u2019ouverture l\u00e9gaux. Ce comportement avait d\u00e9j\u00e0 valu un avertissement au g\u00e9rant. Mais les pratiques n\u2019ont pas chang\u00e9. R\u00e9sultat : une sanction administrative de <strong>21 jours<\/strong>. Pendant cette p\u00e9riode, la boutique devra rester ferm\u00e9e.<\/p>\n<p class=\" wall-content\">Suivez toute l\u2019actualit\u00e9 de vos villes et m\u00e9dias favoris en vous inscrivant \u00e0 <a href=\"https:\/\/moncompte.actu.fr\" title=\"D\u00e9couvez Mon Actu\" rel=\"nofollow noopener\" data-trk=\"{&quot;cta&quot;:{&quot;action&quot;:&quot;https:\\\/\\\/moncompte.actu.fr&quot;,&quot;category&quot;:&quot;mon compte&quot;,&quot;from&quot;:&quot;article footer&quot;,&quot;name&quot;:&quot;Mon actu&quot;,&quot;type&quot;:&quot;cta&quot;}}\" target=\"_blank\">Mon Actu<\/a>.<\/p>\n","protected":false},"excerpt":{"rendered":"Par R\u00e9daction M\u00e9tropolitain Publi\u00e9 le 6 juin 2025 \u00e0 12h55 Le pr\u00e9fet de l\u2019H\u00e9rault a ordonn\u00e9 une fermeture&hellip;\n","protected":false},"author":2,"featured_media":156426,"comment_status":"","ping_status":"","sticky":false,"template":"","format":"standard","meta":{"footnotes":""},"categories":[9599],"tags":[1111,11,1261,1777,674,118,1011,27,2208,873,12,2680,25,6582],"class_list":{"0":"post-156425","1":"post","2":"type-post","3":"status-publish","4":"format-standard","5":"has-post-thumbnail","7":"category-montpellier","8":"tag-actu","9":"tag-actualites","10":"tag-argent","11":"tag-eu","12":"tag-europe","13":"tag-faits-divers","14":"tag-fr","15":"tag-france","16":"tag-montpellier","17":"tag-musique","18":"tag-news","19":"tag-occitanie","20":"tag-republique-francaise","21":"tag-tabac"},"share_on_mastodon":{"url":"https:\/\/pubeurope.com\/@fr\/114636277910512478","error":""},"_links":{"self":[{"href":"https:\/\/www.europesays.com\/fr\/wp-json\/wp\/v2\/posts\/156425","targetHints":{"allow":["GET"]}}],"collection":[{"href":"https:\/\/www.europesays.com\/fr\/wp-json\/wp\/v2\/posts"}],"about":[{"href":"https:\/\/www.europesays.com\/fr\/wp-json\/wp\/v2\/types\/post"}],"author":[{"embeddable":true,"href":"https:\/\/www.europesays.com\/fr\/wp-json\/wp\/v2\/users\/2"}],"replies":[{"embeddable":true,"href":"https:\/\/www.europesays.com\/fr\/wp-json\/wp\/v2\/comments?post=156425"}],"version-history":[{"count":0,"href":"https:\/\/www.europesays.com\/fr\/wp-json\/wp\/v2\/posts\/156425\/revisions"}],"wp:featuredmedia":[{"embeddable":true,"href":"https:\/\/www.europesays.com\/fr\/wp-json\/wp\/v2\/media\/156426"}],"wp:attachment":[{"href":"https:\/\/www.europesays.com\/fr\/wp-json\/wp\/v2\/media?parent=156425"}],"wp:term":[{"taxonomy":"category","embeddable":true,"href":"https:\/\/www.europesays.com\/fr\/wp-json\/wp\/v2\/categories?post=156425"},{"taxonomy":"post_tag","embeddable":true,"href":"https:\/\/www.europesays.com\/fr\/wp-json\/wp\/v2\/tags?post=156425"}],"curies":[{"name":"wp","href":"https:\/\/api.w.org\/{rel}","templated":true}]}}