{"id":156429,"date":"2025-06-06T11:53:10","date_gmt":"2025-06-06T11:53:10","guid":{"rendered":"https:\/\/www.europesays.com\/fr\/156429\/"},"modified":"2025-06-06T11:53:10","modified_gmt":"2025-06-06T11:53:10","slug":"il-est-adorable-alexandr-15-ans-volatilise-sur-le-chemin-de-son-entrainement-de-jiu-jitsu-a-rouen","status":"publish","type":"post","link":"https:\/\/www.europesays.com\/fr\/156429\/","title":{"rendered":"\u00ab\u00a0Il est adorable\u00a0\u00bb\u00a0: Alexandr, 15\u00a0ans, volatilis\u00e9 sur le chemin de son entra\u00eenement de Jiu-Jitsu \u00e0 Rouen"},"content":{"rendered":"<p class=\"paragraph text_align_left\">\u00ab Alexandr, c\u2019est l\u2019un de mes partenaires de JJB (Jiu-Jitsu Br\u00e9silien) pr\u00e9f\u00e9r\u00e9. \u00bb Le jeune Alexandr Grechanovsky, 15 ans, s\u2019est volatilis\u00e9 lundi sur le chemin de sa s\u00e9ance de jujitsu br\u00e9silien, dans le centre-ville de Rouen (Seine-Maritime). L\u2019adolescent fait l\u2019objet d\u2019un appel \u00e0 t\u00e9moins de la police, relay\u00e9 par ses amis du club de sport.<\/p>\n<p class=\"paragraph text_align_left\">Selon la police, lundi, avec son sac de sport, Alexandr se rend \u00e0 son club, situ\u00e9 rue d\u2019Elbeuf, dans le quartier Saint-Sever, sur la rive gauche de Rouen. Il n\u2019y est jamais arriv\u00e9. \u00ab Il a disparu depuis lundi, alors qu\u2019il nous rejoignait au club, confirme l\u2019une de ses amies sur Facebook. Il a 15 ans, il est adorable \u00bb. \u00ab Un p\u2019tit jeune de chez nous \u00bb, lance affectueusement son club de jujitsu en publiant l\u2019appel \u00e0 t\u00e9moins.<\/p>\n<p><img decoding=\"async\" class=\"image \" loading=\"lazy\" src=\"https:\/\/www.europesays.com\/fr\/wp-content\/uploads\/2025\/06\/NS3BAVEJUJARZAC7KI33OTWXPE.jpg\" alt=\"Le jeune homme a disparu sur le chemin de son club de sport.\" align=\"\" data-rubrique-principale=\"\" data-article-type=\"\" fetchpriority=\"auto\"\/>Le jeune homme a disparu sur le chemin de son club de sport.<\/p>\n<p class=\"paragraph text_align_left\">La derni\u00e8re fois qu\u2019il a \u00e9t\u00e9 vu, l\u2019adolescent portait un bas de jogging gris, un tee-shirt blanc avec une inscription bleue au niveau du torse, des baskets de marque New Balance bleues et blanches. Alexandr mesure 1,70 m, a les yeux marron et ses cheveux sont mi-longs, raides et blonds, selon la police. Les t\u00e9moins peuvent contacter le commissariat de Rouen au 02.31.81.25.00.<\/p>\n","protected":false},"excerpt":{"rendered":"\u00ab Alexandr, c\u2019est l\u2019un de mes partenaires de JJB (Jiu-Jitsu Br\u00e9silien) pr\u00e9f\u00e9r\u00e9. \u00bb Le jeune Alexandr Grechanovsky, 15&hellip;\n","protected":false},"author":2,"featured_media":156430,"comment_status":"","ping_status":"","sticky":false,"template":"","format":"standard","meta":{"footnotes":""},"categories":[9587],"tags":[1111,11,459,1777,674,118,1011,27,12,5161,25,9590],"class_list":{"0":"post-156429","1":"post","2":"type-post","3":"status-publish","4":"format-standard","5":"has-post-thumbnail","7":"category-rouen","8":"tag-actu","9":"tag-actualites","10":"tag-departements-horsidfo","11":"tag-eu","12":"tag-europe","13":"tag-faits-divers","14":"tag-fr","15":"tag-france","16":"tag-news","17":"tag-normandie","18":"tag-republique-francaise","19":"tag-rouen"},"share_on_mastodon":{"url":"https:\/\/pubeurope.com\/@fr\/114636285790756739","error":""},"_links":{"self":[{"href":"https:\/\/www.europesays.com\/fr\/wp-json\/wp\/v2\/posts\/156429","targetHints":{"allow":["GET"]}}],"collection":[{"href":"https:\/\/www.europesays.com\/fr\/wp-json\/wp\/v2\/posts"}],"about":[{"href":"https:\/\/www.europesays.com\/fr\/wp-json\/wp\/v2\/types\/post"}],"author":[{"embeddable":true,"href":"https:\/\/www.europesays.com\/fr\/wp-json\/wp\/v2\/users\/2"}],"replies":[{"embeddable":true,"href":"https:\/\/www.europesays.com\/fr\/wp-json\/wp\/v2\/comments?post=156429"}],"version-history":[{"count":0,"href":"https:\/\/www.europesays.com\/fr\/wp-json\/wp\/v2\/posts\/156429\/revisions"}],"wp:featuredmedia":[{"embeddable":true,"href":"https:\/\/www.europesays.com\/fr\/wp-json\/wp\/v2\/media\/156430"}],"wp:attachment":[{"href":"https:\/\/www.europesays.com\/fr\/wp-json\/wp\/v2\/media?parent=156429"}],"wp:term":[{"taxonomy":"category","embeddable":true,"href":"https:\/\/www.europesays.com\/fr\/wp-json\/wp\/v2\/categories?post=156429"},{"taxonomy":"post_tag","embeddable":true,"href":"https:\/\/www.europesays.com\/fr\/wp-json\/wp\/v2\/tags?post=156429"}],"curies":[{"name":"wp","href":"https:\/\/api.w.org\/{rel}","templated":true}]}}