{"id":156435,"date":"2025-06-06T11:57:08","date_gmt":"2025-06-06T11:57:08","guid":{"rendered":"https:\/\/www.europesays.com\/fr\/156435\/"},"modified":"2025-06-06T11:57:08","modified_gmt":"2025-06-06T11:57:08","slug":"voici-a-partir-de-quand-il-ne-sera-plus-possible-dy-stationner","status":"publish","type":"post","link":"https:\/\/www.europesays.com\/fr\/156435\/","title":{"rendered":"voici \u00e0 partir de quand il ne sera plus possible d&rsquo;y stationner"},"content":{"rendered":"<p>            Par<br \/>\n        <strong><br \/>\n            <a href=\"https:\/\/actu.fr\/auteur\/redaction-rennes\" title=\"Consulter tous les articles de R\u00e9daction Rennes\" rel=\"nofollow noopener\" target=\"_blank\">R\u00e9daction Rennes<\/a><br \/>\n        <\/strong><\/p>\n<p>        Publi\u00e9 le<\/p>\n<p>            6 juin 2025 \u00e0 13h17        <\/p>\n<p>Projet phare du second mandat de <a href=\"https:\/\/actu.fr\/tag\/nathalie-appere\" rel=\"nofollow noopener\" target=\"_blank\">Nathalie App\u00e9r\u00e9<\/a> \u00e0 la t\u00eate de la capitale bretonne. Les <a href=\"https:\/\/actu.fr\/bretagne\/rennes_35238\/photos-rennes-voici-a-quoi-va-ressembler-republique-une-fois-le-parking-vilaine-supprime_60719407.html\" rel=\"nofollow noopener\" target=\"_blank\">premi\u00e8res esquisses du nouveau visage du quartier R\u00e9publique<\/a> \u00e0 Rennes ont \u00e9t\u00e9 d\u00e9voil\u00e9es en f\u00e9vrier\u00a02024. Changement majeur\u2009: la <strong>d\u00e9couverte de la Vilaine<\/strong> et la <strong>suppression du parking<\/strong> du m\u00eame nom. Ce vendredi 6\u00a0juin 2025, Nathalie App\u00e9r\u00e9, maire de Rennes, et son 1er adjoint, d\u00e9l\u00e9gu\u00e9 \u00e0 l\u2019urbanisme, Marc Herv\u00e9, ont apport\u00e9 des pr\u00e9cisions sur le <strong>calendrier des travaux<\/strong> et notamment la <strong>date de la fermeture d\u00e9finitive du parking.<\/strong><\/p>\n<p>Accessible \u00ab\u2009jusqu\u2019\u00e0 la fin de l\u2019\u00e9t\u00e9\u2009\u00bb<\/p>\n<p class=\" wall-content\">Lors du conseil municipal du 2\u00a0d\u00e9cembre 2024, Marc Herv\u00e9 avait d\u00e9voil\u00e9 des<strong> images plus pr\u00e9cises\u00a0du projet.<\/strong> Il avait alors annonc\u00e9 qu\u2019<a href=\"https:\/\/actu.fr\/bretagne\/rennes_35238\/passerelle-pontons-jardins-flottants-le-nouveau-visage-de-rennes-sans-le-parking-vilaine-se-precise_61945770.html\" rel=\"nofollow noopener\" target=\"_blank\">une passerelle, des pontons et des jardins flottants prendraient la place de la dalle de b\u00e9ton du parking Vilaine<\/a>.<\/p>\n<p class=\" wall-content\">Le premier adjoint \u00e0 la Ville avait \u00e9galement indiqu\u00e9 que le parking resterait <strong>accessible \u00ab\u2009jusqu\u2019\u00e0 la fin de l\u2019\u00e9t\u00e9 2025\u2009\u00bb,<\/strong> la d\u00e9construction de la dalle \u00e9tant pr\u00e9vue pour \u00ab\u2009septembre\u00a02025\u2009\u00bb.<\/p>\n<p class=\" wall-content\">Une <strong>annonce confirm\u00e9e<\/strong> ce vendredi 6\u00a0juin 2025 par la maire de Rennes lors d\u2019une visite presse sous la dalle du parking afin de recontextualiser cette d\u00e9cision et expliquer la mani\u00e8re dont le parking allait \u00eatre d\u00e9truit.<\/p>\n<p>Huit mois pour red\u00e9couvrir la Vilaine<\/p>\n<p class=\" wall-content\">Le <strong>dimanche 31\u00a0ao\u00fbt,<\/strong> le parking fermera d\u00e9finitivement. <strong>En\u00a0septembre,<\/strong> commencera <strong>l\u2019installation du chantier<\/strong> avec la mise en place de cl\u00f4tures autour du parking. Barri\u00e8res, bornes de paiement, kiosque sanitaire seront retir\u00e9s. Les arbres contenus dans des bacs seront d\u00e9plac\u00e9s.<\/p>\n<p class=\" wall-content\">En octobre\u00a02025, enfin, la <strong>destruction<\/strong> effective de la dalle du parking aura lieu pour une <strong>dur\u00e9e estim\u00e9e de huit mois<\/strong>. S\u2019ensuivront d\u2019autres travaux pour restructurer l\u2019ensemble du quartier. In fine, l\u2019ensemble des chantiers devraient \u00eatre <strong>termin\u00e9s \u00e0 l\u2019horizon 2028<\/strong>.<\/p>\n<p class=\" wall-content\"><strong>Brian Le Goff et Cl\u00e9mence Pays<\/strong><\/p>\n<p class=\" wall-content\">Suivez toute l\u2019actualit\u00e9 de vos villes et m\u00e9dias favoris en vous inscrivant \u00e0 <a href=\"https:\/\/moncompte.actu.fr\" title=\"D\u00e9couvez Mon Actu\" rel=\"nofollow noopener\" data-trk=\"{&quot;cta&quot;:{&quot;action&quot;:&quot;https:\\\/\\\/moncompte.actu.fr&quot;,&quot;category&quot;:&quot;mon compte&quot;,&quot;from&quot;:&quot;article footer&quot;,&quot;name&quot;:&quot;Mon actu&quot;,&quot;type&quot;:&quot;cta&quot;}}\" target=\"_blank\">Mon Actu<\/a>.<\/p>\n","protected":false},"excerpt":{"rendered":"Par R\u00e9daction Rennes Publi\u00e9 le 6 juin 2025 \u00e0 13h17 Projet phare du second mandat de Nathalie App\u00e9r\u00e9&hellip;\n","protected":false},"author":2,"featured_media":156436,"comment_status":"","ping_status":"","sticky":false,"template":"","format":"standard","meta":{"footnotes":""},"categories":[2821],"tags":[1111,11,829,1777,674,1011,27,12,584,25,104,2086,1352,7009],"class_list":{"0":"post-156435","1":"post","2":"type-post","3":"status-publish","4":"format-standard","5":"has-post-thumbnail","7":"category-rennes","8":"tag-actu","9":"tag-actualites","10":"tag-bretagne","11":"tag-eu","12":"tag-europe","13":"tag-fr","14":"tag-france","15":"tag-news","16":"tag-rennes","17":"tag-republique-francaise","18":"tag-societe","19":"tag-travaux","20":"tag-urbanisme","21":"tag-vilaine"},"share_on_mastodon":{"url":"https:\/\/pubeurope.com\/@fr\/114636301491456671","error":""},"_links":{"self":[{"href":"https:\/\/www.europesays.com\/fr\/wp-json\/wp\/v2\/posts\/156435","targetHints":{"allow":["GET"]}}],"collection":[{"href":"https:\/\/www.europesays.com\/fr\/wp-json\/wp\/v2\/posts"}],"about":[{"href":"https:\/\/www.europesays.com\/fr\/wp-json\/wp\/v2\/types\/post"}],"author":[{"embeddable":true,"href":"https:\/\/www.europesays.com\/fr\/wp-json\/wp\/v2\/users\/2"}],"replies":[{"embeddable":true,"href":"https:\/\/www.europesays.com\/fr\/wp-json\/wp\/v2\/comments?post=156435"}],"version-history":[{"count":0,"href":"https:\/\/www.europesays.com\/fr\/wp-json\/wp\/v2\/posts\/156435\/revisions"}],"wp:featuredmedia":[{"embeddable":true,"href":"https:\/\/www.europesays.com\/fr\/wp-json\/wp\/v2\/media\/156436"}],"wp:attachment":[{"href":"https:\/\/www.europesays.com\/fr\/wp-json\/wp\/v2\/media?parent=156435"}],"wp:term":[{"taxonomy":"category","embeddable":true,"href":"https:\/\/www.europesays.com\/fr\/wp-json\/wp\/v2\/categories?post=156435"},{"taxonomy":"post_tag","embeddable":true,"href":"https:\/\/www.europesays.com\/fr\/wp-json\/wp\/v2\/tags?post=156435"}],"curies":[{"name":"wp","href":"https:\/\/api.w.org\/{rel}","templated":true}]}}