{"id":156439,"date":"2025-06-06T11:59:11","date_gmt":"2025-06-06T11:59:11","guid":{"rendered":"https:\/\/www.europesays.com\/fr\/156439\/"},"modified":"2025-06-06T11:59:11","modified_gmt":"2025-06-06T11:59:11","slug":"toute-lactu-top-music-strasbourg-est-la-8eme-meilleure-ville-etudiante-de-france","status":"publish","type":"post","link":"https:\/\/www.europesays.com\/fr\/156439\/","title":{"rendered":"Toute l&rsquo;actu Top Music &#8211; Strasbourg est la 8\u00e8me meilleure ville \u00e9tudiante de France"},"content":{"rendered":"<p><img decoding=\"async\" class=\"\" style=\"width:100%\" src=\"https:\/\/www.europesays.com\/fr\/wp-content\/uploads\/2025\/06\/438118355_829370942565231_4170482060206218320_n1720009074355.jpg\" alt=\"Strasbourg doit faire des progr\u00e8s sur son offre de logement.\"\/><\/p>\n<p>Strasbourg doit faire des progr\u00e8s sur son offre de logement.<\/p>\n<p>Cr\u00e9dit : Universit\u00e9 de Strasbourg (page Facebook)<\/p>\n<p style=\"text-align: justify;\">Les grandes villes alsaciennes <strong>r\u00e9gressent<\/strong> dans le classement des meilleures villes \u00e9tudiantes, publi\u00e9 par <a href=\"https:\/\/www.letudiant.fr\/classements\/classement-des-villes-etudiantes.html\" rel=\"noopener\" target=\"_blank\">le magazine l\u2019Etudiant<\/a>. Mulhouse figure entre la 31e et la 40e place. <strong>Strasbourg descend de deux places<\/strong> par rapport \u00e0 l\u2019ann\u00e9e derni\u00e8re. Elle est aujourd\u2019hui <strong>8e,<\/strong> contre 6e en 2024. <strong>Le top 3<\/strong> des meilleures villes \u00e9tudiantes de France est Toulouse, Besan\u00e7on et Montpellier.<\/p>\n<p><strong>Une offre de logement strasbourgeoise insuffisante <\/strong><\/p>\n<p><strong>47<\/strong> <strong>communes <\/strong>sont cit\u00e9es dans ce palmar\u00e8s de l\u2019Etudiant. Elles sont jug\u00e9es sur <strong>plusieurs crit\u00e8res\u00a0<\/strong>: l&rsquo;offre culturelle, l&rsquo;offre des transports, le logement, l\u2019emploi et la sant\u00e9. Strasbourg est bien not\u00e9e sur <strong>l\u2019emploi et les transports<\/strong>. Mais son offre de logement est jug\u00e9e \u00ab\u00a0<strong>peu attractive<\/strong>\u00a0\u00bb, elle est not\u00e9e 2\/10. Il y a \u00e9galement des progr\u00e8s \u00e0 faire sur la sant\u00e9 et l\u2019offre culturelle. Du c\u00f4t\u00e9 de Mulhouse, c\u2019est diff\u00e9rent. La ville haut-rhinoise a <strong>une belle offre culturelle<\/strong> pour ses \u00e9tudiants (une note de 9,5\/10 !). C\u2019est sur les autres aspects que Mulhouse perd beaucoup de points, et donc termine en bas du classement.<\/p>\n","protected":false},"excerpt":{"rendered":"Strasbourg doit faire des progr\u00e8s sur son offre de logement. Cr\u00e9dit : Universit\u00e9 de Strasbourg (page Facebook) Les&hellip;\n","protected":false},"author":2,"featured_media":156440,"comment_status":"","ping_status":"","sticky":false,"template":"","format":"standard","meta":{"footnotes":""},"categories":[2820],"tags":[1111,11,2389,26028,2649,1981,341,4081,1777,674,1011,27,775,1637,1634,12,5077,25,640,4891,5768,28728],"class_list":{"0":"post-156439","1":"post","2":"type-post","3":"status-publish","4":"format-standard","5":"has-post-thumbnail","7":"category-strasbourg","8":"tag-actu","9":"tag-actualites","10":"tag-alsace","11":"tag-attractivite","12":"tag-bas-rhin","13":"tag-classement","14":"tag-emploi","15":"tag-etudiant","16":"tag-eu","17":"tag-europe","18":"tag-fr","19":"tag-france","20":"tag-grand-est","21":"tag-haut-rhin","22":"tag-mulhouse","23":"tag-news","24":"tag-palmares","25":"tag-republique-francaise","26":"tag-strasbourg","27":"tag-topmusicalsace","28":"tag-universite","29":"tag-vie-etudiante"},"share_on_mastodon":{"url":"https:\/\/pubeurope.com\/@fr\/114636309441533964","error":""},"_links":{"self":[{"href":"https:\/\/www.europesays.com\/fr\/wp-json\/wp\/v2\/posts\/156439","targetHints":{"allow":["GET"]}}],"collection":[{"href":"https:\/\/www.europesays.com\/fr\/wp-json\/wp\/v2\/posts"}],"about":[{"href":"https:\/\/www.europesays.com\/fr\/wp-json\/wp\/v2\/types\/post"}],"author":[{"embeddable":true,"href":"https:\/\/www.europesays.com\/fr\/wp-json\/wp\/v2\/users\/2"}],"replies":[{"embeddable":true,"href":"https:\/\/www.europesays.com\/fr\/wp-json\/wp\/v2\/comments?post=156439"}],"version-history":[{"count":0,"href":"https:\/\/www.europesays.com\/fr\/wp-json\/wp\/v2\/posts\/156439\/revisions"}],"wp:featuredmedia":[{"embeddable":true,"href":"https:\/\/www.europesays.com\/fr\/wp-json\/wp\/v2\/media\/156440"}],"wp:attachment":[{"href":"https:\/\/www.europesays.com\/fr\/wp-json\/wp\/v2\/media?parent=156439"}],"wp:term":[{"taxonomy":"category","embeddable":true,"href":"https:\/\/www.europesays.com\/fr\/wp-json\/wp\/v2\/categories?post=156439"},{"taxonomy":"post_tag","embeddable":true,"href":"https:\/\/www.europesays.com\/fr\/wp-json\/wp\/v2\/tags?post=156439"}],"curies":[{"name":"wp","href":"https:\/\/api.w.org\/{rel}","templated":true}]}}