{"id":156443,"date":"2025-06-06T12:01:09","date_gmt":"2025-06-06T12:01:09","guid":{"rendered":"https:\/\/www.europesays.com\/fr\/156443\/"},"modified":"2025-06-06T12:01:09","modified_gmt":"2025-06-06T12:01:09","slug":"christian-estrosi-annonce-la-possible-suppression-du-peage-saint-isidore-de-lautoroute-a8-dici-deux-ans","status":"publish","type":"post","link":"https:\/\/www.europesays.com\/fr\/156443\/","title":{"rendered":"Christian Estrosi annonce la possible suppression du p\u00e9age Saint-Isidore de l&rsquo;autoroute A8 \u00ab\u00a0d&rsquo;ici deux ans\u00a0\u00bb"},"content":{"rendered":"<p>Apr\u00e8s des ann\u00e9es de pol\u00e9mique, le p\u00e9age de Saint-Isidore de l&rsquo;autoroute A8 sera-t-il bient\u00f4t supprim\u00e9? C&rsquo;est en tout cas ce qu&rsquo;a sous-entendu ce vendredi matin <strong>Christian Estrosi<\/strong>.\u00a0<\/p>\n<p><a href=\"https:\/\/www.francebleu.fr\/infos\/politique\/le-peage-de-saint-isidore-doit-etre-supprime-d-ici-deux-ans-lance-christian-estrosi-1389953\" target=\"_blank\" rel=\"noopener nofollow\">Invit\u00e9 de la matinale d&rsquo;ICI Azur Matin ce vendredi<\/a>, le maire de Nice\u00a0a annonc\u00e9 que <strong>le ministre des Transports Philippe Tabarot <\/strong><strong>\u00ab\u00a0a pris des engagements\u00a0\u00bb<\/strong> sur ce dossier digne d&rsquo;un serpent de mer dans les Alpes-Maritimes.\u00a0<\/p>\n<p>\u00ab\u00a0Je souhaite que cela soit act\u00e9 d&rsquo;ici la fin de l&rsquo;ann\u00e9e pour que <strong>ce p\u00e9age soit supprim\u00e9 d&rsquo;ici deux ans<\/strong>\u00ab\u00a0, a expliqu\u00e9 Christian Estrosi. Et d&rsquo;ajouter:\u00a0\u00ab\u00a0Ce p\u00e9age provoque des arr\u00eats, red\u00e9marrages de voitures et cela occasionne cinq tonnes de particules fines par an, 2.000 tonnes de CO2\u00a0\u00bb.\u00a0<\/p>\n<p>Supprimer ce p\u00e9age\u00a0<strong>augmenterait la qualit\u00e9 de vie et de l\u2019air pour 80.000 habitants de Nice<\/strong><\/p>\n<p>Cela fait des ann\u00e9es que le maire de Nice r\u00e9clame la gratuit\u00e9 du contournement de la ville, c\u2019est-\u00e0-dire la suppression du p\u00e9age de Saint-Isidore. Jusqu\u2019\u00e0 pr\u00e9sent il n\u2019avait pas eu gain de cause.<\/p>\n<p>En 2022 puis 2023, il avait notamment remis aux gouvernements en place une\u00a0\u00e9tude d\u2019AtmoSud, l\u2019observatoire de r\u00e9f\u00e9rence pour la surveillance de la qualit\u00e9 de l\u2019air en R\u00e9gion Sud, sur l\u2019impact de la pollution de l\u2019air en ville, avec l\u2019hypoth\u00e8se de la suppression de ce p\u00e9age.\u00a0<\/p>\n<p>Cette \u00e9tude r\u00e9v\u00e8le que la suppression du p\u00e9age\u00a0<strong>augmenterait la qualit\u00e9 de vie et de l\u2019air pour 80.000 habitants de Nice.<\/strong><\/p>\n","protected":false},"excerpt":{"rendered":"Apr\u00e8s des ann\u00e9es de pol\u00e9mique, le p\u00e9age de Saint-Isidore de l&rsquo;autoroute A8 sera-t-il bient\u00f4t supprim\u00e9? C&rsquo;est en tout&hellip;\n","protected":false},"author":2,"featured_media":156444,"comment_status":"","ping_status":"","sticky":false,"template":"","format":"standard","meta":{"footnotes":""},"categories":[2819],"tags":[1111,11,1777,674,1011,27,12,2401,882,25,3366],"class_list":{"0":"post-156443","1":"post","2":"type-post","3":"status-publish","4":"format-standard","5":"has-post-thumbnail","7":"category-nice","8":"tag-actu","9":"tag-actualites","10":"tag-eu","11":"tag-europe","12":"tag-fr","13":"tag-france","14":"tag-news","15":"tag-nice","16":"tag-provence-alpes-cote-dazur","17":"tag-republique-francaise","18":"tag-vie-locale"},"share_on_mastodon":{"url":"https:\/\/pubeurope.com\/@fr\/114636317190195612","error":""},"_links":{"self":[{"href":"https:\/\/www.europesays.com\/fr\/wp-json\/wp\/v2\/posts\/156443","targetHints":{"allow":["GET"]}}],"collection":[{"href":"https:\/\/www.europesays.com\/fr\/wp-json\/wp\/v2\/posts"}],"about":[{"href":"https:\/\/www.europesays.com\/fr\/wp-json\/wp\/v2\/types\/post"}],"author":[{"embeddable":true,"href":"https:\/\/www.europesays.com\/fr\/wp-json\/wp\/v2\/users\/2"}],"replies":[{"embeddable":true,"href":"https:\/\/www.europesays.com\/fr\/wp-json\/wp\/v2\/comments?post=156443"}],"version-history":[{"count":0,"href":"https:\/\/www.europesays.com\/fr\/wp-json\/wp\/v2\/posts\/156443\/revisions"}],"wp:featuredmedia":[{"embeddable":true,"href":"https:\/\/www.europesays.com\/fr\/wp-json\/wp\/v2\/media\/156444"}],"wp:attachment":[{"href":"https:\/\/www.europesays.com\/fr\/wp-json\/wp\/v2\/media?parent=156443"}],"wp:term":[{"taxonomy":"category","embeddable":true,"href":"https:\/\/www.europesays.com\/fr\/wp-json\/wp\/v2\/categories?post=156443"},{"taxonomy":"post_tag","embeddable":true,"href":"https:\/\/www.europesays.com\/fr\/wp-json\/wp\/v2\/tags?post=156443"}],"curies":[{"name":"wp","href":"https:\/\/api.w.org\/{rel}","templated":true}]}}