{"id":156446,"date":"2025-06-06T12:04:10","date_gmt":"2025-06-06T12:04:10","guid":{"rendered":"https:\/\/www.europesays.com\/fr\/156446\/"},"modified":"2025-06-06T12:04:10","modified_gmt":"2025-06-06T12:04:10","slug":"2-policiers-blesses-par-des-manifestants-antifas","status":"publish","type":"post","link":"https:\/\/www.europesays.com\/fr\/156446\/","title":{"rendered":"2 policiers bless\u00e9s par des manifestants antifas"},"content":{"rendered":"<p>Quelque 900 manifestants se sont rassembl\u00e9s jeudi soir pour s\u2019opposer \u00e0 la tenue de l\u2019\u00e9v\u00e9nement caritatif. La pr\u00e9fecture a constat\u00e9 la pr\u00e9sence \u00abde nombreux profils de l\u2019ultragauche nantaise voire de d\u00e9partements alentour\u00bb.<\/p>\n<p class=\"fig-paragraph\">Le dispositif policier a limit\u00e9 la casse. Sept personnes ont \u00e9t\u00e9 interpell\u00e9es\u00a0<a href=\"https:\/\/www.lefigaro.fr\/nantes\" target=\"_blank\" data-fig-type=\"Section\" rel=\"noopener\" data-gtm-custom-categorie=\"navigation\" data-gtm-custom-action=\"crossclick\" data-gtm-custom-label=\"Contextuel\" data-gtm-event=\"customEventSPE\" data-fig-domain=\"LEFIGARO\">\u00e0 Nantes<\/a>\u00a0(Loire-Atlantique), dans la soir\u00e9e du jeudi 5 juin, au cours d\u2019un rassemblement antifasciste ill\u00e9gal d\u2019environ 900 personnes. La manifestation s\u2019\u00e9tait rassembl\u00e9e en d\u00e9but de soir\u00e9e pour d\u00e9noncer l\u2019organisation, \u00e0 la cit\u00e9 des Congr\u00e8s de Nantes, de la derni\u00e8re \u00e9dition de\u00a0<a href=\"http:\/\/www.lefigaro.fr\/vox\/politique\/la-gauche-deteste-la-nuit-du-bien-commun-parce-que-cet-evenement-montre-qu-on-peut-mobiliser-des-fonds-sans-argent-public-20250605\" target=\"_blank\" data-fig-type=\"Article\" rel=\"noopener\" data-gtm-custom-categorie=\"navigation\" data-gtm-custom-action=\"crossclick\" data-gtm-custom-label=\"Contextuel\" data-gtm-event=\"customEventSPE\" data-fig-domain=\"LEFIGARO\">\u00abLa Nuit du Bien Commun\u00bb<\/a>. Intervenues en nombre au sein\u00a0<a href=\"http:\/\/www.lefigaro.fr\/nantes\/nantes-le-prefet-interdit-les-manifestations-contre-la-nuit-du-bien-commun-qui-recolte-des-dons-pour-des-associations-20250604\" target=\"_blank\" data-fig-type=\"NewsFlash\" rel=\"noopener\" data-gtm-custom-categorie=\"navigation\" data-gtm-custom-action=\"crossclick\" data-gtm-custom-label=\"Contextuel\" data-gtm-event=\"customEventSPE\" data-fig-domain=\"LEFIGARO\">du large p\u00e9rim\u00e8tre prot\u00e9g\u00e9 d\u00e9limit\u00e9 en d\u00e9but de semaine par le pr\u00e9fet de Loire-Atlantique<\/a>, les forces de l\u2019ordre ont dispers\u00e9 un cort\u00e8ge compos\u00e9 \u00abde nombreux profils de l\u2019ultragauche nantaise voire de d\u00e9partements alentour\u00bb. Deux policiers ont \u00e9t\u00e9 l\u00e9g\u00e8rement bless\u00e9s par des tirs de mortiers.<\/p>\n<p class=\"fig-paragraph\">Parmi les sept interpellations de jeudi soir, trois personnes ont d\u2019ores et d\u00e9j\u00e0 \u00e9t\u00e9 remises en libert\u00e9 apr\u00e8s des classements sans suite, assortis, pour l\u2019un des individus, d\u2019un avertissement p\u00e9nal. Quatre autres personnes se trouvaient encore en garde \u00e0 vue vendredi matin, pour participation \u00e0 un attroupement non autoris\u00e9, dissimulation du visage et refus de dispersion apr\u00e8s sommations. En amont du rassemblement de l\u2019extr\u00eame gauche, quelque 200 personnes ont \u00e9galement battu le pav\u00e9 jeudi en fin d\u2019apr\u00e8s-midi, \u00e0 l\u2019initiative d\u2019organisations syndicales. Aucun incident n\u2019a \u00e9t\u00e9 \u00e0 d\u00e9plorer lors de cette manifestation.<\/p>\n<p class=\"fig-paragraph\">Soir\u00e9e caritative organis\u00e9e depuis 2017 dans plusieurs villes de France, \u00abLa Nuit du Bien Commun\u00bb, fait l\u2019objet depuis quelques semaines de critiques renouvel\u00e9es en raison de la personnalit\u00e9 d\u2019un des fondateurs de l\u2019\u00e9v\u00e8nement,\u00a0<a href=\"http:\/\/www.lefigaro.fr\/politique\/entrepreneuriat-philanthropie-education-la-galaxie-du-milliardaire-pierre-edouard-sterin-20250418\" target=\"_blank\" data-fig-type=\"Article\" rel=\"noopener\" data-gtm-custom-categorie=\"navigation\" data-gtm-custom-action=\"crossclick\" data-gtm-custom-label=\"Contextuel\" data-gtm-event=\"customEventSPE\" data-fig-domain=\"LEFIGARO\">le milliardaire Pierre-\u00c9douard St\u00e9rin<\/a>. Ces derni\u00e8res semaines, l\u2019homme d\u2019affaires a refus\u00e9 \u00e0 trois reprises de\u00a0<a href=\"http:\/\/www.lefigaro.fr\/actualite-france\/sterin-absent-devant-les-deputes-respectez-l-assemblee-nationale-lui-lance-yael-braun-pivet-20250520\" target=\"_blank\" data-fig-type=\"NewsFlash\" rel=\"noopener\" data-gtm-custom-categorie=\"navigation\" data-gtm-custom-action=\"crossclick\" data-gtm-custom-label=\"Contextuel\" data-gtm-event=\"customEventSPE\" data-fig-domain=\"LEFIGARO\">r\u00e9pondre \u00e0 la convocation d\u2019une commission d\u2019enqu\u00eate de l\u2019Assembl\u00e9e nationale<\/a>\u00a0pour rendre compte de la strat\u00e9gie assum\u00e9e par son projet P\u00e9ricl\u00e8s. Plateforme de formation politique, ce projet ambitionnerait notamment \u00abd\u2019installer le Rassemblement national au pouvoir\u00bb, selon des documents internes\u00a0<a href=\"https:\/\/www.humanite.fr\/politique\/bien-commun\/exclusif-pericles-le-projet-secret-de-pierre-edouard-sterin-pour-installer-le-rn-au-pouvoir\" target=\"_blank\" rel=\"noopener\" data-gtm-custom-categorie=\"navigation\" data-gtm-custom-action=\"crossclick\" data-gtm-custom-label=\"Contextuel\" data-gtm-event=\"customEventSPE\">r\u00e9v\u00e9l\u00e9s en juillet 2024 dans L\u2019Humanit\u00e9<\/a> .<\/p>\n","protected":false},"excerpt":{"rendered":"Quelque 900 manifestants se sont rassembl\u00e9s jeudi soir pour s\u2019opposer \u00e0 la tenue de l\u2019\u00e9v\u00e9nement caritatif. La pr\u00e9fecture&hellip;\n","protected":false},"author":2,"featured_media":156447,"comment_status":"","ping_status":"","sticky":false,"template":"","format":"standard","meta":{"footnotes":""},"categories":[2818],"tags":[1111,11,1777,674,462,1011,27,2640,2642,766,2638,2643,2637,2639,2646,2645,2641,2635,2644,2647,12,28118,2636,25],"class_list":{"0":"post-156446","1":"post","2":"type-post","3":"status-publish","4":"format-standard","5":"has-post-thumbnail","7":"category-nantes","8":"tag-actu","9":"tag-actualites","10":"tag-eu","11":"tag-europe","12":"tag-fc-nantes","13":"tag-fr","14":"tag-france","15":"tag-hauts-paves-saint-felix","16":"tag-ile-de-nantes","17":"tag-nantes","18":"tag-nantes-bellevue-chantenay-sainte-anne","19":"tag-nantes-breil-barberie","20":"tag-nantes-centre-ville","21":"tag-nantes-dervallieres-zola","22":"tag-nantes-doulon-bottiere","23":"tag-nantes-erdre","24":"tag-nantes-malakoff-saint-donatien","25":"tag-nantes-metropole","26":"tag-nantes-nord","27":"tag-nantes-sud","28":"tag-news","29":"tag-nuit-du-bien-commun","30":"tag-pays-de-la-loire","31":"tag-republique-francaise"},"share_on_mastodon":{"url":"https:\/\/pubeurope.com\/@fr\/114636329105339820","error":""},"_links":{"self":[{"href":"https:\/\/www.europesays.com\/fr\/wp-json\/wp\/v2\/posts\/156446","targetHints":{"allow":["GET"]}}],"collection":[{"href":"https:\/\/www.europesays.com\/fr\/wp-json\/wp\/v2\/posts"}],"about":[{"href":"https:\/\/www.europesays.com\/fr\/wp-json\/wp\/v2\/types\/post"}],"author":[{"embeddable":true,"href":"https:\/\/www.europesays.com\/fr\/wp-json\/wp\/v2\/users\/2"}],"replies":[{"embeddable":true,"href":"https:\/\/www.europesays.com\/fr\/wp-json\/wp\/v2\/comments?post=156446"}],"version-history":[{"count":0,"href":"https:\/\/www.europesays.com\/fr\/wp-json\/wp\/v2\/posts\/156446\/revisions"}],"wp:featuredmedia":[{"embeddable":true,"href":"https:\/\/www.europesays.com\/fr\/wp-json\/wp\/v2\/media\/156447"}],"wp:attachment":[{"href":"https:\/\/www.europesays.com\/fr\/wp-json\/wp\/v2\/media?parent=156446"}],"wp:term":[{"taxonomy":"category","embeddable":true,"href":"https:\/\/www.europesays.com\/fr\/wp-json\/wp\/v2\/categories?post=156446"},{"taxonomy":"post_tag","embeddable":true,"href":"https:\/\/www.europesays.com\/fr\/wp-json\/wp\/v2\/tags?post=156446"}],"curies":[{"name":"wp","href":"https:\/\/api.w.org\/{rel}","templated":true}]}}