{"id":156453,"date":"2025-06-06T12:08:09","date_gmt":"2025-06-06T12:08:09","guid":{"rendered":"https:\/\/www.europesays.com\/fr\/156453\/"},"modified":"2025-06-06T12:08:09","modified_gmt":"2025-06-06T12:08:09","slug":"toulouse-les-transports-perturbes-en-raison-dune-manif-en-ville-vendredi-soir-ce-quil-faut-savoir","status":"publish","type":"post","link":"https:\/\/www.europesays.com\/fr\/156453\/","title":{"rendered":"Toulouse. Les transports perturb\u00e9s en raison d&rsquo;une manif&rsquo; en ville vendredi soir, ce qu&rsquo;il faut savoir"},"content":{"rendered":"<p>            Par<br \/>\n        <strong><br \/>\n            <a href=\"https:\/\/actu.fr\/auteur\/guillaume-laurens\" title=\"Consulter tous les articles de Guillaume Laurens\" target=\"_blank\" rel=\"noopener\">Guillaume Laurens<\/a><br \/>\n        <\/strong><\/p>\n<p>        Publi\u00e9 le<\/p>\n<p>            6 juin 2025 \u00e0 13h15        <\/p>\n<p>En raison d\u2019une <strong>manifestation<\/strong> en centre-ville de <strong>Toulouse<\/strong>, le <strong>r\u00e9seau de transports en commun<\/strong> de <strong><a href=\"https:\/\/actu.fr\/tag\/tisseo\" target=\"_blank\" rel=\"noopener\">Tiss\u00e9o<\/a> <\/strong>va \u00eatre perturb\u00e9 ce vendredi 6 juin 2025, en fin de journ\u00e9e. Plusieurs <strong>lignes de bus<\/strong> seront <strong>d\u00e9vi\u00e9es<\/strong>, voire <strong>suspendues<\/strong>. Ce qu\u2019il faut savoir.<\/p>\n<p>Une douzaine de lignes de bus (dont 4 Lin\u00e9o) concern\u00e9es<\/p>\n<p class=\" wall-content\">Tiss\u00e9o annonce qu\u2019\u00e0 partir de 18 heures ce vendredi, son service sera perturb\u00e9 sur une <strong>douzaine de lignes<\/strong> de bus (y compris des <strong>Lin\u00e9o<\/strong>), en raison de cette manifestation. Dans le d\u00e9tail :\u00a0<\/p>\n<ul class=\" wall-content\">\n<li>La <strong>navette a\u00e9roport<\/strong> ainsi que les <strong>lignes L1, L8, L9, L14, 15, 23, 29, 39, 45 et 70<\/strong> sont d\u00e9vi\u00e9es.<\/li>\n<li>La <strong>navette centre-ville<\/strong> est suspendue.<\/li>\n<\/ul>\n<p class=\" wall-content\">Toujours selon l\u2019autorit\u00e9 des transports en commun dans l\u2019agglo, \u00ab\u00a0les d\u00e9viations mises en place facilitent les correspondances avec les lignes A et B du m\u00e9tro\u00a0\u00bb.<\/p>\n<p>Une \u00ab\u00a0Pride radicale\u00a0\u00bb dans les rues de Toulouse<\/p>\n<p class=\" wall-content\">La manif en question ? Depuis quelques ann\u00e9es, \u00e0 la veille de la Marche des fiert\u00e9s, <strong>une \u00ab\u00a0Pride radicale\u00a0\u00bb<\/strong> est organis\u00e9e dans les rues de Toulouse. Les participants \u00e0 ce cort\u00e8ge qui d\u00e9nonce \u00ab\u00a0un \u00e9tat colonial\u00a0\u00bb et dont l\u2019appel est relay\u00e9 par diff\u00e9rentes organisations d\u2019extr\u00eame-gauche, portent des revendications aussi engag\u00e9es que radicales. Ils entendent ainsi \u00ab\u00a0marcher ensemble pour la justice et la libert\u00e9\u00a0\u00bb.<\/p>\n<p class=\" wall-content\"><a href=\"https:\/\/www.instagram.com\/p\/DKAJ5qlC37l\/embed\" title=\"Ouvrir le lien sur Instagram\" target=\"_blank\" rel=\"noopener\">Visualiser le contenu sur Instagram<\/a><\/p>\n<p class=\" wall-content\">Cette manifestation \u2014 d\u00fbment <strong>d\u00e9clar\u00e9e en pr\u00e9fecture<\/strong>, selon nos informations \u2014 doit s\u2019\u00e9lancer \u00e0 <strong>19 heures<\/strong> de la place Belfort. L\u2019itin\u00e9raire pr\u00e9vu est le suivant : place Belfort, rues Caffarelli, de l\u2019Orient, Matabiau, place Jeanne d\u2019Arc, boulevard de Strasbourg, all\u00e9es Jean Jaur\u00e8s, rue Gabriel P\u00e9ri, place Damloup et rue Nicolas Bachelier. Selon Tiss\u00e9o, \u00ab\u00a0le r\u00e9tablissement des lignes est pr\u00e9vu en fin de soir\u00e9e, en fonction de l\u2019avanc\u00e9e du cort\u00e8ge\u00a0\u00bb.<\/p>\n<p>Vid\u00e9os : en ce moment sur Actu<\/p>\n<p class=\" wall-content\">Suivez toute l\u2019actualit\u00e9 de vos villes et m\u00e9dias favoris en vous inscrivant \u00e0 <a href=\"https:\/\/moncompte.actu.fr\" title=\"D\u00e9couvez Mon Actu\" rel=\"nofollow noopener\" data-trk=\"{&quot;cta&quot;:{&quot;action&quot;:&quot;https:\\\/\\\/moncompte.actu.fr&quot;,&quot;category&quot;:&quot;mon compte&quot;,&quot;from&quot;:&quot;article footer&quot;,&quot;name&quot;:&quot;Mon actu&quot;,&quot;type&quot;:&quot;cta&quot;}}\" target=\"_blank\">Mon Actu<\/a>.<\/p>\n<ul class=\"ac-article-tag wall-content\">\n<li><a href=\"https:\/\/actu.fr\/tag\/metro-de-toulouse\" data-trk=\"{&quot;cta&quot;:{&quot;action&quot;:&quot;M\\u00e9tro de Toulouse&quot;,&quot;category&quot;:&quot;tag&quot;,&quot;from&quot;:&quot;article footer&quot;,&quot;name&quot;:&quot;M\\u00e9tro de Toulouse&quot;,&quot;type&quot;:&quot;cta&quot;}}\" target=\"_blank\" rel=\"noopener\">#M\u00e9tro de Toulouse<\/a><\/li>\n<li><a href=\"https:\/\/actu.fr\/tag\/tisseo\" data-trk=\"{&quot;cta&quot;:{&quot;action&quot;:&quot;Tiss\\u00e9o&quot;,&quot;category&quot;:&quot;tag&quot;,&quot;from&quot;:&quot;article footer&quot;,&quot;name&quot;:&quot;Tiss\\u00e9o&quot;,&quot;type&quot;:&quot;cta&quot;}}\" target=\"_blank\" rel=\"noopener\">#Tiss\u00e9o<\/a><\/li>\n<\/ul>\n<p>                    <script async src=\"\/\/www.instagram.com\/embed.js\"><\/script><\/p>\n","protected":false},"excerpt":{"rendered":"Par Guillaume Laurens Publi\u00e9 le 6 juin 2025 \u00e0 13h15 En raison d\u2019une manifestation en centre-ville de Toulouse,&hellip;\n","protected":false},"author":2,"featured_media":156454,"comment_status":"","ping_status":"","sticky":false,"template":"","format":"standard","meta":{"footnotes":""},"categories":[2816],"tags":[1111,11,1777,674,1011,27,10596,12,2680,25,104,5400,2312],"class_list":{"0":"post-156453","1":"post","2":"type-post","3":"status-publish","4":"format-standard","5":"has-post-thumbnail","7":"category-toulouse","8":"tag-actu","9":"tag-actualites","10":"tag-eu","11":"tag-europe","12":"tag-fr","13":"tag-france","14":"tag-metro-de-toulouse","15":"tag-news","16":"tag-occitanie","17":"tag-republique-francaise","18":"tag-societe","19":"tag-tisseo","20":"tag-toulouse"},"share_on_mastodon":{"url":"https:\/\/pubeurope.com\/@fr\/114636344859532306","error":""},"_links":{"self":[{"href":"https:\/\/www.europesays.com\/fr\/wp-json\/wp\/v2\/posts\/156453","targetHints":{"allow":["GET"]}}],"collection":[{"href":"https:\/\/www.europesays.com\/fr\/wp-json\/wp\/v2\/posts"}],"about":[{"href":"https:\/\/www.europesays.com\/fr\/wp-json\/wp\/v2\/types\/post"}],"author":[{"embeddable":true,"href":"https:\/\/www.europesays.com\/fr\/wp-json\/wp\/v2\/users\/2"}],"replies":[{"embeddable":true,"href":"https:\/\/www.europesays.com\/fr\/wp-json\/wp\/v2\/comments?post=156453"}],"version-history":[{"count":0,"href":"https:\/\/www.europesays.com\/fr\/wp-json\/wp\/v2\/posts\/156453\/revisions"}],"wp:featuredmedia":[{"embeddable":true,"href":"https:\/\/www.europesays.com\/fr\/wp-json\/wp\/v2\/media\/156454"}],"wp:attachment":[{"href":"https:\/\/www.europesays.com\/fr\/wp-json\/wp\/v2\/media?parent=156453"}],"wp:term":[{"taxonomy":"category","embeddable":true,"href":"https:\/\/www.europesays.com\/fr\/wp-json\/wp\/v2\/categories?post=156453"},{"taxonomy":"post_tag","embeddable":true,"href":"https:\/\/www.europesays.com\/fr\/wp-json\/wp\/v2\/tags?post=156453"}],"curies":[{"name":"wp","href":"https:\/\/api.w.org\/{rel}","templated":true}]}}