{"id":156459,"date":"2025-06-06T12:11:08","date_gmt":"2025-06-06T12:11:08","guid":{"rendered":"https:\/\/www.europesays.com\/fr\/156459\/"},"modified":"2025-06-06T12:11:08","modified_gmt":"2025-06-06T12:11:08","slug":"un-accident-impliquant-un-deux-roues-provoque-un-fort-bouchon-a-la-sortie-de-marseille","status":"publish","type":"post","link":"https:\/\/www.europesays.com\/fr\/156459\/","title":{"rendered":"un accident impliquant un deux-roues provoque un fort bouchon \u00e0 la sortie de Marseille"},"content":{"rendered":"<p>U homme de 49 ans a \u00e9t\u00e9 transport\u00e9 \u00e0 l&rsquo;h\u00f4pital de la Timone par les marins-pompiers de Marseille (six hommes et deux v\u00e9hicules \u00e9taient sur place)\u00a0 apr\u00e8s un accident qui a eu lieu sur l&rsquo;autoroute A50, \u00e0 hauteur de la Valentine et en direction d&rsquo;Aubagne. Il \u00e9tait au guidon d&rsquo;un deux-roues et a ou a \u00e9t\u00e9 percut\u00e9 par une voiture.<\/p>\n<p>Sur place, on compte un bouchon de plusieurs kilom\u00e8tres qui remonte jusqu&rsquo;\u00e0 l&rsquo;entr\u00e9e de la cit\u00e9 phoc\u00e9enne. le secteur est \u00e0 \u00e9viter m\u00eame si l&rsquo;accident est termin\u00e9 puisque toutes les voies ont \u00e9t\u00e9 rendues \u00e0 la circulation sur cette portion autorouti\u00e8re. La Dirmed \u00e9tait aussi sur place.<\/p>\n<p>Par ricochet, la rocade L2 est tr\u00e8s charg\u00e9e, dans le sens Aix-Aubgane (A7-A50), \u00e0 partir de la Fourrag\u00e8re. Et les voies secondaires qui se situent en parall\u00e8le de l&rsquo;A50 sont aussi embouteill\u00e9es, notamment le boulevard de Saint-Loup, en direction de la cit\u00e9 de Pagnol.<\/p>\n","protected":false},"excerpt":{"rendered":"U homme de 49 ans a \u00e9t\u00e9 transport\u00e9 \u00e0 l&rsquo;h\u00f4pital de la Timone par les marins-pompiers de Marseille&hellip;\n","protected":false},"author":2,"featured_media":156460,"comment_status":"","ping_status":"","sticky":false,"template":"","format":"standard","meta":{"footnotes":""},"categories":[2814],"tags":[17,119,1111,11,9582,1777,674,7482,1011,27,7726,4900,884,12,882,7481,16,25,3356],"class_list":{"0":"post-156459","1":"post","2":"type-post","3":"status-publish","4":"format-standard","5":"has-post-thumbnail","7":"category-marseille","8":"tag-17","9":"tag-accident","10":"tag-actu","11":"tag-actualites","12":"tag-deux-roues","13":"tag-eu","14":"tag-europe","15":"tag-fort","16":"tag-fr","17":"tag-france","18":"tag-impliquant","19":"tag-la50","20":"tag-marseille","21":"tag-news","22":"tag-provence-alpes-cote-dazur","23":"tag-provoque","24":"tag-region","25":"tag-republique-francaise","26":"tag-sur"},"share_on_mastodon":{"url":"https:\/\/pubeurope.com\/@fr\/114636356614802058","error":""},"_links":{"self":[{"href":"https:\/\/www.europesays.com\/fr\/wp-json\/wp\/v2\/posts\/156459","targetHints":{"allow":["GET"]}}],"collection":[{"href":"https:\/\/www.europesays.com\/fr\/wp-json\/wp\/v2\/posts"}],"about":[{"href":"https:\/\/www.europesays.com\/fr\/wp-json\/wp\/v2\/types\/post"}],"author":[{"embeddable":true,"href":"https:\/\/www.europesays.com\/fr\/wp-json\/wp\/v2\/users\/2"}],"replies":[{"embeddable":true,"href":"https:\/\/www.europesays.com\/fr\/wp-json\/wp\/v2\/comments?post=156459"}],"version-history":[{"count":0,"href":"https:\/\/www.europesays.com\/fr\/wp-json\/wp\/v2\/posts\/156459\/revisions"}],"wp:featuredmedia":[{"embeddable":true,"href":"https:\/\/www.europesays.com\/fr\/wp-json\/wp\/v2\/media\/156460"}],"wp:attachment":[{"href":"https:\/\/www.europesays.com\/fr\/wp-json\/wp\/v2\/media?parent=156459"}],"wp:term":[{"taxonomy":"category","embeddable":true,"href":"https:\/\/www.europesays.com\/fr\/wp-json\/wp\/v2\/categories?post=156459"},{"taxonomy":"post_tag","embeddable":true,"href":"https:\/\/www.europesays.com\/fr\/wp-json\/wp\/v2\/tags?post=156459"}],"curies":[{"name":"wp","href":"https:\/\/api.w.org\/{rel}","templated":true}]}}