{"id":156465,"date":"2025-06-06T12:14:10","date_gmt":"2025-06-06T12:14:10","guid":{"rendered":"https:\/\/www.europesays.com\/fr\/156465\/"},"modified":"2025-06-06T12:14:10","modified_gmt":"2025-06-06T12:14:10","slug":"le-jury-en-action-au-parc-de-la-tete-dor","status":"publish","type":"post","link":"https:\/\/www.europesays.com\/fr\/156465\/","title":{"rendered":"le jury en action au parc de la T\u00eate-d&rsquo;Or"},"content":{"rendered":"<p>Depuis 95 ans se d\u00e9roule dans la roseraie de concours du Parc de la T\u00eate d\u2019Or le Concours International de Roses Nouvelles. Il est organis\u00e9 par la Soci\u00e9t\u00e9 Fran\u00e7aise des Roses avec la Direction biodiversit\u00e9 et nature en ville de Lyon. Le travail d\u2019un jury permanent s\u2019\u00e9tale sur deux ans permet de juger les diverses qualit\u00e9s des roses et des rosiers\u00a0: v\u00e9g\u00e9tation, floraison, fleurs et \u00e9tat sanitaire.<\/p>\n","protected":false},"excerpt":{"rendered":"Depuis 95 ans se d\u00e9roule dans la roseraie de concours du Parc de la T\u00eate d\u2019Or le Concours&hellip;\n","protected":false},"author":2,"featured_media":156466,"comment_status":"","ping_status":"","sticky":false,"template":"","format":"standard","meta":{"footnotes":""},"categories":[1889],"tags":[1111,11,2430,1687,2757,1777,674,1011,27,2798,2428,14926,2802,12,2661,25,2429],"class_list":{"0":"post-156465","1":"post","2":"type-post","3":"status-publish","4":"format-standard","5":"has-post-thumbnail","7":"category-lyon","8":"tag-actu","9":"tag-actualites","10":"tag-auvergne-rhone-alpes","11":"tag-culture-loisirs","12":"tag-edition-lyon-villeurbanne","13":"tag-eu","14":"tag-europe","15":"tag-fr","16":"tag-france","17":"tag-galerie-photo","18":"tag-lyon","19":"tag-lyon-6e","20":"tag-lyon-6e-arrondissement","21":"tag-news","22":"tag-patrimoine-culturel","23":"tag-republique-francaise","24":"tag-rhone"},"share_on_mastodon":{"url":"https:\/\/pubeurope.com\/@fr\/114636368341309900","error":""},"_links":{"self":[{"href":"https:\/\/www.europesays.com\/fr\/wp-json\/wp\/v2\/posts\/156465","targetHints":{"allow":["GET"]}}],"collection":[{"href":"https:\/\/www.europesays.com\/fr\/wp-json\/wp\/v2\/posts"}],"about":[{"href":"https:\/\/www.europesays.com\/fr\/wp-json\/wp\/v2\/types\/post"}],"author":[{"embeddable":true,"href":"https:\/\/www.europesays.com\/fr\/wp-json\/wp\/v2\/users\/2"}],"replies":[{"embeddable":true,"href":"https:\/\/www.europesays.com\/fr\/wp-json\/wp\/v2\/comments?post=156465"}],"version-history":[{"count":0,"href":"https:\/\/www.europesays.com\/fr\/wp-json\/wp\/v2\/posts\/156465\/revisions"}],"wp:featuredmedia":[{"embeddable":true,"href":"https:\/\/www.europesays.com\/fr\/wp-json\/wp\/v2\/media\/156466"}],"wp:attachment":[{"href":"https:\/\/www.europesays.com\/fr\/wp-json\/wp\/v2\/media?parent=156465"}],"wp:term":[{"taxonomy":"category","embeddable":true,"href":"https:\/\/www.europesays.com\/fr\/wp-json\/wp\/v2\/categories?post=156465"},{"taxonomy":"post_tag","embeddable":true,"href":"https:\/\/www.europesays.com\/fr\/wp-json\/wp\/v2\/tags?post=156465"}],"curies":[{"name":"wp","href":"https:\/\/api.w.org\/{rel}","templated":true}]}}