{"id":156469,"date":"2025-06-06T12:16:11","date_gmt":"2025-06-06T12:16:11","guid":{"rendered":"https:\/\/www.europesays.com\/fr\/156469\/"},"modified":"2025-06-06T12:16:11","modified_gmt":"2025-06-06T12:16:11","slug":"le-pape-transmet-sa-paternelle-affection-aux-pretres-dile-de-france-zenit","status":"publish","type":"post","link":"https:\/\/www.europesays.com\/fr\/156469\/","title":{"rendered":"Le pape transmet sa \u00ab\u00a0paternelle affection\u00a0\u00bb aux pr\u00eatres d\u2019\u00cele-de-France &#8211; ZENIT"},"content":{"rendered":"<p>                    <a href=\"#\" rel=\"nofollow\" onclick=\"window.print(); return false;\" title=\"Printer Friendly, PDF &amp; Email\"><br \/>\n                    <img decoding=\"async\" class=\"pf-button-img\" src=\"https:\/\/www.europesays.com\/fr\/wp-content\/uploads\/2025\/04\/printfriendly-pdf-button.png\" alt=\"Print Friendly, PDF &amp; Email\" style=\"width: 112px;height: 24px;\"\/><br \/>\n                    <\/a><\/p>\n<p>\u00a0<\/p>\n<p>Apr\u00e8s avoir <a href=\"https:\/\/www.vatican.va\/content\/leo-xiv\/fr\/messages\/pont-messages\/2025\/documents\/20250528-messaggio-vescovi-francia.html\" rel=\"nofollow noopener\" target=\"_blank\">rendu gr\u00e2ce<\/a> et encourag\u00e9 la Conf\u00e9rence \u00e9piscopale fran\u00e7aise le 28 mai dernier, le pape L\u00e9on XIV a adress\u00e9 un nouveau message \u00e0 l\u2019\u00c9glise de France, et notamment aux 800 pr\u00eatres de la province eccl\u00e9siastique de Paris, r\u00e9unis ce 5 juin 2025 pour leur rassemblement jubilaire.<\/p>\n<p>Il transmet aux pr\u00eatres sa \u00ab\u00a0paternelle affection\u00a0\u00bb et son soutien pour la poursuite de leur minist\u00e8re au service du peuple de Dieu. Il les invite \u00e0 s\u2019enraciner encore plus en J\u00e9sus-Christ, \u00e0 \u00eatre cr\u00e9dibles et \u00e0 vivre la fraternit\u00e9 sacerdotale.<\/p>\n<p><b>\u00ab\u00a0Cultiver la fraternit\u00e9 sacerdotale\u00a0\u00bb<\/b><br \/>\n<img loading=\"lazy\" decoding=\"async\" aria-describedby=\"caption-attachment-213294\" class=\"wp-image-213294 size-medium\" src=\"https:\/\/www.europesays.com\/fr\/wp-content\/uploads\/2025\/06\/2-300x169.jpg\" alt=\"&quot;Maintenir un \u00e9troit lien de charit\u00e9 avec vos \u00e9v\u00eaques et prier sans cesse pour l\u2019unit\u00e9 de l\u2019\u00c9glise&quot; \u00a9 ktotv.com\" width=\"300\" height=\"169\"  \/><\/p>\n<p id=\"caption-attachment-213294\" class=\"wp-caption-text\">\u00ab\u00a0Maintenir un \u00e9troit lien de charit\u00e9 avec vos \u00e9v\u00eaques et prier sans cesse pour l\u2019unit\u00e9 de l\u2019\u00c9glise\u00a0\u00bb \u00a9 ktotv.com<\/p>\n<p>Venant de huit dioc\u00e8ses de la province eccl\u00e9siastiques de Paris, les pr\u00eatres se sont d\u2019abord r\u00e9unis dans leurs propres dioc\u00e8ses avec leurs \u00e9v\u00eaques afin de recevoir un enseignement et partager sur <a href=\"https:\/\/www.vatican.va\/archive\/hist_councils\/ii_vatican_council\/documents\/vat-ii_decree_19651207_presbyterorum-ordinis_fr.html\" rel=\"nofollow noopener\" target=\"_blank\">Presbyterorum ordinis<\/a>, d\u00e9cret portant sur le minist\u00e8re sacerdotal et publi\u00e9 en 1965 par saint Paul VI. Ils ont ensuite converg\u00e9 vers la cath\u00e9drale Notre-Dame de Paris pour vivre leur d\u00e9marche jubilaire et c\u00e9l\u00e9brer l\u2019Eucharistie en pr\u00e9sence de Mgr Laurent Ulrich, archev\u00eaque de Paris.\u00a0<\/p>\n<p>Dans le <a href=\"https:\/\/www.vatican.va\/content\/leo-xiv\/fr\/messages\/pont-messages\/2025\/documents\/20250604-messaggio-sacerdoti-parigi.html\" rel=\"nofollow noopener\" target=\"_blank\">message<\/a> lu par Mgr\u00a0Dominique Blanchet, \u00e9v\u00eaque de Cr\u00e9teil, le pape L\u00e9on XIV souligne les conditions eccl\u00e9siales et sociales souvent difficiles rencontr\u00e9es au quotidien par les pr\u00eatres. Il les invite donc \u00e0 enraciner leur vie et leur minist\u00e8re dans un amour toujours plus fort, personnel et authentique de J\u00e9sus.<\/p>\n<p>\u00ab\u00a0De cette mani\u00e8re, vous serez cr\u00e9dibles m\u00eame si vous n\u2019\u00eates pas encore des saints, et vous toucherez le c\u0153ur de personnes qui sont au plus loin, gagnerez leur confiance et leur ferez rencontrer J\u00e9sus\u00a0\u00bb a-t-il exprim\u00e9, tout en ajoutant : \u00ab Je vous invite \u00e0 cultiver la fraternit\u00e9 sacerdotale entre vous, \u00e0 maintenir un \u00e9troit lien de charit\u00e9 avec vos \u00e9v\u00eaques et \u00e0 prier sans cesse pour l\u2019unit\u00e9 de l\u2019\u00c9glise.\u00a0\u00bb<\/p>\n<p>\u00a0<\/p>\n","protected":false},"excerpt":{"rendered":"\u00a0 Apr\u00e8s avoir rendu gr\u00e2ce et encourag\u00e9 la Conf\u00e9rence \u00e9piscopale fran\u00e7aise le 28 mai dernier, le pape L\u00e9on&hellip;\n","protected":false},"author":2,"featured_media":156470,"comment_status":"","ping_status":"","sticky":false,"template":"","format":"standard","meta":{"footnotes":""},"categories":[1592],"tags":[1111,11,1777,674,9928,1011,27,662,12,626,25],"class_list":{"0":"post-156469","1":"post","2":"type-post","3":"status-publish","4":"format-standard","5":"has-post-thumbnail","7":"category-ile-de-france","8":"tag-actu","9":"tag-actualites","10":"tag-eu","11":"tag-europe","12":"tag-feature2","13":"tag-fr","14":"tag-france","15":"tag-ile-de-france","16":"tag-news","17":"tag-paris","18":"tag-republique-francaise"},"share_on_mastodon":{"url":"https:\/\/pubeurope.com\/@fr\/114636376247612199","error":""},"_links":{"self":[{"href":"https:\/\/www.europesays.com\/fr\/wp-json\/wp\/v2\/posts\/156469","targetHints":{"allow":["GET"]}}],"collection":[{"href":"https:\/\/www.europesays.com\/fr\/wp-json\/wp\/v2\/posts"}],"about":[{"href":"https:\/\/www.europesays.com\/fr\/wp-json\/wp\/v2\/types\/post"}],"author":[{"embeddable":true,"href":"https:\/\/www.europesays.com\/fr\/wp-json\/wp\/v2\/users\/2"}],"replies":[{"embeddable":true,"href":"https:\/\/www.europesays.com\/fr\/wp-json\/wp\/v2\/comments?post=156469"}],"version-history":[{"count":0,"href":"https:\/\/www.europesays.com\/fr\/wp-json\/wp\/v2\/posts\/156469\/revisions"}],"wp:featuredmedia":[{"embeddable":true,"href":"https:\/\/www.europesays.com\/fr\/wp-json\/wp\/v2\/media\/156470"}],"wp:attachment":[{"href":"https:\/\/www.europesays.com\/fr\/wp-json\/wp\/v2\/media?parent=156469"}],"wp:term":[{"taxonomy":"category","embeddable":true,"href":"https:\/\/www.europesays.com\/fr\/wp-json\/wp\/v2\/categories?post=156469"},{"taxonomy":"post_tag","embeddable":true,"href":"https:\/\/www.europesays.com\/fr\/wp-json\/wp\/v2\/tags?post=156469"}],"curies":[{"name":"wp","href":"https:\/\/api.w.org\/{rel}","templated":true}]}}