{"id":15647,"date":"2025-04-10T18:54:18","date_gmt":"2025-04-10T18:54:18","guid":{"rendered":"https:\/\/www.europesays.com\/fr\/15647\/"},"modified":"2025-04-10T18:54:18","modified_gmt":"2025-04-10T18:54:18","slug":"deux-urnes-plus-delus-le-revirement-de-lr-et-du-rn-le-changement-de-mode-de-scrutin-des-municipales-a-marseille-plm-decrypte","status":"publish","type":"post","link":"https:\/\/www.europesays.com\/fr\/15647\/","title":{"rendered":"Deux urnes, plus d&rsquo;\u00e9lus, le revirement de LR et du RN&#8230; Le changement de mode de scrutin des municipales \u00e0 Marseille (PLM) d\u00e9crypt\u00e9"},"content":{"rendered":"<p>La r\u00e9forme de la loi PLM, qui r\u00e9git le mode de scrutin d\u00e9rogatoire aux \u00e9lections municipales \u00e0 Marseille, Paris et Lyon, a franchi un premier cap avec son <a href=\"https:\/\/www.laprovence.com\/article\/politique\/2012159322271315\/municipales-a-marseille-la-reforme-du-mode-de-scrutin-adoptee-a-lassemblee\" target=\"_blank\" rel=\"noopener\">adoption par l\u2019Assembl\u00e9e, mercredi 9 avril en d\u00e9but de soir\u00e9e<\/a>.<\/p>\n<p>Principale innovation de ce texte\u00a0: d\u00e9sormais, on <a href=\"https:\/\/www.laprovence.com\/article\/politique\/2757023773062714\/plm-les-trois-points-cles-de-la-loi-avant-le-vote-ce-lundi\" target=\"_blank\" rel=\"noopener\">votera deux fois aux municipales \u00e0 Marseille<\/a> (comme \u00e0 Paris, trois fois \u00e0 Lyon avec les \u00e9lections m\u00e9tropolitaines). Une urne permettra de d\u00e9signer les conseillers municipaux et, in fine, le ou la maire de Marseille. Une autre urne permettra d\u2019\u00e9lire les conseillers d\u2019arrondissements. \u00ab\u00a0L\u2019objectif n\u2019est pas l\u2019alignement sur le droit commun mais qu\u2019on s\u2019en rapproche le plus possible\u00a0\u00bb, a r\u00e9pondu Patrick Mignola, ministre d\u00e9l\u00e9gu\u00e9 aux Relations avec le Parlement, aux opposants au texte qui ont point\u00e9 un r\u00e9gime rest\u00e9 d\u00e9rogatoire par rapport aux autres communes de France.<\/p>\n<p>Payan 1- Muselier 0<\/p>\n<p>Dans le match \u00e0 distance qui l\u2019oppose \u00e0 Renaud Muselier sur ce sujet, Beno\u00eet Payan a donc remport\u00e9 une premi\u00e8re manche. Le maire (DVG) de Marseille n&rsquo;a pas eu un poids d\u00e9cisif dans l\u2019h\u00e9micycle, avec la seule voix de son ancien adjoint Laurent Lhardit (PS) pour d\u00e9fendre son accord \u00e0 la r\u00e9forme. Mais <a href=\"https:\/\/www.laprovence.com\/article\/politique\/7432119166657314\/loi-contre-le-narcotrafic-avant-la-loi-electorale-paris-lyon-marseille-renaud-muselier-se-depense-sans-compter\" target=\"_blank\" rel=\"noopener\">le pr\u00e9sident de R\u00e9gion, oppos\u00e9 \u00e0 une modification pr\u00e9cipit\u00e9e<\/a> (et plut\u00f4t d\u00e9favorable \u00e0 son camp \u00e0 Marseille) des r\u00e8gles \u00e9lectorales, n\u2019a, lui, pas re\u00e7u le soutien de son parti Renaissance et du \u00ab\u00a0bloc central\u00a0\u00bb dans cette bataille. Ce n\u2019\u00e9tait pas une surprise : la r\u00e9forme a \u00e9t\u00e9 initi\u00e9e par le d\u00e9put\u00e9 (Ren.) de Paris, Sylvain Maillard et mise sur la table par le Premier ministre Fran\u00e7ois Bayrou.<\/p>\n","protected":false},"excerpt":{"rendered":"La r\u00e9forme de la loi PLM, qui r\u00e9git le mode de scrutin d\u00e9rogatoire aux \u00e9lections municipales \u00e0 Marseille,&hellip;\n","protected":false},"author":2,"featured_media":15648,"comment_status":"","ping_status":"","sticky":false,"template":"","format":"standard","meta":{"footnotes":""},"categories":[2814],"tags":[17,1111,11,6560,6559,4070,1777,674,1011,27,884,985,12,378,316,882,25,4189,6558],"class_list":{"0":"post-15647","1":"post","2":"type-post","3":"status-publish","4":"format-standard","5":"has-post-thumbnail","7":"category-marseille","8":"tag-17","9":"tag-actu","10":"tag-actualites","11":"tag-changement","12":"tag-delus","13":"tag-deux","14":"tag-eu","15":"tag-europe","16":"tag-fr","17":"tag-france","18":"tag-marseille","19":"tag-mode","20":"tag-news","21":"tag-plus","22":"tag-politique","23":"tag-provence-alpes-cote-dazur","24":"tag-republique-francaise","25":"tag-scrutin","26":"tag-urnes"},"share_on_mastodon":{"url":"https:\/\/pubeurope.com\/@fr\/114315189493830604","error":""},"_links":{"self":[{"href":"https:\/\/www.europesays.com\/fr\/wp-json\/wp\/v2\/posts\/15647","targetHints":{"allow":["GET"]}}],"collection":[{"href":"https:\/\/www.europesays.com\/fr\/wp-json\/wp\/v2\/posts"}],"about":[{"href":"https:\/\/www.europesays.com\/fr\/wp-json\/wp\/v2\/types\/post"}],"author":[{"embeddable":true,"href":"https:\/\/www.europesays.com\/fr\/wp-json\/wp\/v2\/users\/2"}],"replies":[{"embeddable":true,"href":"https:\/\/www.europesays.com\/fr\/wp-json\/wp\/v2\/comments?post=15647"}],"version-history":[{"count":0,"href":"https:\/\/www.europesays.com\/fr\/wp-json\/wp\/v2\/posts\/15647\/revisions"}],"wp:featuredmedia":[{"embeddable":true,"href":"https:\/\/www.europesays.com\/fr\/wp-json\/wp\/v2\/media\/15648"}],"wp:attachment":[{"href":"https:\/\/www.europesays.com\/fr\/wp-json\/wp\/v2\/media?parent=15647"}],"wp:term":[{"taxonomy":"category","embeddable":true,"href":"https:\/\/www.europesays.com\/fr\/wp-json\/wp\/v2\/categories?post=15647"},{"taxonomy":"post_tag","embeddable":true,"href":"https:\/\/www.europesays.com\/fr\/wp-json\/wp\/v2\/tags?post=15647"}],"curies":[{"name":"wp","href":"https:\/\/api.w.org\/{rel}","templated":true}]}}