{"id":156479,"date":"2025-06-06T12:21:08","date_gmt":"2025-06-06T12:21:08","guid":{"rendered":"https:\/\/www.europesays.com\/fr\/156479\/"},"modified":"2025-06-06T12:21:08","modified_gmt":"2025-06-06T12:21:08","slug":"le-kremlin-qualifie-le-conflit-en-ukraine-d-existentiel-pour-la-russie","status":"publish","type":"post","link":"https:\/\/www.europesays.com\/fr\/156479\/","title":{"rendered":"Le Kremlin qualifie le conflit en Ukraine d&rsquo;\u00ab\u00a0existentiel\u00a0\u00bb pour la Russie"},"content":{"rendered":"<p>\u00ab Pour nous, c\u2019est une question existentielle, une question d\u2019int\u00e9r\u00eats nationaux, de s\u00e9curit\u00e9, de notre avenir et de celui de nos enfants \u00bb, a d\u00e9clar\u00e9 \u00e0 la presse le porte-parole du Kremlin, Dmitri Peskov, lors de son briefing quotidien, en r\u00e9ponse \u00e0 une question sur des <a href=\"https:\/\/www.letelegramme.fr\/monde\/ukraine-trump-a-parle-avec-poutine-mais-previent-quil-ny-a-pas-de-paix-immediate-en-vue-6830260.php\" target=\"_blank\" rel=\"nofollow noopener\">d\u00e9clarations de Donald Trump<\/a> qui a compar\u00e9 jeudi le <a href=\"https:\/\/www.letelegramme.fr\/monde\/guerre-ukraine-russie\/\" target=\"_blank\" rel=\"nofollow noopener\">conflit en Ukraine<\/a> \u00e0 une \u00ab bagarre \u00bb dans un parc entre \u00ab deux jeunes enfants \u00bb.<\/p>\n<p>Alors que les pourparlers de paix relanc\u00e9s ces derniers mois par le pr\u00e9sident am\u00e9ricain Donald Trump semblent d\u00e9sormais dans l\u2019impasse, <a href=\"https:\/\/www.letelegramme.fr\/monde\/guerre-ukraine-russie\/la-russie-bombarde-massivement-lukraine-au-moins-quatre-morts-a-kiev-6830941.php\" target=\"_blank\" rel=\"nofollow noopener\">les frappes et les combats meurtriers<\/a> se poursuivent inexorablement.<\/p>\n","protected":false},"excerpt":{"rendered":"\u00ab Pour nous, c\u2019est une question existentielle, une question d\u2019int\u00e9r\u00eats nationaux, de s\u00e9curit\u00e9, de notre avenir et de&hellip;\n","protected":false},"author":2,"featured_media":156480,"comment_status":"","ping_status":"","sticky":false,"template":"","format":"standard","meta":{"footnotes":""},"categories":[1591],"tags":[11,765,1887,131,2069,74,12,1885,1886,132,220],"class_list":{"0":"post-156479","1":"post","2":"type-post","3":"status-publish","4":"format-standard","5":"has-post-thumbnail","7":"category-russie","8":"tag-actualites","9":"tag-en-continu","10":"tag-federation-de-russie","11":"tag-guerre-en-ukraine","12":"tag-guerre-ukraine-russie","13":"tag-monde","14":"tag-news","15":"tag-russia","16":"tag-russian-federation","17":"tag-russie","18":"tag-ukraine"},"share_on_mastodon":{"url":"https:\/\/pubeurope.com\/@fr\/114636395906569467","error":""},"_links":{"self":[{"href":"https:\/\/www.europesays.com\/fr\/wp-json\/wp\/v2\/posts\/156479","targetHints":{"allow":["GET"]}}],"collection":[{"href":"https:\/\/www.europesays.com\/fr\/wp-json\/wp\/v2\/posts"}],"about":[{"href":"https:\/\/www.europesays.com\/fr\/wp-json\/wp\/v2\/types\/post"}],"author":[{"embeddable":true,"href":"https:\/\/www.europesays.com\/fr\/wp-json\/wp\/v2\/users\/2"}],"replies":[{"embeddable":true,"href":"https:\/\/www.europesays.com\/fr\/wp-json\/wp\/v2\/comments?post=156479"}],"version-history":[{"count":0,"href":"https:\/\/www.europesays.com\/fr\/wp-json\/wp\/v2\/posts\/156479\/revisions"}],"wp:featuredmedia":[{"embeddable":true,"href":"https:\/\/www.europesays.com\/fr\/wp-json\/wp\/v2\/media\/156480"}],"wp:attachment":[{"href":"https:\/\/www.europesays.com\/fr\/wp-json\/wp\/v2\/media?parent=156479"}],"wp:term":[{"taxonomy":"category","embeddable":true,"href":"https:\/\/www.europesays.com\/fr\/wp-json\/wp\/v2\/categories?post=156479"},{"taxonomy":"post_tag","embeddable":true,"href":"https:\/\/www.europesays.com\/fr\/wp-json\/wp\/v2\/tags?post=156479"}],"curies":[{"name":"wp","href":"https:\/\/api.w.org\/{rel}","templated":true}]}}