{"id":156481,"date":"2025-06-06T12:22:11","date_gmt":"2025-06-06T12:22:11","guid":{"rendered":"https:\/\/www.europesays.com\/fr\/156481\/"},"modified":"2025-06-06T12:22:11","modified_gmt":"2025-06-06T12:22:11","slug":"il-etait-determine-a-aller-aider-un-jeune-lyonnais-disparait-apres-setre-engage-dans-larmee","status":"publish","type":"post","link":"https:\/\/www.europesays.com\/fr\/156481\/","title":{"rendered":"\u00ab Il \u00e9tait d\u00e9termin\u00e9 \u00e0 aller aider \u00bb\u2026 Un jeune lyonnais dispara\u00eet apr\u00e8s s\u2019\u00eatre engag\u00e9 dans l\u2019arm\u00e9e"},"content":{"rendered":"<p><strong>drame &#8211; Eirik Coursier s\u2019\u00e9tait engag\u00e9 au sein d\u2019une brigade d\u2019assaut \u00e9trang\u00e8re pour l\u2019arm\u00e9e ukrainienne. Il est port\u00e9 disparu depuis le 28\u00a0mai<\/strong><\/p>\n<p>L\u2019attente insoutenable d\u2019une famille. Depuis le 28\u00a0mai 2025, Eirik Coursier, 21 ans, engag\u00e9 dans une brigade d\u2019assaut \u00e9trang\u00e8re au sein de <a href=\"https:\/\/www.20minutes.fr\/monde\/ukraine\/?at_medium=RSS%20feed&amp;at_campaign=ynews&amp;utm_source=yahoo&amp;utm_medium=rss&amp;utm_campaign=news_feed&amp;utm_content=in_article_link\" rel=\"nofollow noopener\" target=\"_blank\" data-ylk=\"slk:l\u2019arm\u00e9e ukrainienne;elm:context_link;itc:0;sec:content-canvas\" class=\"link \">l\u2019arm\u00e9e ukrainienne<\/a>, n\u2019a plus donn\u00e9 signe de vie, selon les informations de <a href=\"https:\/\/france3-regions.franceinfo.fr\/auvergne-rhone-alpes\/rhone\/lyon\/video-guerre-en-ukraine-un-lyonnais-de-21-ans-disparu-sur-le-front-son-pere-temoigne-3166416.html?at_medium=RSS%20feed&amp;at_campaign=ynews&amp;utm_source=yahoo&amp;utm_medium=rss&amp;utm_campaign=news_feed&amp;utm_content=in_article_link\" rel=\"nofollow noopener\" target=\"_blank\" data-ylk=\"slk:France 3 R\u00e9gions;elm:context_link;itc:0;sec:content-canvas\" class=\"link \">France 3 R\u00e9gions<\/a>. Photoreporter ind\u00e9pendant en Ukraine depuis trois ans, il avait adopt\u00e9 ce pays comme le sien et s\u2019\u00e9tait engag\u00e9 en f\u00e9vrier dernier dans une unit\u00e9 anglophone compos\u00e9e de <a href=\"https:\/\/www.20minutes.fr\/monde\/ukraine\/4142990-20250311-instructeurs-francais-tues-ukraine-attention-fausse-information?at_medium=RSS%20feed&amp;at_campaign=ynews&amp;utm_source=yahoo&amp;utm_medium=rss&amp;utm_campaign=news_feed&amp;utm_content=in_article_link\" rel=\"nofollow noopener\" target=\"_blank\" data-ylk=\"slk:combattants \u00e9trangers;elm:context_link;itc:0;sec:content-canvas\" class=\"link \">combattants \u00e9trangers<\/a>. \u00ab\u00a0Il nous disait\u00a0: Papa, maman, j\u2019ai ma place l\u00e0-bas, je me sens chez moi\u00a0\u00bb, confie son p\u00e8re, Nicolas Coursier, \u00e0 France 3 R\u00e9gions.<\/p>\n<p>Le 30 mai, l\u2019unit\u00e9 d\u2019Eirik informe sa famille qu\u2019il est officiellement port\u00e9 disparu dans la r\u00e9gion de Donetsk, \u00e0 la suite d\u2019une attaque de drones russes. Selon ses compagnons d\u2019armes, le jeune homme aurait \u00e9t\u00e9 bless\u00e9 et abandonn\u00e9 sur place, l\u2019\u00e9vacuation s\u2019\u00e9tant r\u00e9v\u00e9l\u00e9e impossible face \u00e0 la menace des drones.<\/p>\n<p>\u00ab\u00a0Lui, n\u2019est pas rentr\u00e9\u00a0\u00bb<\/p>\n<p>\u00ab\u00a0Ses camarades ont d\u00fb battre en retraite sous la menace des drones. C\u2019est flou. C\u2019est des affaires militaires, on ne peut pas \u00eatre au courant de tout. Mais en tout cas, lui n\u2019est pas rentr\u00e9\u00a0\u00bb, raconte Nicolas, suspendu \u00e0 l\u2019espoir d\u2019une nouvelle.<\/p>\n<p>Ancien policier affect\u00e9 au palais de justice de Lyon, Eirik avait d\u00e9missionn\u00e9 pour s\u2019engager pleinement dans ce combat, motiv\u00e9 par une volont\u00e9 farouche de d\u00e9fendre l\u2019Ukraine. \u00ab\u00a0On a fait tout ce qu\u2019on a pu. Et puis on a compris que rien ne le ferait changer d\u2019avis. Il \u00e9tait d\u00e9termin\u00e9 \u00e0 aller aider\u00a0\u00bb, explique son p\u00e8re qui se dit peu optimiste sur le sort d(&#8230;)<\/p>\n<p><a href=\"https:\/\/www.20minutes.fr\/monde\/ukraine\/4157298-20250606-guerre-ukraine-determine-aller-aider-jeune-lyonnais-disparait-apres-etre-engage-armee?at_medium=RSS%20feed&amp;at_campaign=ynews&amp;utm_source=yahoo&amp;utm_medium=rss&amp;utm_campaign=news_feed&amp;utm_content=read_more_link&quot;\" rel=\"nofollow noopener\" target=\"_blank\" data-ylk=\"slk:Lire la suite sur 20minutes;elm:context_link;itc:0;sec:content-canvas\" class=\"link \">Lire la suite sur 20minutes<\/a><\/p>\n<p>\u00c0 lire aussi :<br \/><a href=\"https:\/\/www.20minutes.fr\/societe\/4142420-20250309-guerre-ukraine-ca-consiste-quoi-reellement-etre-reserviste-france?at_medium=RSS%20feed&amp;at_campaign=ynews&amp;utm_source=yahoo&amp;utm_medium=rss&amp;utm_campaign=news_feed&amp;utm_content=related_content_link\" rel=\"nofollow noopener\" target=\"_blank\" data-ylk=\"slk:Guerre en Ukraine\u00a0: \u00c7a consiste en quoi r\u00e9ellement \u00eatre r\u00e9serviste en France\u00a0?;elm:context_link;itc:0;sec:content-canvas\" class=\"link \">Guerre en Ukraine\u00a0: \u00c7a consiste en quoi r\u00e9ellement \u00eatre r\u00e9serviste en France\u00a0?<\/a><br \/><a href=\"https:\/\/www.20minutes.fr\/monde\/ukraine\/4143890-20250318-guerre-ukraine-russes-torturent-plaisir-sadique-raconte-vladyslav-prisonnier-pendant-679-jours?at_medium=RSS%20feed&amp;at_campaign=ynews&amp;utm_source=yahoo&amp;utm_medium=rss&amp;utm_campaign=news_feed&amp;utm_content=related_content_link\" rel=\"nofollow noopener\" target=\"_blank\" data-ylk=\"slk:Guerre en Ukraine\u00a0: Les Russes torturent \u00ab\u00a0par plaisir sadique\u00a0\u00bb, raconte Vladyslav, prisonnier pendant 679 jours;elm:context_link;itc:0;sec:content-canvas\" class=\"link \">Guerre en Ukraine\u00a0: Les Russes torturent \u00ab\u00a0par plaisir sadique\u00a0\u00bb, raconte Vladyslav, prisonnier pendant 679 jours<\/a><\/p>\n","protected":false},"excerpt":{"rendered":"drame &#8211; Eirik Coursier s\u2019\u00e9tait engag\u00e9 au sein d\u2019une brigade d\u2019assaut \u00e9trang\u00e8re pour l\u2019arm\u00e9e ukrainienne. Il est port\u00e9&hellip;\n","protected":false},"author":2,"featured_media":156482,"comment_status":"","ping_status":"","sticky":false,"template":"","format":"standard","meta":{"footnotes":""},"categories":[1590],"tags":[11,28740,12708,1777,674,12,28739,28738,220],"class_list":{"0":"post-156481","1":"post","2":"type-post","3":"status-publish","4":"format-standard","5":"has-post-thumbnail","7":"category-ukraine","8":"tag-actualites","9":"tag-eirik-coursier","10":"tag-engage","11":"tag-eu","12":"tag-europe","13":"tag-news","14":"tag-nicolas-coursier","15":"tag-palais-de-justice-de-lyon","16":"tag-ukraine"},"share_on_mastodon":{"url":"https:\/\/pubeurope.com\/@fr\/114636399928422146","error":""},"_links":{"self":[{"href":"https:\/\/www.europesays.com\/fr\/wp-json\/wp\/v2\/posts\/156481","targetHints":{"allow":["GET"]}}],"collection":[{"href":"https:\/\/www.europesays.com\/fr\/wp-json\/wp\/v2\/posts"}],"about":[{"href":"https:\/\/www.europesays.com\/fr\/wp-json\/wp\/v2\/types\/post"}],"author":[{"embeddable":true,"href":"https:\/\/www.europesays.com\/fr\/wp-json\/wp\/v2\/users\/2"}],"replies":[{"embeddable":true,"href":"https:\/\/www.europesays.com\/fr\/wp-json\/wp\/v2\/comments?post=156481"}],"version-history":[{"count":0,"href":"https:\/\/www.europesays.com\/fr\/wp-json\/wp\/v2\/posts\/156481\/revisions"}],"wp:featuredmedia":[{"embeddable":true,"href":"https:\/\/www.europesays.com\/fr\/wp-json\/wp\/v2\/media\/156482"}],"wp:attachment":[{"href":"https:\/\/www.europesays.com\/fr\/wp-json\/wp\/v2\/media?parent=156481"}],"wp:term":[{"taxonomy":"category","embeddable":true,"href":"https:\/\/www.europesays.com\/fr\/wp-json\/wp\/v2\/categories?post=156481"},{"taxonomy":"post_tag","embeddable":true,"href":"https:\/\/www.europesays.com\/fr\/wp-json\/wp\/v2\/tags?post=156481"}],"curies":[{"name":"wp","href":"https:\/\/api.w.org\/{rel}","templated":true}]}}