{"id":156493,"date":"2025-06-06T12:28:09","date_gmt":"2025-06-06T12:28:09","guid":{"rendered":"https:\/\/www.europesays.com\/fr\/156493\/"},"modified":"2025-06-06T12:28:09","modified_gmt":"2025-06-06T12:28:09","slug":"au-dernier-jour-du-proces-ubisoft-des-victimes-il-ny-en-a-pas-que-six-liberation","status":"publish","type":"post","link":"https:\/\/www.europesays.com\/fr\/156493\/","title":{"rendered":"Au dernier jour du proc\u00e8s Ubisoft : \u00abDes victimes, il n\u2019y en a pas que six\u00bb &#8211; Lib\u00e9ration"},"content":{"rendered":"<ol>\n<li><a href=\"https:\/\/news.google.com\/rss\/articles\/CBMi1wFBVV95cUxNZTRNNVVTaGFnYzF6WFJqWnByYWYyQ2tia1YxbmIzQTFjZUNmNEZGRl9aeG5zZFVqVjhQdmFzaU5TZFl0UXRmTGY0UEVOVGVURHN4M2tLZjhfSmdKTkJuZVdtR1AyYmtmbjdRekIzUHh5c1IxRmVtREFHWU9FZnU4aXBEMS1ZemNWRFFYUFdCYVlTeFhSeE1iVHpqTHZTcnc3cmFMTFBMUFpkaTBOTnpBUlFaemNZa09CN05wZ0lFenBiTTFoMzlvLUlQYlpDU1h3b01lNU5tbw?oc=5\" target=\"_blank\" rel=\"noopener\">Au dernier jour du proc\u00e8s Ubisoft : \u00abDes victimes, il n\u2019y en a pas que six\u00bb<\/a>&nbsp;&nbsp;Lib\u00e9ration<\/li>\n<li><a href=\"https:\/\/news.google.com\/rss\/articles\/CBMixgJBVV95cUxQaTVkMmZXT3hIOXJKdG5DQXpzbHJkaWFKZjlHR0FOLWdmby1ndlRpTmlUaWZhRnVqb3JjM2ZVSmhtX3EwVjBTUVRYNjVLbUJLaGlCMF9yRGJfWFV2UDBGN09ZSEZnTTc1VmQ1a29tOXQwa1V0SGVjT2RNUU1sUHo2YVJ1NVBWUGdYLUJJQUU4azUwXzRWVk5NamJ2aHFwYkhaUHprQTNueDNVQ3pSMEJSaFJ0VE93SWFyb0VlRm1OVTFodVJ4ajdoTFVYYTg3aUJVblBNcFRBOTJCWGJud2xLOE5BSVZIYjY4NndEaVNRcmQ2M2dJbGhSelFOWVVXX09HUDNTTS1xdGthUl9RRTQzYVlUN011YUQyX3hTcnpaUnJLQlU4LUN5S0xpY2lhWWtvbFdHUFJQbHNUclpLQjIwSWdIRUZlUQ?oc=5\" target=\"_blank\" rel=\"noopener\">\u00ab\u00a0On ne peut pas condamner un syst\u00e8me, mais on peut juger ceux qui l&rsquo;ont incarn\u00e9\u00a0\u00bb : au dernier jour du proc\u00e8s d&rsquo;anciens cadres d&rsquo;Ubisoft, un r\u00e9quisitoire sans appel<\/a>&nbsp;&nbsp;France Info<\/li>\n<li><a href=\"https:\/\/news.google.com\/rss\/articles\/CBMiggJBVV95cUxOamVoNkVWUFVMVEU0MzVfQVpqdHI2NEtWVmhad2xHajZZVFQ0QkVaZW8yWUxjX0xfS3dscVRpMVpQZDdqSUpZNW9PVWVZaC1kN1RVUWRmS1pnNjJuRGdWbkZsOTBKV3dxR19OZE5UdXVTSE1QVmQxbFZVaWJ0RkNkNGZWMDk0dWstWDhhd0VqX0lGSHA2MFlBSEEzUy1FdWlXSTM3NWJBNXRMYzU4NEZGVnpJXzhxejdsREctV2hhbjlSSlB0YVZxWVZzMFRMNmpfcUtOcFJSQmJnNXhqYnQxUlBxa3Q2NHBCeG1UUE9EeTJxUnhRY0Q4eVk1OHBGLVh2Y3c?oc=5\" target=\"_blank\" rel=\"noopener\">\u00abSalut la conne, \u00e7a va ?\u00bb : cinq ans apr\u00e8s les insultes et humiliations, la grande d\u00e9rive des \u00abcr\u00e9as\u00bb d\u2019Ubisoft diss\u00e9qu\u00e9e par la justice<\/a>&nbsp;&nbsp;Le Figaro<\/li>\n<li><a href=\"https:\/\/news.google.com\/rss\/articles\/CBMi-gFBVV95cUxPRUlJbGNYMmFCZDdLa2dMWURqYnV1R0x2V3JUWXFqWFdXb2tSV2dxcEZFb2pTWFlhRC1NZ3JLbHZBUEw5czNXUWhuLTdTcHJ6UW9UNlp5MkVYeEttUnk4MnV6T3hmZFRhQ04yOTRQeGh5TEo2YTRrVjlva2lmcGxEQXNuTC04SmppWFhUTEVMVkRSMXJwdGx2MkFtSmNSajVFTVhCVFlGTURxU1NLVDBCMElPazVLYTUzUGxia2JSaE5ZOXQwQnp2MktUY2dPZW5pUHlDQTkyenloZTRiS3M1VlNkVm9STFRqQ2lsV2hycUZVMVpzaXItUWJB?oc=5\" target=\"_blank\" rel=\"noopener\">Harc\u00e8lement sexuel et moral: jusqu&rsquo;\u00e0 3 ans de prison avec sursis requis contre les trois ex-dirigeants d&rsquo;Ubisoft<\/a>&nbsp;&nbsp;BFMTV<\/li>\n<li><a href=\"https:\/\/news.google.com\/rss\/articles\/CBMi1AFBVV95cUxOcFF1a29Kd1BFYjlzMWl4LXk3VGJKTlNvU2JQOVBxXzFTOGEwUFhZS21YZmZObzhnUVJLWjlzdmJnd3ZPZmFVUDYzcjlFODc2RHhBZVNnbko2TU05eUM2d2xscTNqUnUxQlFTa2RnQ0U0aWF5aXIzQ0MwT0puYVBvQnRqZFVwalQtd0Mzd1MxZXhxamJYek9yOEJXNkFNdzNid081QUttUzd3T1VscEk4WHV4dFYwV0tFcEc3RDhjdXlPVWVfRXQwUkpxQ1picUt6TS16MA?oc=5\" target=\"_blank\" rel=\"noopener\">Ubisoft : \u00e0 leur proc\u00e8s, les t\u00e9moignages ahurissants des cadres du leader des jeux vid\u00e9o<\/a>&nbsp;&nbsp;Les Echos<\/li>\n<\/ol>\n","protected":false},"excerpt":{"rendered":"Au dernier jour du proc\u00e8s Ubisoft : \u00abDes victimes, il n\u2019y en a pas que six\u00bb&nbsp;&nbsp;Lib\u00e9ration \u00ab\u00a0On ne&hellip;\n","protected":false},"author":2,"featured_media":156494,"comment_status":"","ping_status":"","sticky":false,"template":"","format":"standard","meta":{"footnotes":""},"categories":[2],"tags":[11,1011,27,28741,28742,12,25,4455],"class_list":{"0":"post-156493","1":"post","2":"type-post","3":"status-publish","4":"format-standard","5":"has-post-thumbnail","7":"category-actualites","8":"tag-actualites","9":"tag-fr","10":"tag-france","11":"tag-harcelement-moral","12":"tag-harcelement-sexuel","13":"tag-news","14":"tag-republique-francaise","15":"tag-ubisoft"},"share_on_mastodon":{"url":"https:\/\/pubeurope.com\/@fr\/114636423428879249","error":""},"_links":{"self":[{"href":"https:\/\/www.europesays.com\/fr\/wp-json\/wp\/v2\/posts\/156493","targetHints":{"allow":["GET"]}}],"collection":[{"href":"https:\/\/www.europesays.com\/fr\/wp-json\/wp\/v2\/posts"}],"about":[{"href":"https:\/\/www.europesays.com\/fr\/wp-json\/wp\/v2\/types\/post"}],"author":[{"embeddable":true,"href":"https:\/\/www.europesays.com\/fr\/wp-json\/wp\/v2\/users\/2"}],"replies":[{"embeddable":true,"href":"https:\/\/www.europesays.com\/fr\/wp-json\/wp\/v2\/comments?post=156493"}],"version-history":[{"count":0,"href":"https:\/\/www.europesays.com\/fr\/wp-json\/wp\/v2\/posts\/156493\/revisions"}],"wp:featuredmedia":[{"embeddable":true,"href":"https:\/\/www.europesays.com\/fr\/wp-json\/wp\/v2\/media\/156494"}],"wp:attachment":[{"href":"https:\/\/www.europesays.com\/fr\/wp-json\/wp\/v2\/media?parent=156493"}],"wp:term":[{"taxonomy":"category","embeddable":true,"href":"https:\/\/www.europesays.com\/fr\/wp-json\/wp\/v2\/categories?post=156493"},{"taxonomy":"post_tag","embeddable":true,"href":"https:\/\/www.europesays.com\/fr\/wp-json\/wp\/v2\/tags?post=156493"}],"curies":[{"name":"wp","href":"https:\/\/api.w.org\/{rel}","templated":true}]}}