{"id":156495,"date":"2025-06-06T12:29:09","date_gmt":"2025-06-06T12:29:09","guid":{"rendered":"https:\/\/www.europesays.com\/fr\/156495\/"},"modified":"2025-06-06T12:29:09","modified_gmt":"2025-06-06T12:29:09","slug":"congres-du-ps-apres-la-reelection-dolivier-faure-carole-delga-va-t-elle-quitter-le-parti-liberation","status":"publish","type":"post","link":"https:\/\/www.europesays.com\/fr\/156495\/","title":{"rendered":"Congr\u00e8s du PS : apr\u00e8s la r\u00e9\u00e9lection d\u2019Olivier Faure, Carole Delga va-t-elle quitter le parti ? &#8211; Lib\u00e9ration"},"content":{"rendered":"<ol>\n<li><a href=\"https:\/\/news.google.com\/rss\/articles\/CBMi8wFBVV95cUxNaDQ3NjNKNnZOQnNuZ0dETnNoc0xyOVdjV3BzSHp0SVdjSzRpWTBhVFBHTzBGeFFZZl9zYjM2VWMta2oyS0tEZkNDX2lyV3dsekdfZ2h1SjFxV2hYdlMtNU04WU5qVUthNHpYRkZydVI3aHI4Y0xndzhoUXVuem9aUWQ4d1oxdERyMUtpWktvVGFrNDEwWFppTXpILVpfNTVJX3FxWk5ybU5rY1poNlBzR1RsLTQtMkpIQTRmTmZ0TTVQWmdqUFdZNkpkUVhsWDhhampuSDFudmozSjZnOTV3dVdubkU0S3YxV2NsVVQ1MzY3c2s?oc=5\" target=\"_blank\" rel=\"noopener\">Congr\u00e8s du PS : apr\u00e8s la r\u00e9\u00e9lection d\u2019Olivier Faure, Carole Delga va-t-elle quitter le parti ?<\/a>&nbsp;&nbsp;Lib\u00e9ration<\/li>\n<li><a href=\"https:\/\/news.google.com\/rss\/articles\/CBMiwwFBVV95cUxPc1hqSVNWa0txTl9qVy1MUk9yQ3FIaVA2LWE3c2pNZWxNeWU1TGZXWHd4WVlBMW5BSVBsblExRWtqQ1o5dmlMX3hWUVY1dldYYWgyUEE0bzBtYXdCNnE5NmRCSlJST3Y0MEpqVUxjcDZUX3ZXNzJzYTZqRXAxeU14MTVKTTFzLXRYbTVFdkEzMmpGamFzeDg3OTl6YnJaLTBIdmo2V0dDU045SndWT002UVE3Q2RQM2FxSHA0TWNjeVFialE?oc=5\" target=\"_blank\" rel=\"noopener\">Congr\u00e8s du PS : Olivier Faure, gagnant en trompe-l\u2019\u0153il, voit ses marges de man\u0153uvre se r\u00e9duire<\/a>&nbsp;&nbsp;Le Monde.fr<\/li>\n<li><a href=\"https:\/\/news.google.com\/rss\/articles\/CBMi_wFBVV95cUxPQXR1Z1NQbDhpdFZaZERhYi1sd2stYUJBQzktcHpLUEtJNEp5U2hvUjVVNFVQUFZqQlUyb25jWU53dFE4REFOdWVaLUdtVTlxTjZxNnY2YU9ERVpUaTJ2YlFoSlo0YVRmc29sVmVuVllvdHlkdzhvRzI5ZDlkZzJFaENaSm5JUURZOElncFItM056UlBpVTkzdFFVbjdKc0JLMVF5OGhNZDRnb0poLTJwTElmbHhneU14OENiei1JNG9XOC0zYlJqZF80TmtvZG9GT0FzZ1I5dnR5Uk1VQ2NKYWZjM3pfRVdTSTJ4aUhaeS1aRkVzNm56eXhNS2k4RHc?oc=5\" target=\"_blank\" rel=\"noopener\">\u00c9lection du premier secr\u00e9taire : \u00ab\u00a0Le Parti socialiste sort encore affaibli et divis\u00e9 au niveau national\u00a0\u00bb d\u00e9plore Carole Delga<\/a>&nbsp;&nbsp;Midi Libre<\/li>\n<li><a href=\"https:\/\/news.google.com\/rss\/articles\/CBMi5wFBVV95cUxOdUtWMF9nQTFDV2k1SkNCeXlSUVpYbGc2RGU1OXRkcVQwdW5zelgtQXNjUVpGVVJVU1dUeGV4UlBjcG5jTnBaMS1KVm1WRUlZdWFVVkNVWWJDdEE5aTNTeHpPRU0wZnNPRkFUZFVqR3R4THFvN3ZMTGFZLUtXamgtOEFDUXF6dEJWZENNdVR6eGc2NlptLVhKY09iRkJ3SWpMQUdKbDZHZFpDUWVOeXZzY1Y5N3YxYUU4dFJRamdqRjkzajl1WXhLWmxROXJTYzBzMFAxRnNWNWgxaWtwNzBrVWF4d0tPS2c?oc=5\" target=\"_blank\" rel=\"noopener\">Congr\u00e8s du PS. Le maire de Rouen Nicolas Mayer-Rossignol \u00e9choue face \u00e0 Olivier Faure<\/a>&nbsp;&nbsp;Actu.fr<\/li>\n<li><a href=\"https:\/\/news.google.com\/rss\/articles\/CBMi1wFBVV95cUxNb1pBdjFYZ21QbVIxNWVBVlVMbmJoa3BzQW03TldSQmlXNHM5azV1MGlEMi1OM0dvVjdNMjdOdWxfMnYwRFk4cjJRTk9ZTnNiT0IxY2VEb2FpZmU2aUpnRTlud00zVE5kZHpwSGhNbkRwbC1KdGViem5nbm8wQ1NZcTFCaXNkakIyWTdLWHcwdWwwU3BETjFGR0lMaG0xb1htUTk2TVlZLTZpUzlMSkFDTVdMWnNrMGpTZDh0dUdKR01jcHk0d1p3UHI3Y0ZqTEZYanptc0o2TQ?oc=5\" target=\"_blank\" rel=\"noopener\">Olivier Faure, l&rsquo;ind\u00e9boulonnable, charg\u00e9 de mettre le PS en orbite pour la pr\u00e9sidentielle de 2027<\/a>&nbsp;&nbsp;RTL.fr<\/li>\n<\/ol>\n","protected":false},"excerpt":{"rendered":"Congr\u00e8s du PS : apr\u00e8s la r\u00e9\u00e9lection d\u2019Olivier Faure, Carole Delga va-t-elle quitter le parti ?&nbsp;&nbsp;Lib\u00e9ration Congr\u00e8s du&hellip;\n","protected":false},"author":2,"featured_media":156496,"comment_status":"","ping_status":"","sticky":false,"template":"","format":"standard","meta":{"footnotes":""},"categories":[2],"tags":[11,14587,1011,27,12,4393,429,25],"class_list":{"0":"post-156495","1":"post","2":"type-post","3":"status-publish","4":"format-standard","5":"has-post-thumbnail","7":"category-actualites","8":"tag-actualites","9":"tag-carole-delga","10":"tag-fr","11":"tag-france","12":"tag-news","13":"tag-olivier-faure","14":"tag-ps","15":"tag-republique-francaise"},"share_on_mastodon":{"url":"https:\/\/pubeurope.com\/@fr\/114636427382940420","error":""},"_links":{"self":[{"href":"https:\/\/www.europesays.com\/fr\/wp-json\/wp\/v2\/posts\/156495","targetHints":{"allow":["GET"]}}],"collection":[{"href":"https:\/\/www.europesays.com\/fr\/wp-json\/wp\/v2\/posts"}],"about":[{"href":"https:\/\/www.europesays.com\/fr\/wp-json\/wp\/v2\/types\/post"}],"author":[{"embeddable":true,"href":"https:\/\/www.europesays.com\/fr\/wp-json\/wp\/v2\/users\/2"}],"replies":[{"embeddable":true,"href":"https:\/\/www.europesays.com\/fr\/wp-json\/wp\/v2\/comments?post=156495"}],"version-history":[{"count":0,"href":"https:\/\/www.europesays.com\/fr\/wp-json\/wp\/v2\/posts\/156495\/revisions"}],"wp:featuredmedia":[{"embeddable":true,"href":"https:\/\/www.europesays.com\/fr\/wp-json\/wp\/v2\/media\/156496"}],"wp:attachment":[{"href":"https:\/\/www.europesays.com\/fr\/wp-json\/wp\/v2\/media?parent=156495"}],"wp:term":[{"taxonomy":"category","embeddable":true,"href":"https:\/\/www.europesays.com\/fr\/wp-json\/wp\/v2\/categories?post=156495"},{"taxonomy":"post_tag","embeddable":true,"href":"https:\/\/www.europesays.com\/fr\/wp-json\/wp\/v2\/tags?post=156495"}],"curies":[{"name":"wp","href":"https:\/\/api.w.org\/{rel}","templated":true}]}}