{"id":156503,"date":"2025-06-06T12:36:11","date_gmt":"2025-06-06T12:36:11","guid":{"rendered":"https:\/\/www.europesays.com\/fr\/156503\/"},"modified":"2025-06-06T12:36:11","modified_gmt":"2025-06-06T12:36:11","slug":"pramac-discute-avec-toprak-razgatlioglu-mais-dement-un-contrat","status":"publish","type":"post","link":"https:\/\/www.europesays.com\/fr\/156503\/","title":{"rendered":"Pramac \u00ab\u00a0discute\u00a0\u00bb avec Toprak Razgatlioglu mais d\u00e9ment un contrat"},"content":{"rendered":"<p>La saison 2026 sera-t-elle la bonne ? Cela fait de nombreuses ann\u00e9es que des rumeurs annoncent l&rsquo;arriv\u00e9e de Toprak Razgatlioglu en MotoGP, chez <a href=\"https:\/\/fr.motorsport.com\/motogp\/news\/honda-autre-marque-interessees-razgatlioglu-motogp\/10713734\/\" target=\"_blank\" rel=\"noopener\">diff\u00e9rents constructeurs<\/a> ou \u00e9quipes ind\u00e9pendantes, sans que cela ne se soit jamais concr\u00e9tis\u00e9. Le Turc a jusqu&rsquo;\u00e0 pr\u00e9sent fait toute sa carri\u00e8re en Superbike, avec un titre en Supersport 600 en 2015 et surtout deux en WorldSBK, avec Yamaha en 2021 puis BMW la saison pass\u00e9e.<\/p>\n<p>Ces derni\u00e8res semaines, des rumeurs insistants \u00e9voquent un retour chez Yamaha, mais en MotoGP cette fois, par le biais du team Pramac. Le constructeur a d\u00e9j\u00e0 <a href=\"https:\/\/fr.motorsport.com\/motogp\/news\/razgatlioglu-pramac-yamaha-decision-ete\/10722986\/\" target=\"_blank\" rel=\"noopener\">assur\u00e9 qu&rsquo;il ne prendrait pas de d\u00e9cision avant l&rsquo;\u00e9t\u00e9<\/a>\u00a0mais plusieurs m\u00e9dias \u00e9voquent une annonce imminente, possible pour le GP d&rsquo;Italie dans deux semaines, pour la course \u00e0 domicile de Pramac.<\/p>\n<p>Paolo Pavesio, patron de Yamaha en comp\u00e9tition, n&rsquo;est pas pr\u00e9sent au GP d&rsquo;Arag\u00f3n et c&rsquo;est donc Gino Borsoi, le patron de l&rsquo;\u00e9quipe Pramac, qui est assailli de questions&#8230; avec surtout une volont\u00e9 de calmer le jeu.<\/p>\n<p>\u00ab\u00a0Actuellement, ce sont juste des rumeurs dans le paddock, c&rsquo;est tout\u00a0\u00bb, a affirm\u00e9 l&rsquo;ancien pilote, interrog\u00e9 par le site officiel du MotoGP, en confirmant n\u00e9anmoins des discussions en cours avec Razgatlioglu : \u00ab\u00a0Les rumeurs sont des rumeurs, il n&rsquo;y a pas eu de contrat sign\u00e9 avec Toprak, on a juste ouvert une fen\u00eatre pour discuter. D&rsquo;ici l&rsquo;\u00e9t\u00e9, il faudra comprendre quelles seront nos pilotes, puis prendre une d\u00e9cision. C&rsquo;est tout.\u00a0\u00bb<\/p>\n<p>Gino Borsoi ne souhaite pas mettre une pression inutile \u00e0 ses pilotes actuels, m\u00eame si on sait que le plus menac\u00e9 est <a href=\"https:\/\/fr.motorsport.com\/driver\/jack-miller\/96423\/\" target=\"_blank\" rel=\"noopener\">Jack Miller<\/a>, dont le contrat expire en fin de saison, alors que Miguel Olivera est engag\u00e9 jusqu&rsquo;\u00e0 fin 2026. Les deux hommes sont arriv\u00e9s cette ann\u00e9e, dans le cadre du passage de Pramac de Ducati \u00e0 Yamaha, et Borsoi estime qu&rsquo;ils doivent rester concentr\u00e9s sur leur saison.<\/p>\n<p>\u00ab\u00a0Il faut aussi penser \u00e0 nos pilotes. Nos pilotes montrent un gros potentiel et actuellement, on essaie de comprendre si on veut garder le m\u00eame duo que cette saison. Comme toujours, on discute.\u00a0\u00bb<\/p>\n<p>\u00ab\u00a0La motivation doit \u00eatre l\u00e0\u00a0\u00bb, a-t-il insist\u00e9. \u00ab\u00a0On a une saison devant nous, ils doivent rester tr\u00e8s motiv\u00e9s pour d\u00e9crocher les meilleurs r\u00e9sultats possibles, afin de montrer \u00e0 Yamaha et nous qu&rsquo;ils ont la vitesse pour continuer avec nous. S&rsquo;ils montrent la vitesse, je serai plus qu&rsquo;heureux de continuer avec eux.\u00a0\u00bb<\/p>\n<p>Lire aussi :<\/p>\n<p>Dans cet article<\/p>\n<p>    Vincent Lalanne-Sicaud\n<\/p>\n<p>    MotoGP\n<\/p>\n<p>    Toprak Razgatlioglu\n<\/p>\n<p>    Pramac Racing\n<\/p>\n<p>Soyez le premier inform\u00e9 et souscrivez aux alertes mails pour recevoir les infos en temps r\u00e9el<\/p>\n<p>    S&rsquo;abonner aux alertes de news<\/p>\n","protected":false},"excerpt":{"rendered":"La saison 2026 sera-t-elle la bonne ? Cela fait de nombreuses ann\u00e9es que des rumeurs annoncent l&rsquo;arriv\u00e9e de&hellip;\n","protected":false},"author":2,"featured_media":156504,"comment_status":"","ping_status":"","sticky":false,"template":"","format":"standard","meta":{"footnotes":""},"categories":[1413],"tags":[1011,27,1457,1456,1458,3593,60,8341],"class_list":{"0":"post-156503","1":"post","2":"type-post","3":"status-publish","4":"format-standard","5":"has-post-thumbnail","7":"category-moto","8":"tag-fr","9":"tag-france","10":"tag-moto","11":"tag-motocycle","12":"tag-motogp","13":"tag-pramac-racing","14":"tag-sports","15":"tag-toprak-razgatlioglu"},"share_on_mastodon":{"url":"https:\/\/pubeurope.com\/@fr\/114636454838795585","error":""},"_links":{"self":[{"href":"https:\/\/www.europesays.com\/fr\/wp-json\/wp\/v2\/posts\/156503","targetHints":{"allow":["GET"]}}],"collection":[{"href":"https:\/\/www.europesays.com\/fr\/wp-json\/wp\/v2\/posts"}],"about":[{"href":"https:\/\/www.europesays.com\/fr\/wp-json\/wp\/v2\/types\/post"}],"author":[{"embeddable":true,"href":"https:\/\/www.europesays.com\/fr\/wp-json\/wp\/v2\/users\/2"}],"replies":[{"embeddable":true,"href":"https:\/\/www.europesays.com\/fr\/wp-json\/wp\/v2\/comments?post=156503"}],"version-history":[{"count":0,"href":"https:\/\/www.europesays.com\/fr\/wp-json\/wp\/v2\/posts\/156503\/revisions"}],"wp:featuredmedia":[{"embeddable":true,"href":"https:\/\/www.europesays.com\/fr\/wp-json\/wp\/v2\/media\/156504"}],"wp:attachment":[{"href":"https:\/\/www.europesays.com\/fr\/wp-json\/wp\/v2\/media?parent=156503"}],"wp:term":[{"taxonomy":"category","embeddable":true,"href":"https:\/\/www.europesays.com\/fr\/wp-json\/wp\/v2\/categories?post=156503"},{"taxonomy":"post_tag","embeddable":true,"href":"https:\/\/www.europesays.com\/fr\/wp-json\/wp\/v2\/tags?post=156503"}],"curies":[{"name":"wp","href":"https:\/\/api.w.org\/{rel}","templated":true}]}}