{"id":156505,"date":"2025-06-06T12:37:12","date_gmt":"2025-06-06T12:37:12","guid":{"rendered":"https:\/\/www.europesays.com\/fr\/156505\/"},"modified":"2025-06-06T12:37:12","modified_gmt":"2025-06-06T12:37:12","slug":"david-beckham-va-etre-anobli","status":"publish","type":"post","link":"https:\/\/www.europesays.com\/fr\/156505\/","title":{"rendered":"David Beckham va \u00eatre anobli"},"content":{"rendered":"<p>Ce vendredi, la presse anglaise avance que David Beckham, l\u2019ancien joueur de Manchester United, va recevoir le titre de chevalier de la part du roi d\u2019Angleterre.<\/p>\n<p class=\"fig-paragraph\">Du quartier de l&rsquo;East End de Londres \u00e0 Buckingham palace\u00a0: David Beckham s&rsquo;appr\u00eate \u00e0 recevoir le titre de chevalier de la part du roi, r\u00e9compense longtemps attendue pour cette ic\u00f4ne du football, rapporte vendredi la presse britannique.<\/p>\n<p class=\"fig-paragraph\">L&rsquo;ancien international anglais et star de Manchester United figure parmi les r\u00e9cipiendaires honorifiques \u00e0 l&rsquo;occasion de l&rsquo;anniversaire de Charles III, dont la liste doit \u00eatre publi\u00e9e vendredi prochain, indiquent le tablo\u00efd The Sun et la BBC. L&rsquo;ex-footballeur de 50 ans, qui a pris sa retraite en 2013, et son \u00e9pouse Victoria, cr\u00e9atrice de mode et ancienne Spice Girl surnomm\u00e9e \u00abPosh\u00bb, deviendront ainsi Sir David et Lady Victoria.<\/p>\n<p class=\"fig-paragraph\">\u00c0 travers cette distinction, c&rsquo;est l&rsquo;engagement philanthropique de l&rsquo;int\u00e9ress\u00e9, notamment en faveur de la jeunesse d\u00e9favoris\u00e9e, qui est c\u00e9l\u00e9br\u00e9, selon la presse. Le couple \u00e9volue dans la sph\u00e8re royale depuis des ann\u00e9es. Ils avaient \u00e9t\u00e9 convi\u00e9s au mariage du prince William et de Kate Middleton en 2011 ainsi qu&rsquo;\u00e0 celui du prince Harry et Meghan Markle en 2018.<\/p>\n<p>Une amiti\u00e9 naissante<\/p>\n<p class=\"fig-paragraph\">Selon The Sun, David a nou\u00e9 des liens d&rsquo;amiti\u00e9 avec le roi Charles. Leur passion commune pour l&rsquo;horticulture les aurait particuli\u00e8rement rapproch\u00e9s. Et en juin 2024, le roi l&rsquo;avait officiellement nomm\u00e9 ambassadeur de sa fondation (King&rsquo;s foundation).<\/p>\n<p class=\"fig-paragraph\">Plus r\u00e9cemment, les cam\u00e9ras de plusieurs m\u00e9dias avaient surpris un \u00e9change entre le couple royal et les Beckham \u00e0 l&rsquo;occasion du Chelsea Flower Show, \u00e9v\u00e9nement mondain qui se tient \u00e0 Londres fin mai. Dans l&rsquo;une des prises de vues, diffus\u00e9e par The Sun, on entend le roi demander \u00e0 David Beckham s&rsquo;il \u00aba re\u00e7u son cadeau d&rsquo;anniversaire\u00bb (le 2 mai). Et Beckham de r\u00e9pondre: \u00abc&rsquo;\u00e9tait incroyable, merci, c&rsquo;\u00e9tait tr\u00e8s gentil\u00bb.<\/p>\n<p class=\"fig-paragraph\">Le titre de chevalier lui \u00e9tait pass\u00e9 sous le nez en 2014 apr\u00e8s que le comit\u00e9 en charge de ces distinctions se soit oppos\u00e9 \u00e0 une telle nomination, pointant des probl\u00e8mes d&rsquo;ordre fiscal. En 2003, David avait d\u00e9j\u00e0 \u00e9t\u00e9 d\u00e9cor\u00e9 de l&rsquo;Ordre de l&rsquo;Empire britannique pour services rendus au football, lors d&rsquo;une c\u00e9r\u00e9monie au palais de Buckingham en pr\u00e9sence notamment de sa femme Victoria et de ses fils Brooklyn et Romeo.<\/p>\n","protected":false},"excerpt":{"rendered":"Ce vendredi, la presse anglaise avance que David Beckham, l\u2019ancien joueur de Manchester United, va recevoir le titre&hellip;\n","protected":false},"author":2,"featured_media":156506,"comment_status":"","ping_status":"","sticky":false,"template":"","format":"standard","meta":{"footnotes":""},"categories":[1412],"tags":[454,69,448,83,451,11193,64,450,449,1451,1452,1453,1454,1455,1011,27,452,453,66,446,447,70,60,455],"class_list":{"0":"post-156505","1":"post","2":"type-post","3":"status-publish","4":"format-standard","5":"has-post-thumbnail","7":"category-f1","8":"tag-ballon-dor","9":"tag-bundesliga","10":"tag-champions-league","11":"tag-coupe-de-france","12":"tag-coupe-du-monde","13":"tag-david-beckham","14":"tag-equipe-de-france","15":"tag-euro","16":"tag-europa-league","17":"tag-f1","18":"tag-formula-1","19":"tag-formula1","20":"tag-formule-1","21":"tag-formule1","22":"tag-fr","23":"tag-france","24":"tag-italie","25":"tag-liga","26":"tag-ligue-1","27":"tag-ligue-2","28":"tag-ligue-des-champions","29":"tag-premier-league","30":"tag-sports","31":"tag-uefa"},"share_on_mastodon":{"url":"https:\/\/pubeurope.com\/@fr\/114636458732584095","error":""},"_links":{"self":[{"href":"https:\/\/www.europesays.com\/fr\/wp-json\/wp\/v2\/posts\/156505","targetHints":{"allow":["GET"]}}],"collection":[{"href":"https:\/\/www.europesays.com\/fr\/wp-json\/wp\/v2\/posts"}],"about":[{"href":"https:\/\/www.europesays.com\/fr\/wp-json\/wp\/v2\/types\/post"}],"author":[{"embeddable":true,"href":"https:\/\/www.europesays.com\/fr\/wp-json\/wp\/v2\/users\/2"}],"replies":[{"embeddable":true,"href":"https:\/\/www.europesays.com\/fr\/wp-json\/wp\/v2\/comments?post=156505"}],"version-history":[{"count":0,"href":"https:\/\/www.europesays.com\/fr\/wp-json\/wp\/v2\/posts\/156505\/revisions"}],"wp:featuredmedia":[{"embeddable":true,"href":"https:\/\/www.europesays.com\/fr\/wp-json\/wp\/v2\/media\/156506"}],"wp:attachment":[{"href":"https:\/\/www.europesays.com\/fr\/wp-json\/wp\/v2\/media?parent=156505"}],"wp:term":[{"taxonomy":"category","embeddable":true,"href":"https:\/\/www.europesays.com\/fr\/wp-json\/wp\/v2\/categories?post=156505"},{"taxonomy":"post_tag","embeddable":true,"href":"https:\/\/www.europesays.com\/fr\/wp-json\/wp\/v2\/tags?post=156505"}],"curies":[{"name":"wp","href":"https:\/\/api.w.org\/{rel}","templated":true}]}}