{"id":156509,"date":"2025-06-06T12:39:10","date_gmt":"2025-06-06T12:39:10","guid":{"rendered":"https:\/\/www.europesays.com\/fr\/156509\/"},"modified":"2025-06-06T12:39:10","modified_gmt":"2025-06-06T12:39:10","slug":"une-mauvaise-nouvelle-officialisee-pour-ce-milieu-du-psg","status":"publish","type":"post","link":"https:\/\/www.europesays.com\/fr\/156509\/","title":{"rendered":"Une mauvaise nouvelle officialis\u00e9e pour ce milieu du PSG"},"content":{"rendered":"<p><strong>Carlos Soler, milieu de 28 ans arriv\u00e9 au Paris Saint-Germain durant l\u2019\u00e9t\u00e9 2022 en provenance de Valence avec un contrat jusqu\u2019en 2027, n\u2019a pas su convaincre sur le terrain et a \u00e9t\u00e9 pr\u00eat\u00e9 \u00e0 West Ham pour la saison 2024-2025. Il revient dor\u00e9navant \u00e0 Paris, c\u2019est officiel.<\/strong><\/p>\n<blockquote class=\"twitter-tweet\">\n<p dir=\"ltr\" lang=\"en\">We can confirm that Jean-Clair Todibo will complete a permanent transfer from OGC Nice on July 1<\/p>\n<p>Meanwhile, Carlos Soler and Evan Ferguson will return to their parent clubs following the end of their loan spells. We would like to wish them every success for the future.<\/p>\n<p>\u2014 West Ham United (@WestHam) <a href=\"https:\/\/twitter.com\/WestHam\/status\/1930912914996642095?ref_src=twsrc%5Etfw\" target=\"_blank\" rel=\"noopener\">June 6, 2025<\/a><\/p>\n<\/blockquote>\n<p>West Ham ne garde donc pas Soler, ce qui n\u2019est pas vraiment une surprise m\u00eame si on pouvait garder un petit espoir. Il faut maintenant trouver une solution pour la suite. Ce devrait \u00eatre possible, car il a pu avoir du temps de jeu en Premier League m\u00eame s\u2019il n\u2019a pas totalement convaincu. On peut noter penser \u00e0 un retour en Liga, o\u00f9 il avait brill\u00e9. Naples a aussi \u00e9t\u00e9 \u00e9voqu\u00e9.<\/p>\n<p>Mais on attend de voir des pistes concr\u00e8tes. On se doute seulement qu\u2019il ne rejouera pas au PSG, il ne s\u2019\u00e9tait pas impos\u00e9 et la concurrence est encore plus forte que lors de son d\u00e9part.<\/p>\n<p>\t\t\t\t\t\t\t\t\t\t\t\t\t\t\t\t\t\t\t\t\t\t\t<img loading=\"lazy\" src=\"https:\/\/www.europesays.com\/fr\/wp-content\/uploads\/2025\/04\/ParisFans_Logo.png\" decoding=\"async\" class=\"lazyload\" width=\"240\" height=\"54\" data-eio-rwidth=\"240\" data-eio-rheight=\"54\"\/><\/p>\n<p>\t\t\t\t\t\t\t\t<script async src=\"https:\/\/platform.twitter.com\/widgets.js\" charset=\"utf-8\"><\/script><\/p>\n","protected":false},"excerpt":{"rendered":"Carlos Soler, milieu de 28 ans arriv\u00e9 au Paris Saint-Germain durant l\u2019\u00e9t\u00e9 2022 en provenance de Valence avec&hellip;\n","protected":false},"author":2,"featured_media":156510,"comment_status":"","ping_status":"","sticky":false,"template":"","format":"standard","meta":{"footnotes":""},"categories":[1410],"tags":[28743,63,1011,27,60,96],"class_list":{"0":"post-156509","1":"post","2":"type-post","3":"status-publish","4":"format-standard","5":"has-post-thumbnail","7":"category-football","8":"tag-carlos-soler","9":"tag-football","10":"tag-fr","11":"tag-france","12":"tag-sports","13":"tag-une"},"share_on_mastodon":{"url":"https:\/\/pubeurope.com\/@fr\/114636466715146846","error":""},"_links":{"self":[{"href":"https:\/\/www.europesays.com\/fr\/wp-json\/wp\/v2\/posts\/156509","targetHints":{"allow":["GET"]}}],"collection":[{"href":"https:\/\/www.europesays.com\/fr\/wp-json\/wp\/v2\/posts"}],"about":[{"href":"https:\/\/www.europesays.com\/fr\/wp-json\/wp\/v2\/types\/post"}],"author":[{"embeddable":true,"href":"https:\/\/www.europesays.com\/fr\/wp-json\/wp\/v2\/users\/2"}],"replies":[{"embeddable":true,"href":"https:\/\/www.europesays.com\/fr\/wp-json\/wp\/v2\/comments?post=156509"}],"version-history":[{"count":0,"href":"https:\/\/www.europesays.com\/fr\/wp-json\/wp\/v2\/posts\/156509\/revisions"}],"wp:featuredmedia":[{"embeddable":true,"href":"https:\/\/www.europesays.com\/fr\/wp-json\/wp\/v2\/media\/156510"}],"wp:attachment":[{"href":"https:\/\/www.europesays.com\/fr\/wp-json\/wp\/v2\/media?parent=156509"}],"wp:term":[{"taxonomy":"category","embeddable":true,"href":"https:\/\/www.europesays.com\/fr\/wp-json\/wp\/v2\/categories?post=156509"},{"taxonomy":"post_tag","embeddable":true,"href":"https:\/\/www.europesays.com\/fr\/wp-json\/wp\/v2\/tags?post=156509"}],"curies":[{"name":"wp","href":"https:\/\/api.w.org\/{rel}","templated":true}]}}