{"id":156513,"date":"2025-06-06T12:41:15","date_gmt":"2025-06-06T12:41:15","guid":{"rendered":"https:\/\/www.europesays.com\/fr\/156513\/"},"modified":"2025-06-06T12:41:15","modified_gmt":"2025-06-06T12:41:15","slug":"a-marseille-le-banksy-en-forme-de-phare-sest-transforme-en-beu-teu","status":"publish","type":"post","link":"https:\/\/www.europesays.com\/fr\/156513\/","title":{"rendered":"\u00c0 Marseille, le Banksy en forme de phare\u2026 s\u2019est transform\u00e9 en beu-teu"},"content":{"rendered":"<p>Deux jours apr\u00e8s son apparition \u00e0 Marseille, une \u0153uvre du street-artiste Banksy a \u00e9t\u00e9 d\u00e9grad\u00e9e dans la nuit de samedi \u00e0 dimanche avant d\u2019\u00eatre remise en \u00e9tat, a constat\u00e9 un journaliste de l\u2019AFP. De couleur violette, le barbouillage \u00e9tait constitu\u00e9 de deux testicules grossi\u00e8rement peints de chaque c\u00f4t\u00e9 de l\u2019\u0153uvre, un phare sombre au bout duquel appara\u00eet une lumi\u00e8re blanche semblant jouer avec l\u2019ombre d\u2019un poteau, pour former un p\u00e9nis.<\/p>\n<p class=\"text-konbiniBlack px-3 pt-0 text-left font-bold text-2xl\">\u00c0 voir aussi sur Konbini<\/p>\n<p>La d\u00e9gradation a \u00e9t\u00e9 rapidement nettoy\u00e9e dimanche dans la matin\u00e9e, de sorte que l\u2019\u0153uvre originale, accompagn\u00e9e d\u2019une phrase myst\u00e9rieuse \u00ab\u00a0I want to be what you saw in me\u00a0\u00bb\u00a0\u00e9tait \u00e0 nouveau visible dimanche midi.<\/p>\n<p>\u00ab\u00a0J\u2019ai tent\u00e9 de nettoyer des tags qui ont \u00e9t\u00e9 faits cette nuit, parce qu\u2019en fait, il faut un certain temps d\u2019attente pour que le vernis de protection anti-graffiti soit vraiment op\u00e9rationnel\u00a0\u00bb, a expliqu\u00e9 \u00e0 l\u2019AFP Agn\u00e8s Perrone, peintre en d\u00e9cor du patrimoine venue \u00ab\u00a0pour donner un coup de main\u00a0\u00bb. \u00ab\u00a0Ils ont attendu que je sois all\u00e9e me coucher, m\u00eame tr\u00e8s tardivement, pour venir rajouter une belle paire de couilles autour du phare\u00a0\u00bb, a-t-elle pest\u00e9 alors qu\u2019elle surveillait les environs pour \u00e9viter sa d\u00e9gradation. \u00ab\u00a0Je trouve \u00e7a tr\u00e8s con. Mais en m\u00eame temps, je suis habitu\u00e9e, je suis marseillaise: c\u2019est un sport national de combattre les tags, ici\u00a0\u00bb, a-t-elle ajout\u00e9.<\/p>\n<p>L\u2019\u0153uvre de l\u2019\u00e9nigmatique et tr\u00e8s secret street-artiste avait \u00e9t\u00e9 d\u00e9couverte vendredi dans une rue discr\u00e8te de Marseille, tout pr\u00e8s d\u2019une des plages de la deuxi\u00e8me ville de France, sur la c\u00f4te m\u00e9diterran\u00e9enne. C\u2019est l\u2019artiste lui-m\u00eame, dont l\u2019identit\u00e9 reste toujours myst\u00e9rieuse, qui avait r\u00e9v\u00e9l\u00e9 une photo de son \u0153uvre, sans faire de commentaire, sur son profil Instagram.<\/p>\n<p>S\u2019il est aussi l\u2019auteur de tableaux et sculptures, Banksy est principalement connu pour ses pochoirs percutants qu\u2019il s\u00e8me dans les rues du monde entier, provoquant souvent l\u2019hyst\u00e9rie du public. Dimanche encore, nombreux \u00e9taient les curieux venus observer l\u2019\u0153uvre en l\u2019immortalisant sur leur portable.<\/p>\n<p>Les \u0153uvres de Banksy ont rapport\u00e9 plusieurs dizaines de millions de dollars, faisant de lui l\u2019un des artistes vivants les plus connus au monde. Elles portent souvent des messages puissants et provocateurs, sur des th\u00e8mes tels que la guerre, le capitalisme, le contr\u00f4le social ou encore les droits de l\u2019homme.<\/p>\n","protected":false},"excerpt":{"rendered":"Deux jours apr\u00e8s son apparition \u00e0 Marseille, une \u0153uvre du street-artiste Banksy a \u00e9t\u00e9 d\u00e9grad\u00e9e dans la nuit&hellip;\n","protected":false},"author":2,"featured_media":156514,"comment_status":"","ping_status":"","sticky":false,"template":"","format":"standard","meta":{"footnotes":""},"categories":[1358],"tags":[1348,1384,1385,1386,58,59,1011,27,1970],"class_list":{"0":"post-156513","1":"post","2":"type-post","3":"status-publish","4":"format-standard","5":"has-post-thumbnail","7":"category-arts-et-design","8":"tag-arts","9":"tag-arts-and-design","10":"tag-arts-et-design","11":"tag-design","12":"tag-divertissement","13":"tag-entertainment","14":"tag-fr","15":"tag-france","16":"tag-pop-culture"},"share_on_mastodon":{"url":"https:\/\/pubeurope.com\/@fr\/114636474632034288","error":""},"_links":{"self":[{"href":"https:\/\/www.europesays.com\/fr\/wp-json\/wp\/v2\/posts\/156513","targetHints":{"allow":["GET"]}}],"collection":[{"href":"https:\/\/www.europesays.com\/fr\/wp-json\/wp\/v2\/posts"}],"about":[{"href":"https:\/\/www.europesays.com\/fr\/wp-json\/wp\/v2\/types\/post"}],"author":[{"embeddable":true,"href":"https:\/\/www.europesays.com\/fr\/wp-json\/wp\/v2\/users\/2"}],"replies":[{"embeddable":true,"href":"https:\/\/www.europesays.com\/fr\/wp-json\/wp\/v2\/comments?post=156513"}],"version-history":[{"count":0,"href":"https:\/\/www.europesays.com\/fr\/wp-json\/wp\/v2\/posts\/156513\/revisions"}],"wp:featuredmedia":[{"embeddable":true,"href":"https:\/\/www.europesays.com\/fr\/wp-json\/wp\/v2\/media\/156514"}],"wp:attachment":[{"href":"https:\/\/www.europesays.com\/fr\/wp-json\/wp\/v2\/media?parent=156513"}],"wp:term":[{"taxonomy":"category","embeddable":true,"href":"https:\/\/www.europesays.com\/fr\/wp-json\/wp\/v2\/categories?post=156513"},{"taxonomy":"post_tag","embeddable":true,"href":"https:\/\/www.europesays.com\/fr\/wp-json\/wp\/v2\/tags?post=156513"}],"curies":[{"name":"wp","href":"https:\/\/api.w.org\/{rel}","templated":true}]}}