{"id":156519,"date":"2025-06-06T12:44:09","date_gmt":"2025-06-06T12:44:09","guid":{"rendered":"https:\/\/www.europesays.com\/fr\/156519\/"},"modified":"2025-06-06T12:44:09","modified_gmt":"2025-06-06T12:44:09","slug":"francis-lalanne-devoile-une-nouvelle-chanson-et-embrasse-le-drapeau-russe","status":"publish","type":"post","link":"https:\/\/www.europesays.com\/fr\/156519\/","title":{"rendered":"Francis Lalanne d\u00e9voile une nouvelle chanson et embrasse le drapeau russe"},"content":{"rendered":"<p><strong>VID\u00c9O &#8211;<\/strong> Connu pour ses positions \u00abpro-russes\u00bb, le chanteur Francis Lalanne a d\u00e9voil\u00e9, jeudi 5 juin, un nouveau clip musical nomm\u00e9 \u00abMa Russie\u00bb.<\/p>\n<p class=\"fig-paragraph\">Place Rouge et Kremlin en toile de fond, le chanteur<a href=\"https:\/\/www.lefigaro.fr\/vox\/covid-19-ukraine-dieudonne-et-paul-watson-les-grands-combats-de-francis-lalanne-20241005\" data-fig-type=\"Article\" data-gtm-custom-categorie=\"navigation\" data-gtm-custom-action=\"crossclick\" data-gtm-custom-label=\"Contextuel\" data-gtm-event=\"customEventSPE\" data-fig-domain=\"LEFIGARO\" target=\"_blank\" rel=\"noopener\">\u00a0Francis Lalanne\u00a0<\/a>a sorti un nouveau single intitul\u00e9 \u00abMa Russie\u00bb. Dans son clip vid\u00e9o, le chanteur fran\u00e7ais s\u2019est affich\u00e9 avec un pull estampill\u00e9 d\u2019un drapeau russe et de la mention \u00abFront Populaire\u00bb \u00e9crit en cyrillique.<\/p>\n<p class=\"fig-paragraph\">Francis Lalanne a \u00e9galement port\u00e9 un\u00a0<a href=\"https:\/\/www.lefigaro.fr\/international\/z-le-nouveau-signe-de-ralliement-au-kremlin-dans-une-societe-russe-qui-ne-veut-pas-savoir-20220316\" data-fig-type=\"Article\" data-gtm-custom-categorie=\"navigation\" data-gtm-custom-action=\"crossclick\" data-gtm-custom-label=\"Contextuel\" data-gtm-event=\"customEventSPE\" data-fig-domain=\"LEFIGARO\" target=\"_blank\" rel=\"noopener\">ruban de Saint-Georges<\/a>, symbole du patriotisme russe et de la victoire des Sovi\u00e9tiques sur l\u2019arm\u00e9e nazie.\u00a0En collaboration avec la chanteuse d\u2019op\u00e9ra russe Elena Maximova ainsi que les enfants du th\u00e9\u00e2tre musical Domisolka, Francis Lalanne a fi\u00e8rement revendiqu\u00e9 son amour pour la Russie.<\/p>\n<p><strong>Des discours \u00abpro-russes\u00bb<\/strong><\/p>\n<p class=\"fig-paragraph\">Le chanteur a longuement embrass\u00e9 le drapeau russe, tout en chantant des paroles patriotiques\u00a0: \u00ab\u00d4 mon amour, ma terre, ma Russie, je chante pour toi, ma patrie\u00a0! Je t\u2019aime tant, en neige, en fleur ; j\u2019aime tes mers de tout mon c\u0153ur\u00a0! Je ne connais pas sous les cieux de beaut\u00e9 plus ch\u00e8re \u00e0 mes yeux\u00bb\u00a0. Depuis l\u2019invasion russe en Ukraine, Francis Lalanne a multipli\u00e9 les sorties pol\u00e9miques sur la guerre en Ukraine.<\/p>\n<p class=\"fig-paragraph\">Le 15 avril dernier, le chanteur a d\u00e9clar\u00e9 au micro d\u2019Europe 1 que le conflit entre l\u2019Ukraine et la Russie \u00e9tait un \u00ablitige\u00bb, tout en exprimant ses r\u00e9serves sur la v\u00e9racit\u00e9 des\u00a0<a href=\"http:\/\/www.lefigaro.fr\/international\/guerre-en-ukraine-le-patron-de-l-onu-sous-le-choc-apres-la-frappe-russe-qui-a-fait-au-moins-34-morts-a-soumy-20250414\" data-fig-type=\"NewsFlash\" data-gtm-custom-categorie=\"navigation\" data-gtm-custom-action=\"crossclick\" data-gtm-custom-label=\"Contextuel\" data-gtm-event=\"customEventSPE\" data-fig-domain=\"LEFIGARO\" target=\"_blank\" rel=\"noopener\">frappes russes contre la ville de Soumy<\/a>, tuant 35 civils. \u00abJe condamne les bombardements contre les populations civiles, \u00e0 supposer qu\u2019il y ait eu des bombardements contre les populations civiles [&#8230;] je ne crois plus un mot de ce qu\u2019on me dit \u00e0 la t\u00e9l\u00e9vision et la radio, car nous sommes dans une p\u00e9riode o\u00f9 la propagande r\u00e8gne\u00bb avait-il d\u00e9clar\u00e9, provoquant un toll\u00e9 dans le studio.<\/p>\n","protected":false},"excerpt":{"rendered":"VID\u00c9O &#8211; Connu pour ses positions \u00abpro-russes\u00bb, le chanteur Francis Lalanne a d\u00e9voil\u00e9, jeudi 5 juin, un nouveau&hellip;\n","protected":false},"author":2,"featured_media":156520,"comment_status":"","ping_status":"","sticky":false,"template":"","format":"standard","meta":{"footnotes":""},"categories":[1355],"tags":[1111,47,11,1109,1112,58,59,118,1108,107,1106,1107,1011,27,21301,131,1110,1114,14,1361,873,12,1113,316,132],"class_list":{"0":"post-156519","1":"post","2":"type-post","3":"status-publish","4":"format-standard","5":"has-post-thumbnail","7":"category-musique","8":"tag-actu","9":"tag-actualite","10":"tag-actualites","11":"tag-breves","12":"tag-depeches","13":"tag-divertissement","14":"tag-entertainment","15":"tag-faits-divers","16":"tag-fil","17":"tag-fil-info","18":"tag-flash","19":"tag-flash-actu","20":"tag-fr","21":"tag-france","22":"tag-francis-lalanne","23":"tag-guerre-en-ukraine","24":"tag-informations","25":"tag-infos","26":"tag-international","27":"tag-music","28":"tag-musique","29":"tag-news","30":"tag-nouvelles","31":"tag-politique","32":"tag-russie"},"share_on_mastodon":{"url":"https:\/\/pubeurope.com\/@fr\/114636486408125357","error":""},"_links":{"self":[{"href":"https:\/\/www.europesays.com\/fr\/wp-json\/wp\/v2\/posts\/156519","targetHints":{"allow":["GET"]}}],"collection":[{"href":"https:\/\/www.europesays.com\/fr\/wp-json\/wp\/v2\/posts"}],"about":[{"href":"https:\/\/www.europesays.com\/fr\/wp-json\/wp\/v2\/types\/post"}],"author":[{"embeddable":true,"href":"https:\/\/www.europesays.com\/fr\/wp-json\/wp\/v2\/users\/2"}],"replies":[{"embeddable":true,"href":"https:\/\/www.europesays.com\/fr\/wp-json\/wp\/v2\/comments?post=156519"}],"version-history":[{"count":0,"href":"https:\/\/www.europesays.com\/fr\/wp-json\/wp\/v2\/posts\/156519\/revisions"}],"wp:featuredmedia":[{"embeddable":true,"href":"https:\/\/www.europesays.com\/fr\/wp-json\/wp\/v2\/media\/156520"}],"wp:attachment":[{"href":"https:\/\/www.europesays.com\/fr\/wp-json\/wp\/v2\/media?parent=156519"}],"wp:term":[{"taxonomy":"category","embeddable":true,"href":"https:\/\/www.europesays.com\/fr\/wp-json\/wp\/v2\/categories?post=156519"},{"taxonomy":"post_tag","embeddable":true,"href":"https:\/\/www.europesays.com\/fr\/wp-json\/wp\/v2\/tags?post=156519"}],"curies":[{"name":"wp","href":"https:\/\/api.w.org\/{rel}","templated":true}]}}