{"id":156523,"date":"2025-06-06T12:46:14","date_gmt":"2025-06-06T12:46:14","guid":{"rendered":"https:\/\/www.europesays.com\/fr\/156523\/"},"modified":"2025-06-06T12:46:14","modified_gmt":"2025-06-06T12:46:14","slug":"chef-de-service-maladies-symptomes","status":"publish","type":"post","link":"https:\/\/www.europesays.com\/fr\/156523\/","title":{"rendered":"chef de service maladies sympt\u00f4mes"},"content":{"rendered":"<p class=\"post-excerpt\">Certaines maladies cachent leurs sympt\u00f4mes derri\u00e8re des signes banals ou trompeurs, rendant leur diagnostic particuli\u00e8rement d\u00e9licat. D\u00e9couvrez les dix pathologies qui mettent \u00e0 l\u2019\u00e9preuve l\u2019expertise des m\u00e9decins.<\/p>\n<p>Le diagnostic m\u00e9dical est parfois un v\u00e9ritable jeu de piste, surtout lorsque les sympt\u00f4mes sont trompeurs ou communs \u00e0<a href=\"https:\/\/www.aufeminin.com\/sante-femme\/lymphoedeme-cette-maladie-silencieuse-qui-touche-surtout-les-femmes-voici-5-signes-qui-doivent-vous-alerter-s4112085.html\" target=\"_blank\" rel=\"noopener\"> de nombreuses maladies<\/a>. Certaines maladies cachent leur v\u00e9ritable nature derri\u00e8re des sympt\u00f4mes tr\u00e8s vari\u00e9s et souvent peu sp\u00e9cifiques. Face \u00e0 ces maladies aux multiples visages, la vigilance et la collaboration entre sp\u00e9cialistes sont essentielles. L\u2019\u00e9volution des outils diagnostiques, notamment l\u2019imagerie m\u00e9dicale et la biologie mol\u00e9culaire, offre de nouveaux espoirs pour <strong>r\u00e9duire l\u2019errance diagnostique.<\/strong><\/p>\n<p>Toutefois, chaque sympt\u00f4me inhabituel ou persistant doit alerter et inciter \u00e0 approfondir les investigations. Cela permet d\u2019\u00e9viter les pi\u00e8ges du diagnostic et d\u2019assurer une prise en charge adapt\u00e9e. Ces dix maladies d\u00e9montrent parfaitement la complexit\u00e9 de l\u2019art <a href=\"https:\/\/www.aufeminin.com\/sante-femme\/des-millions-de-francais-passent-cet-examen-medical-qui-serait-a-l-origine-de-5-des-cancers-un-docteur-fait-le-point-s4111348.html\" target=\"_blank\" rel=\"noopener\">du diagnostic m\u00e9dical.<\/a> Elles rappellent ainsi que, derri\u00e8re chaque sympt\u00f4me, il peut y avoir <strong>une pathologie rare ou atypique<\/strong> qui ne demande qu\u2019\u00e0 \u00eatre reconnue. Cependant, certaines maladies donnent plus de fil \u00e0 retordre que d\u00a0\u00bbautres aux m\u00e9decins, selon le site Doctissimo. <\/p>\n<p> Des maladies aux sympt\u00f4mes cam\u00e9l\u00e9ons <\/p>\n<p><strong>La scl\u00e9rose en plaques<\/strong>, par exemple, se manifeste par <a href=\"https:\/\/www.aufeminin.com\/sante-femme\/maladie-de-charcot-ce-symptome-est-le-premier-a-apparaitre-dans-60-des-cas-voici-ce-que-vous-devez-surveiller-s4109821.html\" target=\"_blank\" rel=\"noopener\">des troubles neurologiques<\/a> tr\u00e8s divers. Parmi eux, on retrouve la fatigue, les troubles visuels, les fourmillements. Ces sympt\u00f4mes peuvent \u00eatre confondus avec ceux d\u2019autres affections moins graves. De m\u00eame, <strong>l\u2019endom\u00e9triose,<\/strong> maladie gyn\u00e9cologique fr\u00e9quente, se traduit par des douleurs pelviennes souvent assimil\u00e9es \u00e0 de simples r\u00e8gles douloureuses. Cela retarde ainsi le diagnostic de plusieurs ann\u00e9es chez de nombreuses femmes. \u00ab\u00a0La SEP est le pi\u00e8ge absolu de la neurologie, en tout cas au d\u00e9but, car le tableau clinique peut \u00e9voquer n&rsquo;importe quelle maladie\u00a0\u00bb, a expliqu\u00e9 le professeur Jean-Fran\u00e7ois Bergmann, chef du service de m\u00e9decine interne \u00e0 l&rsquo;h\u00f4pital Lariboisi\u00e8re.<\/p>\n<p><strong>Le lupus,<\/strong>\u00a0maladie auto-immune, est un autre cas d\u2019\u00e9cole. Il peut toucher la peau, les articulations, les reins ou d\u2019autres organes, avec des manifestations cliniques tr\u00e8s h\u00e9t\u00e9rog\u00e8nes. Les sympt\u00f4mes \u00e9voluent dans le temps, ce qui complique la pose d\u2019un diagnostic pr\u00e9coce. <strong>La maladie de Lyme<\/strong>, transmise par les tiques, pr\u00e9sente \u00e9galement des signes tr\u00e8s polymorphes. On constate de la fi\u00e8vre, des douleurs articulaires, des troubles neurologiques, et m\u00eame des manifestations cutan\u00e9es. Ces signes peuvent passer inaper\u00e7ues ou \u00eatre attribu\u00e9es \u00e0 d\u2019autres causes. \u00ab\u00a0Un m\u00e9decin g\u00e9n\u00e9raliste voit au maximum 10 cas de lupus dans sa carri\u00e8re. C&rsquo;est donc la raret\u00e9 qui peut conduire \u00e0 un peu d&rsquo;errance, plus encore si la forme de la maladie n&rsquo;est pas typique\u00a0\u00bb, a d\u00e9clar\u00e9 le sp\u00e9cialiste.<\/p>\n<p><strong>La fibromyalgie<\/strong>, caract\u00e9ris\u00e9e par des douleurs diffuses et une fatigue chronique, est souvent mal comprise et sous-diagnostiqu\u00e9e. Les examens compl\u00e9mentaires sont g\u00e9n\u00e9ralement normaux. Cela conduit \u00e0 une errance diagnostique parfois longue et \u00e0 une prise en charge tardive. <strong>L\u2019h\u00e9mochromatose,<\/strong> maladie g\u00e9n\u00e9tique responsable d\u2019une surcharge en fer, peut rester silencieuse pendant des ann\u00e9es. Elle peut \u00e9galement se r\u00e9v\u00e9ler par des sympt\u00f4mes tr\u00e8s g\u00e9n\u00e9raux, comme une fatigue inexpliqu\u00e9e ou des douleurs articulaires, facilement attribu\u00e9s \u00e0 d\u2019autres causes.<\/p>\n<p>    <img loading=\"lazy\" aria-describedby=\"caption-attachment-2595842\" itemprop=\"thumbnailUrl\" decoding=\"async\" class=\"wp-image-2595842 img-responsive  size-large pinit-here\" src=\"https:\/\/www.europesays.com\/fr\/wp-content\/uploads\/2025\/06\/les-maladies-1024x683.jpg\" alt=\"&lt;p&gt;Les maladies\u00a0&lt;\/p&gt;\" width=\"1024\" height=\"683\" data-pin-media=\"https:\/\/sf1.afcdn.com\/wp-content\/uploads\/aufeminin\/2025\/06\/les-maladies-736x491.jpg\"\/> \u00a9  Shutterstock<\/p>\n<p id=\"caption-attachment-2595842\" class=\"wp-caption-text\">Certaines maladies cachent leurs sympt\u00f4mes derri\u00e8re des signes banals ou trompeurs, rendant leur diagnostic particuli\u00e8rement d\u00e9licat.<\/p>\n<p><strong>Le syndrome des jambes sans repos,<\/strong> avec ses sensations d\u00e9sagr\u00e9ables dans les membres inf\u00e9rieurs, est souvent confondu avec d\u2019autres troubles neurologiques ou psychiatriques. <strong>La sarco\u00efdose<\/strong>, maladie inflammatoire rare, peut toucher de nombreux organes. Elle se pr\u00e9sente sous des formes tr\u00e8s diverses, rendant le diagnostic particuli\u00e8rement complexe. La maladie c\u0153liaque, intol\u00e9rance au gluten, peut se manifester par des troubles digestifs mais aussi par des sympt\u00f4mes extra-digestifs comme l\u2019an\u00e9mie, la fatigue ou les troubles de l\u2019humeur, ce qui retarde souvent la reconnaissance de la pathologie.<\/p>\n<p><strong>La maladie de Crohn<\/strong>, maladie inflammatoire chronique de l\u2019intestin, peut aussi \u00eatre difficile \u00e0 diagnostiquer en raison de la vari\u00e9t\u00e9 de ses sympt\u00f4mes digestifs (douleurs abdominales, diarrh\u00e9e, perte de poids) qui ressemblent \u00e0 ceux d\u2019autres affections intestinales. Enfin, <strong>la polyarthrite rhumato\u00efde<\/strong>, maladie inflammatoire des articulations, peut d\u00e9buter par des signes tr\u00e8s discrets et progressifs, parfois attribu\u00e9s \u00e0 tort \u00e0 de simples douleurs articulaires li\u00e9es \u00e0 l\u2019\u00e2ge ou \u00e0 l\u2019activit\u00e9.<\/p>\n","protected":false},"excerpt":{"rendered":"Certaines maladies cachent leurs sympt\u00f4mes derri\u00e8re des signes banals ou trompeurs, rendant leur diagnostic particuli\u00e8rement d\u00e9licat. D\u00e9couvrez les&hellip;\n","protected":false},"author":2,"featured_media":156524,"comment_status":"","ping_status":"","sticky":false,"template":"","format":"standard","meta":{"footnotes":""},"categories":[10],"tags":[228,1011,27,72,226,224,71],"class_list":{"0":"post-156523","1":"post","2":"type-post","3":"status-publish","4":"format-standard","5":"has-post-thumbnail","7":"category-sante","8":"tag-diagnostic","9":"tag-fr","10":"tag-france","11":"tag-health","12":"tag-maladie","13":"tag-medecine","14":"tag-sante"},"share_on_mastodon":{"url":"https:\/\/pubeurope.com\/@fr\/114636494220571686","error":""},"_links":{"self":[{"href":"https:\/\/www.europesays.com\/fr\/wp-json\/wp\/v2\/posts\/156523","targetHints":{"allow":["GET"]}}],"collection":[{"href":"https:\/\/www.europesays.com\/fr\/wp-json\/wp\/v2\/posts"}],"about":[{"href":"https:\/\/www.europesays.com\/fr\/wp-json\/wp\/v2\/types\/post"}],"author":[{"embeddable":true,"href":"https:\/\/www.europesays.com\/fr\/wp-json\/wp\/v2\/users\/2"}],"replies":[{"embeddable":true,"href":"https:\/\/www.europesays.com\/fr\/wp-json\/wp\/v2\/comments?post=156523"}],"version-history":[{"count":0,"href":"https:\/\/www.europesays.com\/fr\/wp-json\/wp\/v2\/posts\/156523\/revisions"}],"wp:featuredmedia":[{"embeddable":true,"href":"https:\/\/www.europesays.com\/fr\/wp-json\/wp\/v2\/media\/156524"}],"wp:attachment":[{"href":"https:\/\/www.europesays.com\/fr\/wp-json\/wp\/v2\/media?parent=156523"}],"wp:term":[{"taxonomy":"category","embeddable":true,"href":"https:\/\/www.europesays.com\/fr\/wp-json\/wp\/v2\/categories?post=156523"},{"taxonomy":"post_tag","embeddable":true,"href":"https:\/\/www.europesays.com\/fr\/wp-json\/wp\/v2\/tags?post=156523"}],"curies":[{"name":"wp","href":"https:\/\/api.w.org\/{rel}","templated":true}]}}