{"id":156531,"date":"2025-06-06T12:50:10","date_gmt":"2025-06-06T12:50:10","guid":{"rendered":"https:\/\/www.europesays.com\/fr\/156531\/"},"modified":"2025-06-06T12:50:10","modified_gmt":"2025-06-06T12:50:10","slug":"apres-complement-denquete-rachida-dati-fragilisee-pour-les-municipales-2026","status":"publish","type":"post","link":"https:\/\/www.europesays.com\/fr\/156531\/","title":{"rendered":"Apr\u00e8s \u00ab\u00a0Compl\u00e9ment d\u2019enqu\u00eate\u00a0\u00bb, Rachida Dati fragilis\u00e9e pour les municipales 2026\u00a0?"},"content":{"rendered":"<p>        <img decoding=\"async\" loading=\"lazy\" src=\"https:\/\/www.europesays.com\/fr\/wp-content\/uploads\/2025\/06\/587f9e1_sirius-fs-upload-1-ll29avzhubdv-1749207419620-000-473k4ld.jpg\"  width=\"728\" height=\"409\" alt=\"Rachida Dati photographi\u00e9 le 17\u00a0mai au festival de Cannes (Photo by Anna KURTH \/ AFP)\"\/>  <\/p>\n<p>ANNA KURTH \/ AFP<\/p>\n<p>Rachida Dati photographi\u00e9 le 17\u00a0mai au festival de Cannes (Photo by Anna KURTH \/ AFP)<\/p>\n<p class=\"asset asset-text\">POLITIQUE &#8211; Le \u00ab\u00a0bulldozer politique \u00bb <a href=\"https:\/\/www.huffingtonpost.fr\/politique\/article\/le-complement-d-enquete-sur-rachida-dati-dresse-un-portrait-accablant-de-la-ministre-de-la-culture_250983.html\" target=\"_blank\" rel=\"noopener\">Rachida Dati<\/a> atteint-il ses limites\u00a0? Ce jeudi 5\u00a0juin, France 2\u00a0a diffus\u00e9 dans la soir\u00e9e un num\u00e9ro accablant de <a href=\"https:\/\/www.huffingtonpost.fr\/politique\/article\/dati-honoraires-gdf-suez-ce-que-contiennent-ces-documents-reveles-par-france-2-et-le-nouvel-obs_250942.html\" target=\"_blank\" rel=\"noopener\">Compl\u00e9ment d\u2019enqu\u00eate<\/a> sur l\u2019actuelle ministre de la Culture. <a href=\"https:\/\/www.huffingtonpost.fr\/nicolas-sarkozy\/\" target=\"_blank\" rel=\"noopener\">Ann\u00e9es Sarkozy<\/a>, r\u00e9seautage intensif, explosion m\u00e9diatique\u2026 Le documentaire d\u00e9cortique les m\u00e9thodes particuli\u00e8res de cette strat\u00e8ge politique, adepte de la castagne en coulisses comme en plateau.<\/p>\n<p class=\"asset asset-text\">La cha\u00eene a r\u00e9alis\u00e9 avec ce num\u00e9ro ses meilleures audiences de la saison. Une performance qui traduit la fascination qu\u2019exerce la maire du VIIe arrondissement de Paris mais dont les pratiques interrogent, alors que l\u2019\u00e9tau judiciaire se resserre.<\/p>\n<p class=\"asset asset-text\">\u00c0 cet \u00e9gard, Compl\u00e9ment d\u2019enqu\u00eate enfonce le clou et d\u00e9voile en partenariat avec Le Nouvel Obs des documents in\u00e9dits qui ne sont pas encore entre les mains de la justice, mais qui devraient fortement l\u2019int\u00e9resser.<\/p>\n<p>    L\u2019affaire GDF, un soup\u00e7on de trop\u00a0?    <\/p>\n<p class=\"asset asset-text\">Ils prouveraient que Rachida Dati\u00a0aurait re\u00e7u 299\u00a0000\u00a0euros d\u2019honoraires non d\u00e9clar\u00e9s du g\u00e9ant fran\u00e7ais GDF Suez en 2010-2011, quand elle \u00e9tait eurod\u00e9put\u00e9e et avocate. Le tout, alors qu\u2019elle apparaissait \u00e0 Bruxelles comme un soutien du secteur \u00e9nerg\u00e9tique. Elle r\u00e9fute, tout comme elle s\u2019oppose fermement \u00e0 sa mise en examen pour corruption passive dans l\u2019affaire Carlos Ghosn, en raison de 900\u00a0000\u00a0euros d\u2019honoraires d\u2019avocats qu\u2019elle aurait per\u00e7us entre 2010 et 2012.<\/p>\n<p class=\"asset asset-text\">\u00c0 ces d\u00e9boires judiciaires, s\u2019ajoute \u00e9galement une r\u00e9cente enqu\u00eate de presse de Lib\u00e9ration selon laquelle la ministre aurait oubli\u00e9 de d\u00e9clarer \u00e0 la HATVP plusieurs centaines de milliers d\u2019euros de bijoux. Si \u00e0 la mairie de Paris, la gauche ne manque jamais d\u2019attaquer Rachida Dati \u00e0 chaque r\u00e9v\u00e9lation, <a href=\"https:\/\/www.huffingtonpost.fr\/politique\/article\/rachida-dati-est-de-nouveau-ciblee-avec-humour-par-les-socialistes-au-conseil-de-paris_250975.html\" target=\"_blank\" rel=\"noopener\">comme Le HuffPost l\u2019expliquait ici<\/a>, cela commence \u00e0 faire beaucoup.<\/p>\n<p class=\"asset asset-text\">La premi\u00e8re secr\u00e9taire des \u00c9cologistes, Marine Tondelier a par exemple appel\u00e9 ce vendredi la ministre \u00e0 d\u00e9missionner si tant est, selon elle, qu\u2019elle ait \u00ab\u00a0un peu de respect pour son minist\u00e8re et les Parisiens\u00a0\u00bb. \u00ab\u00a0Une affaire de plus, une\u00a0! Il n\u2019est aucun Ministre qui pourrait rester en poste avec autant d\u2019accusations de malversations et de corruption\u00a0\u00bb, a martel\u00e9 de son c\u00f4t\u00e9 David Belliard, d\u00e9sign\u00e9 t\u00eate de liste des \u00e9cologistes pour la mairie de Paris en 2026. M\u00eame son de cloche chez R\u00e9mi F\u00e9raud, le candidat d\u00e9sign\u00e9 par Anne Hidalgo pour lui succ\u00e9der.<\/p>\n<p> La lecture de ce contenu est susceptible d\u2019entra\u00eener un d\u00e9p\u00f4t de cookies de la part de l\u2019op\u00e9rateur tiers qui l\u2019h\u00e9berge. Compte-tenu des choix que vous avez exprim\u00e9s en mati\u00e8re de d\u00e9p\u00f4t de cookies, nous avons bloqu\u00e9 l\u2019affichage de ce contenu. Si vous souhaitez y acc\u00e9der, vous devez accepter la cat\u00e9gorie de cookies \u201cContenus tiers\u201d en cliquant sur le bouton ci-dessous. <\/p>\n<p> Lire la Vid\u00e9o        Proc\u00e9dure baillons et intimidations    <\/p>\n<p class=\"asset asset-text\">D\u2019autant que la d\u00e9fense de la ministre, qui ne s\u2019explique que devant la justice, est souvent la m\u00eame\u00a0: l\u2019intimidation et la mise en cause du travail journalistique. Outre les proc\u00e9dures b\u00e2illons qu\u2019elle multiplie et qui ulc\u00e8re le principal syndicat des journalistes, elle accuse notamment les reporters de Compl\u00e9ment d\u2019enqu\u00eate d\u2019\u00eatre des \u00ab\u00a0voyous\u00a0\u00bb qui auraient monnay\u00e9 une interview avec cousin. Ce qu\u2019ils d\u00e9mentent sans d\u00e9tour.<\/p>\n<p class=\"asset asset-text\">L\u2019agacement a aussi gagn\u00e9 les sph\u00e8res politiques. L\u2019ancienne candidate de la macronie aux municipales de 2020, Agn\u00e8s Buzyn, n\u2019a gu\u00e8re dig\u00e9r\u00e9 la tension durant la campagne. Face cam\u00e9ra, elle\u00a0assure qu\u2019apr\u00e8s avoir refus\u00e9 une alliance avec Rachida Dati, cette derni\u00e8re lui aurait envoy\u00e9 des messages au ton mena\u00e7ant, lui promettant de \u00ab\u00a0l\u00e2cher les chiens\u00a0\u00bb contre elle.<\/p>\n<p class=\"asset asset-text\">Cette accumulation d\u2019accusations a-t-elle de quoi lui porter pr\u00e9judice dans la course \u00e0 l\u2019H\u00f4tel de ville en 2026\u00a0? Quoi qu\u2019il en soit, Compl\u00e9ment d\u2019enqu\u00eate r\u00e9v\u00e8le une conversion dans laquelle Rachida Dati confirme avoir monnay\u00e9 avec Emmanuel Macron son entr\u00e9e au gouvernement contre l\u2019assurance d\u2019un soutien pr\u00e9sidentiel \u00e0 sa candidature \u00e0 la mairie de Paris. Ce que les deux int\u00e9ress\u00e9s ont toujours ni\u00e9 publiquement (avant que l\u2019enregistrement r\u00e9v\u00e9l\u00e9 par France 2 ne vienne battre en br\u00e8che cette version).<\/p>\n<p>    Renaissance tent\u00e9 de l\u00e2cher sa candidature\u00a0?    <\/p>\n<p class=\"asset asset-text\">Depuis ce \u00ab\u00a0deal\u00a0\u00bb r\u00e9v\u00e9l\u00e9 par France 2, les liens entre le pr\u00e9sident de la R\u00e9publique et Gabriel Attal, d\u00e9sormais patron de Renaissance, se sont plus que distendus. Ce jeudi, l\u2019ancien Premier ministre a d\u2019ailleurs confi\u00e9 \u00e0 Franck Riester, charg\u00e9 des \u00e9lections \u00e0 Renaissance, une \u00ab\u00a0mission\u00a0\u00bb visant \u00e0 \u00ab\u00a0proposer un choix\u00a0\u00bb concernant les \u00e9lections municipales \u00e0 Paris. Comme si l\u2019hypoth\u00e8se d\u00e9signant la cheffe de la droite parisienne n\u2019allait pas de soi\u2026 Pour autant, Rachida Dati, qui a repris sa carte chez LR, reste aussi soutenue par certains cadres de Renaissance.<\/p>\n<p class=\"asset asset-text\">D\u2019autres, qui gravitent \u00e9galement autour du \u00ab\u00a0socle commun\u00a0\u00bb, sont en revanche d\u00e9termin\u00e9s \u00e0 se coaliser contre elle. L\u2019\u00e9lu Horizons Pierre-Yves Bournazel a lanc\u00e9 cette semaine sa campagne pour la mairie de Paris avec le soutien appuy\u00e9 d\u2019\u00c9douard Philippe. Mais aussi d\u2019une certaine Agn\u00e8s Buzyn, pr\u00e9sente dans la salle lors de son meeting, tout comme l\u2019ancien ministre de l\u2019\u00c9ducation nationale, Jean-Michel Blanquer. Quant \u00e0 la r\u00e9forme PLM modifiant les r\u00e8gles du scrutin \u00e0 Paris, Lyon et Marseille, et sur laquelle mise la ministre de la Culture pour conqu\u00e9rir la capitale, son adoption est encore loin d\u2019\u00eatre garantie. Les \u00e9lections municipales auront lieu dans moins d\u2019un an.<\/p>\n","protected":false},"excerpt":{"rendered":"ANNA KURTH \/ AFP Rachida Dati photographi\u00e9 le 17\u00a0mai au festival de Cannes (Photo by Anna KURTH \/&hellip;\n","protected":false},"author":2,"featured_media":156532,"comment_status":"","ping_status":"","sticky":false,"template":"","format":"standard","meta":{"footnotes":""},"categories":[6],"tags":[35,28200,33,34,1011,27,3434,626,316,417],"class_list":{"0":"post-156531","1":"post","2":"type-post","3":"status-publish","4":"format-standard","5":"has-post-thumbnail","7":"category-economie","8":"tag-business","9":"tag-complement-d-enquete","10":"tag-economie","11":"tag-economy","12":"tag-fr","13":"tag-france","14":"tag-municipales-2026","15":"tag-paris","16":"tag-politique","17":"tag-rachida-dati"},"share_on_mastodon":{"url":"https:\/\/pubeurope.com\/@fr\/114636509937942805","error":""},"_links":{"self":[{"href":"https:\/\/www.europesays.com\/fr\/wp-json\/wp\/v2\/posts\/156531","targetHints":{"allow":["GET"]}}],"collection":[{"href":"https:\/\/www.europesays.com\/fr\/wp-json\/wp\/v2\/posts"}],"about":[{"href":"https:\/\/www.europesays.com\/fr\/wp-json\/wp\/v2\/types\/post"}],"author":[{"embeddable":true,"href":"https:\/\/www.europesays.com\/fr\/wp-json\/wp\/v2\/users\/2"}],"replies":[{"embeddable":true,"href":"https:\/\/www.europesays.com\/fr\/wp-json\/wp\/v2\/comments?post=156531"}],"version-history":[{"count":0,"href":"https:\/\/www.europesays.com\/fr\/wp-json\/wp\/v2\/posts\/156531\/revisions"}],"wp:featuredmedia":[{"embeddable":true,"href":"https:\/\/www.europesays.com\/fr\/wp-json\/wp\/v2\/media\/156532"}],"wp:attachment":[{"href":"https:\/\/www.europesays.com\/fr\/wp-json\/wp\/v2\/media?parent=156531"}],"wp:term":[{"taxonomy":"category","embeddable":true,"href":"https:\/\/www.europesays.com\/fr\/wp-json\/wp\/v2\/categories?post=156531"},{"taxonomy":"post_tag","embeddable":true,"href":"https:\/\/www.europesays.com\/fr\/wp-json\/wp\/v2\/tags?post=156531"}],"curies":[{"name":"wp","href":"https:\/\/api.w.org\/{rel}","templated":true}]}}