{"id":156539,"date":"2025-06-06T12:54:10","date_gmt":"2025-06-06T12:54:10","guid":{"rendered":"https:\/\/www.europesays.com\/fr\/156539\/"},"modified":"2025-06-06T12:54:10","modified_gmt":"2025-06-06T12:54:10","slug":"la-marche-des-fiertes-cest-ce-samedi","status":"publish","type":"post","link":"https:\/\/www.europesays.com\/fr\/156539\/","title":{"rendered":"la marche des fiert\u00e9s, c\u2019est ce samedi"},"content":{"rendered":"<p>C\u2019est une \u00e9dition bas\u00e9e sur le b\u00e9n\u00e9volat et l\u2019autosuffisance organis\u00e9e par le collectif Fiert\u00e9s Saint-\u00c9tienne. De 15 heures\u00a0jusqu\u2019au bout de la nuit, les communaut\u00e9s LGBTQIA +\u00a0pourront s\u2019amuser un peu partout en ville, <a href=\"https:\/\/www.leprogres.fr\/societe\/2023\/09\/23\/marche-des-fiertes-exister-etre-visible-avec-les-memes-droits-pour-tous\" target=\"_blank\" rel=\"nofollow noopener\">sans jamais oublier leur cause.<\/a> \u00a0<\/p>\n<p>Cette manifestation est organis\u00e9e et g\u00e9r\u00e9e par des b\u00e9n\u00e9voles, des techniciens aux DJ, en passant par les Drag-Queen et les agents de s\u00e9curit\u00e9, \u00ab\u00a0c\u2019est un \u00e9v\u00e8nement organis\u00e9 par eux et pour eux\u00a0\u00bb, comme l\u2019indique le collectif sur ses r\u00e9seaux sociaux.<\/p>\n<p>  \u00ab\u00a0On veut autant de poings lev\u00e9s pour revendiquer que de bruit pour danser\u00a0\u00bb<\/p>\n<p>\u00ab\u00a0Nous souhaitons rester une marche autosuffisante et autog\u00e9r\u00e9e, sans d\u00e9pendre des financements d\u2019une mairie qui ne nous soutient pas et qu\u2019on ne cautionne pas. Mais, on veut continuer \u00e0 donner de la visibilit\u00e9 \u00e0 notre action. On veut autant de poings lev\u00e9s pour revendiquer que de bruit pour danser.\u00a0\u00bb<\/p>\n<p>Tout d\u2019abord, un d\u00e9fil\u00e9, entre la place Chavanelle et la place Jean-Jaur\u00e8s\u00a0: musique et show au rendez-vous. Le public pourra aller faire un tour dans les bars et restaurants partenaires de l\u2019\u00e9v\u00e8nement, comme le Beer Garden, le Soggy Bottom ou les Gueules d\u2019Orge, lesquels proposeront d\u2019ailleurs une bi\u00e8re sp\u00e9ciale Pride. Avant d\u2019assister au Drag Show, qui aura lieu au village associatif, de 18 heures \u00e0 21 heures. Les plus joueurs pourront m\u00eame tenter de remporter un lot lors de la tombola.<\/p>\n<p>Le collectif tient cependant \u00e0 toujours faire de la pr\u00e9vention pour veiller \u00e0 la s\u00e9curit\u00e9 de sa communaut\u00e9. \u00ab\u00a0Pendant la marche des fiert\u00e9s, souviens-toi de ne pas prendre de photos sans autorisation ou avec des visages reconnaissables (cela pour outer -faire son coming out- certaines personnes). Ne touche pas les artistes drag et si tu ne veux pas qu\u2019un artiste te touche, signifie-lui directement. Enfin, rapproche-toi d\u2019un b\u00e9n\u00e9vole en cas de besoin.\u00a0\u00bb<\/p>\n","protected":false},"excerpt":{"rendered":"C\u2019est une \u00e9dition bas\u00e9e sur le b\u00e9n\u00e9volat et l\u2019autosuffisance organis\u00e9e par le collectif Fiert\u00e9s Saint-\u00c9tienne. De 15 heures\u00a0jusqu\u2019au&hellip;\n","protected":false},"author":2,"featured_media":156540,"comment_status":"","ping_status":"","sticky":false,"template":"","format":"standard","meta":{"footnotes":""},"categories":[9653],"tags":[1111,11,2430,1687,7539,1777,674,1011,27,3367,12,25,4001,7538],"class_list":{"0":"post-156539","1":"post","2":"type-post","3":"status-publish","4":"format-standard","5":"has-post-thumbnail","7":"category-saint-etienne","8":"tag-actu","9":"tag-actualites","10":"tag-auvergne-rhone-alpes","11":"tag-culture-loisirs","12":"tag-edition-loire-sud","13":"tag-eu","14":"tag-europe","15":"tag-fr","16":"tag-france","17":"tag-loire","18":"tag-news","19":"tag-republique-francaise","20":"tag-saint-etienne","21":"tag-saint-etienne-ville"},"share_on_mastodon":{"url":"https:\/\/pubeurope.com\/@fr\/114636525644913865","error":""},"_links":{"self":[{"href":"https:\/\/www.europesays.com\/fr\/wp-json\/wp\/v2\/posts\/156539","targetHints":{"allow":["GET"]}}],"collection":[{"href":"https:\/\/www.europesays.com\/fr\/wp-json\/wp\/v2\/posts"}],"about":[{"href":"https:\/\/www.europesays.com\/fr\/wp-json\/wp\/v2\/types\/post"}],"author":[{"embeddable":true,"href":"https:\/\/www.europesays.com\/fr\/wp-json\/wp\/v2\/users\/2"}],"replies":[{"embeddable":true,"href":"https:\/\/www.europesays.com\/fr\/wp-json\/wp\/v2\/comments?post=156539"}],"version-history":[{"count":0,"href":"https:\/\/www.europesays.com\/fr\/wp-json\/wp\/v2\/posts\/156539\/revisions"}],"wp:featuredmedia":[{"embeddable":true,"href":"https:\/\/www.europesays.com\/fr\/wp-json\/wp\/v2\/media\/156540"}],"wp:attachment":[{"href":"https:\/\/www.europesays.com\/fr\/wp-json\/wp\/v2\/media?parent=156539"}],"wp:term":[{"taxonomy":"category","embeddable":true,"href":"https:\/\/www.europesays.com\/fr\/wp-json\/wp\/v2\/categories?post=156539"},{"taxonomy":"post_tag","embeddable":true,"href":"https:\/\/www.europesays.com\/fr\/wp-json\/wp\/v2\/tags?post=156539"}],"curies":[{"name":"wp","href":"https:\/\/api.w.org\/{rel}","templated":true}]}}