{"id":156546,"date":"2025-06-06T12:58:10","date_gmt":"2025-06-06T12:58:10","guid":{"rendered":"https:\/\/www.europesays.com\/fr\/156546\/"},"modified":"2025-06-06T12:58:10","modified_gmt":"2025-06-06T12:58:10","slug":"pneus-bouteilles-plastiques-metaux-de-nombreux-dechets-ont-ete-sortis-des-eaux-en-baie-de-saint-mandrier","status":"publish","type":"post","link":"https:\/\/www.europesays.com\/fr\/156546\/","title":{"rendered":"Pneus, bouteilles, plastiques, m\u00e9taux&#8230; De nombreux d\u00e9chets ont \u00e9t\u00e9 sortis des eaux en baie de Saint-Mandrier"},"content":{"rendered":"<p>Branle-bas le combat au carr\u00e9 de la Vieille, ce jeudi matin, o\u00f9 se pr\u00e9parent \u00e0 plonger une bonne douzaine de plongeurs du <strong>P\u00f4le \u00c9coles M\u00e9diterran\u00e9e (PEM).<\/strong> \u00c9paul\u00e9 en surface par des militaires b\u00e9n\u00e9voles du PEM, quelques \u00e9lus mandr\u00e9ens et de nombreux b\u00e9n\u00e9voles associatifs.<\/p>\n<p>Sur le plan d\u2019eau, les \u00e9quipages de Maribay Toulon Plaisance sont en appui pour le relevage des objets les plus encombrants. Un peu plus loin, les pieds dans le sable, les \u00e9coliers de la presqu\u2019\u00eele, participent activement au nettoyage de la plage et de ses pourtours.<\/p>\n<p>Du carr\u00e9 de la Vieille jusqu\u2019\u00e0 la digue du phare <\/p>\n<p>Le point de l\u2019op\u00e9ration avec Christian, charg\u00e9 environnement du PEM et coordinateur de l\u2019op\u00e9ration du jour. \u00ab\u00a0Nous avons choisi aujourd\u2019hui, de nettoyer une zone peu couverte par notre op\u00e9ration de nettoyage ces derni\u00e8res ann\u00e9es, du carr\u00e9 de la Vielle, jusqu\u2019\u00e0 la digue du phare; le port ayant \u00e9t\u00e9 largement parcouru par nos op\u00e9rations pr\u00e9c\u00e9dentes. Dans cette zone-ci, jusqu\u2019\u00e0 huit m\u00e8tres de fond, nous trouvons de nombreux corps-morts sauvages, faits de pneus de camion, ou de taille plus modeste, mais ciment\u00e9s. D\u2019autres \u00ab\u00a0faits maison\u00a0\u00bb, des charges lourdes, pas facile \u00e0 extraire sans l\u2019aide de vaches (ballons de relevage) ou d\u2019une grue. Nous pr\u00e9voyons un second passage, afin de relever ce qui n\u2019a pu l\u2019\u00eatre aujourd\u2019hui\u00a0\u00bb.<\/p>\n<p>Une p\u00eache loin d\u2019\u00eatre miraculeuse\u2026 <\/p>\n<p>Deux heures plus tard, sur le quai, les d\u00e9tritus s\u2019amoncellent, proue de bateaux, cordages oubli\u00e9s, coffre (sans tr\u00e9sors), deux f\u00fbts de bi\u00e8re, une chaise longue vaseuse, des \u00e9chelles, des bas de contention, des bouteilles \u00e0 gogo et autant de m\u00e9gots\u2026<\/p>\n<p><strong>Au total 13 m3 de pneus ont \u00e9t\u00e9 sortis de l\u2019eau, 0,25 m3 de bouteilles de verre, 0,3 m3 de plastiques, 0,1 m3 de m\u00e9taux et 0,5 m3 de d\u00e9chets m\u00e9lang\u00e9s, dont quatre corps-morts et une embarcation.<\/strong><\/p>\n","protected":false},"excerpt":{"rendered":"Branle-bas le combat au carr\u00e9 de la Vieille, ce jeudi matin, o\u00f9 se pr\u00e9parent \u00e0 plonger une bonne&hellip;\n","protected":false},"author":2,"featured_media":156547,"comment_status":"","ping_status":"","sticky":false,"template":"","format":"standard","meta":{"footnotes":""},"categories":[9619],"tags":[1111,11,436,1777,674,1011,27,12,882,25,2310],"class_list":{"0":"post-156546","1":"post","2":"type-post","3":"status-publish","4":"format-standard","5":"has-post-thumbnail","7":"category-toulon","8":"tag-actu","9":"tag-actualites","10":"tag-environnement","11":"tag-eu","12":"tag-europe","13":"tag-fr","14":"tag-france","15":"tag-news","16":"tag-provence-alpes-cote-dazur","17":"tag-republique-francaise","18":"tag-toulon"},"share_on_mastodon":{"url":"https:\/\/pubeurope.com\/@fr\/114636541500233226","error":""},"_links":{"self":[{"href":"https:\/\/www.europesays.com\/fr\/wp-json\/wp\/v2\/posts\/156546","targetHints":{"allow":["GET"]}}],"collection":[{"href":"https:\/\/www.europesays.com\/fr\/wp-json\/wp\/v2\/posts"}],"about":[{"href":"https:\/\/www.europesays.com\/fr\/wp-json\/wp\/v2\/types\/post"}],"author":[{"embeddable":true,"href":"https:\/\/www.europesays.com\/fr\/wp-json\/wp\/v2\/users\/2"}],"replies":[{"embeddable":true,"href":"https:\/\/www.europesays.com\/fr\/wp-json\/wp\/v2\/comments?post=156546"}],"version-history":[{"count":0,"href":"https:\/\/www.europesays.com\/fr\/wp-json\/wp\/v2\/posts\/156546\/revisions"}],"wp:featuredmedia":[{"embeddable":true,"href":"https:\/\/www.europesays.com\/fr\/wp-json\/wp\/v2\/media\/156547"}],"wp:attachment":[{"href":"https:\/\/www.europesays.com\/fr\/wp-json\/wp\/v2\/media?parent=156546"}],"wp:term":[{"taxonomy":"category","embeddable":true,"href":"https:\/\/www.europesays.com\/fr\/wp-json\/wp\/v2\/categories?post=156546"},{"taxonomy":"post_tag","embeddable":true,"href":"https:\/\/www.europesays.com\/fr\/wp-json\/wp\/v2\/tags?post=156546"}],"curies":[{"name":"wp","href":"https:\/\/api.w.org\/{rel}","templated":true}]}}