{"id":156556,"date":"2025-06-06T13:03:16","date_gmt":"2025-06-06T13:03:16","guid":{"rendered":"https:\/\/www.europesays.com\/fr\/156556\/"},"modified":"2025-06-06T13:03:16","modified_gmt":"2025-06-06T13:03:16","slug":"a-rouen-le-tout-premier-chatipi-de-normandie-a-ouvert-ses-portes","status":"publish","type":"post","link":"https:\/\/www.europesays.com\/fr\/156556\/","title":{"rendered":"\u00e0 Rouen, le tout premier Chatipi de Normandie a ouvert ses portes"},"content":{"rendered":"<p>            Par<br \/>\n        <strong><br \/>\n            <a href=\"https:\/\/actu.fr\/auteur\/laredaction\" title=\"Consulter tous les articles de R\u00e9daction Normandie\" target=\"_blank\" rel=\"noopener\">R\u00e9daction Normandie<\/a><br \/>\n        <\/strong><\/p>\n<p>        Publi\u00e9 le<\/p>\n<p>            6 juin 2025 \u00e0 15h00        <\/p>\n<p>Une premi\u00e8re en Normandie. \u00c0 l\u2019initiative de l\u2019association One Voice (qui d\u00e9fend la cause animale), le <strong>premier Chatipi<\/strong> a ouvert ses portes \u00e0 <a href=\"https:\/\/actu.fr\/normandie\/rouen_76540\" target=\"_blank\" rel=\"noopener\">Rouen<\/a> mercredi 4\u00a0juin 2025. Plus pr\u00e9cis\u00e9ment au square Jules Verne.<\/p>\n<p class=\" wall-content\">On vous explique en quoi cela consiste.<\/p>\n<p>Un chalet sur la place publique<\/p>\n<p class=\" wall-content\">Le <strong>projet Chatipi<\/strong>, destin\u00e9 aux chats trop sauvages pour pouvoir \u00eatre adopt\u00e9s, se pr\u00e9sente sous forme de chalet. Ici, le lieu a \u00e9t\u00e9 choisi par la Mairie. \u201cC\u2019est eux qui sont sur place et savent mieux que nous\u201d, selon Mathilde Perrot, la responsable du projet.<\/p>\n<p class=\" wall-content\">Au quotidien, c\u2019est l\u2019association locale 3 P\u2019tits Chats qui s\u2019occupera des animaux. Elle doit les nourrir, assurer le suivi sanitaire ainsi que l\u2019entretien des chalets. Les chats peuvent donc aller et venir \u00e0 leur aise, une sorte de refuge.<\/p>\n<p class=\" wall-content\">Ce projet cherche \u00e0 toucher le plus large public possible d\u2019autant qu\u2019une de leurs ambitions est de faire \u00e9voluer la l\u00e9gislation pour <strong>obtenir une meilleure protection des animaux<\/strong>.<\/p>\n<p>Vid\u00e9os : en ce moment sur Actu<\/p>\n<p class=\" wall-content\">\u201cLa probl\u00e9matique de l\u2019errance f\u00e9line est m\u00e9connue. En France, on compte <strong>11\u00a0millions de chats<\/strong> dans les rues et tout le monde est victime de fausses croyances\u201d confirme Mathilde Perrot.<\/p>\n<p>D\u2019autres activit\u00e9s<\/p>\n<p class=\" wall-content\">D\u00e8s la semaine prochaine, d\u2019autres activit\u00e9s seront propos\u00e9es\u2009: une fresque r\u00e9alis\u00e9e en direct sur le chalet et un atelier pour enfants au cours duquel ils pourront colorier une partie de celle-ci, et donner un nom aux chats qui y figurent.<\/p>\n<p>Le saviez-vous ? <\/p>\n<p>Le nom du projet Chatipi n\u2019est pas arriv\u00e9 par hasard. Lorsqu\u2019il a \u00e9t\u00e9 lanc\u00e9, en 2013, dans une maison de retraite, un tipi am\u00e9rindien \u00e9tait bien pr\u00e9sent. Tout un parcours p\u00e9dagogique attendait le public. Mais, un tipi est loin d\u2019\u00eatre facile \u00e0 s\u2019en occuper. \u00c9norm\u00e9ment de charges sont pr\u00e9sentes puisqu\u2019il \u00e9tait n\u00e9cessaire d\u2019appeler des entreprises afin de le monter, d\u00e9monter, le d\u00e9placer mais aussi l\u2019entretenir. Le projet est revu au peigne fin, la simplification et l\u2019all\u00e9gement sont de mise. Depuis, le projet a gard\u00e9 ce nom.<\/p>\n<p class=\" wall-content\"><strong>Ivanna RAZAFINDRAZAKA<\/strong><\/p>\n<p>Suivez l\u2019actualit\u00e9 de Rouen sur notre <a href=\"https:\/\/www.whatsapp.com\/channel\/0029VaKfnf99hXF2ddApFB1D\" target=\"_blank\" rel=\"noopener\">cha\u00eene WhatsApp<\/a> et sur notre <a href=\"https:\/\/www.tiktok.com\/@76actu.fr?lang=fr\" target=\"_blank\" rel=\"noopener\">compte TikTok<\/a><\/p>\n<p class=\" wall-content\">Suivez toute l\u2019actualit\u00e9 de vos villes et m\u00e9dias favoris en vous inscrivant \u00e0 <a href=\"https:\/\/moncompte.actu.fr\" title=\"D\u00e9couvez Mon Actu\" rel=\"nofollow noopener\" data-trk=\"{&quot;cta&quot;:{&quot;action&quot;:&quot;https:\\\/\\\/moncompte.actu.fr&quot;,&quot;category&quot;:&quot;mon compte&quot;,&quot;from&quot;:&quot;article footer&quot;,&quot;name&quot;:&quot;Mon actu&quot;,&quot;type&quot;:&quot;cta&quot;}}\" target=\"_blank\">Mon Actu<\/a>.<\/p>\n<p>                    <script async src=\"\/\/www.tiktok.com\/embed.js\"><\/script><\/p>\n","protected":false},"excerpt":{"rendered":"Par R\u00e9daction Normandie Publi\u00e9 le 6 juin 2025 \u00e0 15h00 Une premi\u00e8re en Normandie. \u00c0 l\u2019initiative de l\u2019association&hellip;\n","protected":false},"author":2,"featured_media":156557,"comment_status":"","ping_status":"","sticky":false,"template":"","format":"standard","meta":{"footnotes":""},"categories":[9587],"tags":[1111,11,1867,1777,674,1011,27,12,5161,25,9590,104,3400],"class_list":{"0":"post-156556","1":"post","2":"type-post","3":"status-publish","4":"format-standard","5":"has-post-thumbnail","7":"category-rouen","8":"tag-actu","9":"tag-actualites","10":"tag-animaux","11":"tag-eu","12":"tag-europe","13":"tag-fr","14":"tag-france","15":"tag-news","16":"tag-normandie","17":"tag-republique-francaise","18":"tag-rouen","19":"tag-societe","20":"tag-solidarite"},"share_on_mastodon":{"url":"https:\/\/pubeurope.com\/@fr\/114636561125604007","error":""},"_links":{"self":[{"href":"https:\/\/www.europesays.com\/fr\/wp-json\/wp\/v2\/posts\/156556","targetHints":{"allow":["GET"]}}],"collection":[{"href":"https:\/\/www.europesays.com\/fr\/wp-json\/wp\/v2\/posts"}],"about":[{"href":"https:\/\/www.europesays.com\/fr\/wp-json\/wp\/v2\/types\/post"}],"author":[{"embeddable":true,"href":"https:\/\/www.europesays.com\/fr\/wp-json\/wp\/v2\/users\/2"}],"replies":[{"embeddable":true,"href":"https:\/\/www.europesays.com\/fr\/wp-json\/wp\/v2\/comments?post=156556"}],"version-history":[{"count":0,"href":"https:\/\/www.europesays.com\/fr\/wp-json\/wp\/v2\/posts\/156556\/revisions"}],"wp:featuredmedia":[{"embeddable":true,"href":"https:\/\/www.europesays.com\/fr\/wp-json\/wp\/v2\/media\/156557"}],"wp:attachment":[{"href":"https:\/\/www.europesays.com\/fr\/wp-json\/wp\/v2\/media?parent=156556"}],"wp:term":[{"taxonomy":"category","embeddable":true,"href":"https:\/\/www.europesays.com\/fr\/wp-json\/wp\/v2\/categories?post=156556"},{"taxonomy":"post_tag","embeddable":true,"href":"https:\/\/www.europesays.com\/fr\/wp-json\/wp\/v2\/tags?post=156556"}],"curies":[{"name":"wp","href":"https:\/\/api.w.org\/{rel}","templated":true}]}}