{"id":156558,"date":"2025-06-06T13:04:10","date_gmt":"2025-06-06T13:04:10","guid":{"rendered":"https:\/\/www.europesays.com\/fr\/156558\/"},"modified":"2025-06-06T13:04:10","modified_gmt":"2025-06-06T13:04:10","slug":"des-armes-de-la-drogue-et-de-largent-liquide-saisis-chez-une-nourrice","status":"publish","type":"post","link":"https:\/\/www.europesays.com\/fr\/156558\/","title":{"rendered":"des armes, de la drogue et de l\u2019argent liquide saisis chez une \u00ab\u00a0nourrice\u00a0\u00bb"},"content":{"rendered":"<p>Les policiers de la brigade anticriminalit\u00e9 (Bac) de Grenoble ont mis la main sur plusieurs centaines de grammes de coca\u00efne, d\u2019herbe et de r\u00e9sine de cannabis entrepos\u00e9es dans un appartement de l\u2019avenue Jean-Jaur\u00e8s \u00e0 Fontaine, lors d\u2019une op\u00e9ration men\u00e9e en collaboration avec les policiers municipaux, ce jeudi 5\u00a0juin vers 20 heures.<\/p>\n<p>Ce contenu est bloqu\u00e9 car vous n&rsquo;avez pas accept\u00e9 les cookies et autres traceurs.<\/p>\n<p>En cliquant sur \u00ab J\u2019accepte \u00bb, les cookies et autres traceurs seront d\u00e9pos\u00e9s et vous pourrez visualiser les contenus  (<a href=\"\" class=\"consentModule_policy\" target=\"_blank\" title=\"Consulter la politique de protection des donn\u00e9es du fournisseur\">plus d&rsquo;informations<\/a>).<\/p>\n<p>En cliquant sur \u00ab J\u2019accepte tous les cookies \u00bb, vous autorisez des d\u00e9p\u00f4ts de cookies et autres traceurs pour le stockage de vos donn\u00e9es sur nos sites et applications \u00e0 des fins de personnalisation et de ciblage publicitaire.<\/p>\n<p class=\"consentModule_secondaryText\">Vous gardez la possibilit\u00e9 de retirer votre consentement \u00e0 tout moment en consultant notre <a href=\"https:\/\/www.ledauphine.com\/protection-des-donnees\" target=\"_blank\" title=\"Consulter notre politique de protection des donn\u00e9es\" rel=\"noopener\">politique de protection des donn\u00e9es<\/a>. <br \/>&#13;<br \/>\n            <a href=\"https:\/\/www.ledauphine.com\/faits-divers-justice\/2025\/06\/06\/javascript:Didomi.notice.show()\" class=\"consentModule_cmp\" target=\"_blank\" rel=\"noopener\">G\u00e9rer mes choix<\/a>&#13;\n        <\/p>\n<p>&#13;<br \/>\n                        J&rsquo;accepte&#13;<br \/>\n            J&rsquo;accepte tous les cookies&#13;\n        <\/p>\n<p>L\u2019occupant du logement, un homme de 48 ans, suspect\u00e9 d\u2019\u00eatre une nourrice des dealers qui g\u00e8rent le point de deal des Fontainades, a \u00e9t\u00e9 interpell\u00e9, tout comme un homme de 35 ans et un adolescent de 16 ans soup\u00e7onn\u00e9s de participer au trafic.<\/p>\n<p>Chez lui, ils ont \u00e9galement trouv\u00e9 et saisi deux armes de poing, un fusil \u00e0 pompe et plus de 7\u00a0000\u00a0euros en esp\u00e8ces.<\/p>\n","protected":false},"excerpt":{"rendered":"Les policiers de la brigade anticriminalit\u00e9 (Bac) de Grenoble ont mis la main sur plusieurs centaines de grammes&hellip;\n","protected":false},"author":2,"featured_media":156559,"comment_status":"","ping_status":"","sticky":false,"template":"","format":"standard","meta":{"footnotes":""},"categories":[9566],"tags":[1111,11,2430,271,272,112,1777,674,274,9592,11680,1011,27,2731,108,12,25],"class_list":{"0":"post-156558","1":"post","2":"type-post","3":"status-publish","4":"format-standard","5":"has-post-thumbnail","7":"category-grenoble","8":"tag-actu","9":"tag-actualites","10":"tag-auvergne-rhone-alpes","11":"tag-crime","12":"tag-delit-et-contravention","13":"tag-edition-grenoble-agglomeration","14":"tag-eu","15":"tag-europe","16":"tag-faits-divers-justice","17":"tag-fontaine","18":"tag-fontaine-bassin","19":"tag-fr","20":"tag-france","21":"tag-grenoble","22":"tag-isere","23":"tag-news","24":"tag-republique-francaise"},"share_on_mastodon":{"url":"https:\/\/pubeurope.com\/@fr\/114636565208528895","error":""},"_links":{"self":[{"href":"https:\/\/www.europesays.com\/fr\/wp-json\/wp\/v2\/posts\/156558","targetHints":{"allow":["GET"]}}],"collection":[{"href":"https:\/\/www.europesays.com\/fr\/wp-json\/wp\/v2\/posts"}],"about":[{"href":"https:\/\/www.europesays.com\/fr\/wp-json\/wp\/v2\/types\/post"}],"author":[{"embeddable":true,"href":"https:\/\/www.europesays.com\/fr\/wp-json\/wp\/v2\/users\/2"}],"replies":[{"embeddable":true,"href":"https:\/\/www.europesays.com\/fr\/wp-json\/wp\/v2\/comments?post=156558"}],"version-history":[{"count":0,"href":"https:\/\/www.europesays.com\/fr\/wp-json\/wp\/v2\/posts\/156558\/revisions"}],"wp:featuredmedia":[{"embeddable":true,"href":"https:\/\/www.europesays.com\/fr\/wp-json\/wp\/v2\/media\/156559"}],"wp:attachment":[{"href":"https:\/\/www.europesays.com\/fr\/wp-json\/wp\/v2\/media?parent=156558"}],"wp:term":[{"taxonomy":"category","embeddable":true,"href":"https:\/\/www.europesays.com\/fr\/wp-json\/wp\/v2\/categories?post=156558"},{"taxonomy":"post_tag","embeddable":true,"href":"https:\/\/www.europesays.com\/fr\/wp-json\/wp\/v2\/tags?post=156558"}],"curies":[{"name":"wp","href":"https:\/\/api.w.org\/{rel}","templated":true}]}}