{"id":156564,"date":"2025-06-06T13:07:08","date_gmt":"2025-06-06T13:07:08","guid":{"rendered":"https:\/\/www.europesays.com\/fr\/156564\/"},"modified":"2025-06-06T13:07:08","modified_gmt":"2025-06-06T13:07:08","slug":"a-rennes-dans-ce-collegue-les-eleves-interdits-de-feter-laid-el-kebir","status":"publish","type":"post","link":"https:\/\/www.europesays.com\/fr\/156564\/","title":{"rendered":"\u00e0 Rennes, dans ce coll\u00e8gue, les \u00e9l\u00e8ves interdits de f\u00eater l&rsquo;A\u00efd-el-K\u00e9bir"},"content":{"rendered":"<p>            Par<br \/>\n        <strong><br \/>\n            <a href=\"https:\/\/actu.fr\/auteur\/laurene-fertin\" title=\"Consulter tous les articles de Laur\u00e8ne Fertin\" rel=\"nofollow noopener\" target=\"_blank\">Laur\u00e8ne Fertin<\/a><br \/>\n        <\/strong><\/p>\n<p>        Publi\u00e9 le<\/p>\n<p>            6 juin 2025 \u00e0 14h12        <\/p>\n<p>Les \u00e9l\u00e8ves du <strong>coll\u00e8ge La Binquenais<\/strong> \u00e0 Rennes ne pourront pas f\u00eater ce vendredi 6\u00a0juin 2025 <strong>l\u2019A\u00efd-el-K\u00e9bir<\/strong>, cette f\u00eate musulmane qui comm\u00e9more le sacrifice d\u2019Abraham. C\u2019est en tout cas<strong> la consigne<\/strong> donn\u00e9e par le principal de l\u2019\u00e9tablissement dans un courrier envoy\u00e9 mardi 3 juin 2025 \u00e0 la fois aux \u00e9l\u00e8ves et au personnel du coll\u00e8ge. La raison\u2009? La tenue d\u2019\u00e9preuves qui ne sauraient \u00eatre manqu\u00e9es. Cette consigne ne passe pas aupr\u00e8s du syndicat SUD \u00c9ducation 35 qui d\u00e9nonce alors \u00ab\u2009ce qui constitue <strong>une discrimination manifeste<\/strong> \u00e0 l\u2019encontre des \u00e9l\u00e8ves de confession musulmane\u2009\u00bb.<\/p>\n<p>\u00ab\u2009Des contraintes organisationnelles et p\u00e9dagogiques\u2009\u00bb<\/p>\n<p class=\" wall-content\">Selon le principal de La Binquenais, Yannis Balcou, l\u2019interdiction d\u2019absence des \u00e9l\u00e8ves en classe et lors des \u00e9preuves du CFG (certificat de formation g\u00e9n\u00e9rale) de ce vendredi 6\u00a0juin 2025 d\u00e9coule <strong>\u00ab\u2009des contraintes organisationnelles et p\u00e9dagogiques\u2009\u00bb<\/strong> propres \u00e0 l\u2019\u00e9tablissement.<\/p>\n<p class=\" wall-content\">Comme le rappelle le principal, \u00ab\u2009conform\u00e9ment \u00e0 <a href=\"https:\/\/www.legifrance.gouv.fr\/jorf\/id\/JORFTEXT000000252465\" rel=\"nofollow noopener\" target=\"_blank\">la circulaire n\u00b02004-084 du 18\u00a0mai 2004<\/a> relative \u00e0 <strong>la la\u00efcit\u00e9<\/strong> dans les \u00e9tablissements scolaires, les \u00e9l\u00e8ves peuvent b\u00e9n\u00e9ficier d\u2019autorisations d\u2019absence \u00e0 l\u2019occasion de certaines f\u00eates religieuses\u2009\u00bb. Pour l\u2019A\u00efd-el-K\u00e9bir, les \u00e9l\u00e8ves ont en effet le droit de s\u2019absenter <strong>une journ\u00e9e \u2013<\/strong>\u00a0<strong>une demande \u00e9crite<\/strong> doit cependant \u00eatre r\u00e9alis\u00e9e au pr\u00e9alable par les familles.<\/p>\n<p class=\" wall-content\">Toutefois, Yannis Balcou n\u2019a pas autoris\u00e9 l\u2019absence des \u00e9l\u00e8ves\u2009: cette absence ne \u00ab\u2009constitue <strong>pas un droit automatique\u2009\u00bb.<\/strong><\/p>\n<blockquote class=\"ac-article-quote wall-content\">\n<p>Cette autorisation (&#8230;) reste soumise \u00e0 l\u2019appr\u00e9ciation du chef d\u2019\u00e9tablissement, en fonction des n\u00e9cessit\u00e9s du service et des imp\u00e9ratifs li\u00e9s \u00e0 la scolarit\u00e9.\n<\/p>\n<p>    <strong>Yannis Balcou<\/strong><br \/>\n        Principal du coll\u00e8ge La Binquenais    <\/p><\/blockquote>\n<p class=\" wall-content\"><strong>\u00ab\u00a0Les cours se tiendront normalement<\/strong>, tout comme les \u00e9preuves du CFG pour les \u00e9l\u00e8ves concern\u00e9s et <strong>la pr\u00e9sence de tous les \u00e9l\u00e8ves est requise\u00a0\u00bb,<\/strong> expose Yannis Balcou dans le courrier.<\/p>\n<p>Vid\u00e9os : en ce moment sur ActuLe CFG<\/p>\n<p>Comme l&rsquo;explique service-public.fr, \u00e0 la fin de la scolarit\u00e9 du coll\u00e8ge, les connaissances et comp\u00e9tences des \u00e9l\u00e8ves sont \u00e9valu\u00e9es. <\/p>\n<p>L&rsquo;\u00e9valuation permet d&rsquo;obtenir le dipl\u00f4me national du brevet (DNB) si l&rsquo;\u00e9l\u00e8ve est en classe de 3e dite classique. Il obtient le certificat de formation g\u00e9n\u00e9rale (CFG) s&rsquo;il r\u00e9ussit l&rsquo;\u00e9valuation en 3e d&rsquo;insertion ou en 3e adapt\u00e9e (Segpa ou Erea).<\/p>\n<p>\u00ab\u2009\u00c0 l\u2019\u00e9tablissement d\u2019anticiper\u2009\u00bb<\/p>\n<p class=\" wall-content\">Mais <strong>cet argument ne passe pas<\/strong> pour SUD \u00c9ducation 35.<\/p>\n<blockquote class=\"ac-article-quote wall-content\">\n<p>C&rsquo;est \u00e0 l&rsquo;\u00e9tablissement d&rsquo;anticiper ces jours f\u00e9ri\u00e9s et de garantir l&rsquo;\u00e9galit\u00e9 des droits et l&rsquo;\u00e9galit\u00e9 de traitement des \u00e9l\u00e8ves quelque soit leur confession.<\/p>\n<p>    <strong>SUD \u00c9ducation 35<\/strong>\n            <\/p><\/blockquote>\n<p class=\" wall-content\">Pour le syndicat, l\u2019\u00e9tablissement n\u2019a <strong>\u00ab\u2009pas du tout respect\u00e9\u2009\u00bb la circulaire<\/strong> du 18 mai 2004 relative \u00e0 la la\u00efcit\u00e9 dans les \u00e9coles, coll\u00e8ges et lyc\u00e9es. La circulaire pr\u00e9voit en effet que \u00ab\u2009l\u2019institution scolaire et universitaire [\u2026] doit prendre <strong>les dispositions n\u00e9cessaires<\/strong> pour qu\u2019aucun examen ni aucune \u00e9preuve importante ne soient organis\u00e9s le jour de ces grandes f\u00eates religieuses\u2009\u00bb. Or le CFG se d\u00e9roule bel et bien ce vendredi 6\u00a0juin.<\/p>\n<p class=\" wall-content\">Une mesure<strong> \u00ab\u2009d\u2019autant plus scandaleuse<\/strong> qu\u2019elle fait suite \u00e0 un jour f\u00e9ri\u00e9 et pont li\u00e9 au jeudi de l\u2019Ascension et qu\u2019elle pr\u00e9c\u00e8de le jour f\u00e9ri\u00e9 du lundi de la Pentec\u00f4te\u2009\u00bb, appuie SUD \u00c9ducation 35.<\/p>\n<p class=\" wall-content\">Suivez toute l\u2019actualit\u00e9 de vos villes et m\u00e9dias favoris en vous inscrivant \u00e0 <a href=\"https:\/\/moncompte.actu.fr\" title=\"D\u00e9couvez Mon Actu\" rel=\"nofollow noopener\" data-trk=\"{&quot;cta&quot;:{&quot;action&quot;:&quot;https:\\\/\\\/moncompte.actu.fr&quot;,&quot;category&quot;:&quot;mon compte&quot;,&quot;from&quot;:&quot;article footer&quot;,&quot;name&quot;:&quot;Mon actu&quot;,&quot;type&quot;:&quot;cta&quot;}}\" target=\"_blank\">Mon Actu<\/a>.<\/p>\n","protected":false},"excerpt":{"rendered":"Par Laur\u00e8ne Fertin Publi\u00e9 le 6 juin 2025 \u00e0 14h12 Les \u00e9l\u00e8ves du coll\u00e8ge La Binquenais \u00e0 Rennes&hellip;\n","protected":false},"author":2,"featured_media":156565,"comment_status":"","ping_status":"","sticky":false,"template":"","format":"standard","meta":{"footnotes":""},"categories":[2821],"tags":[1111,11,829,1057,1777,674,1011,27,12,4020,584,25,104],"class_list":{"0":"post-156564","1":"post","2":"type-post","3":"status-publish","4":"format-standard","5":"has-post-thumbnail","7":"category-rennes","8":"tag-actu","9":"tag-actualites","10":"tag-bretagne","11":"tag-education","12":"tag-eu","13":"tag-europe","14":"tag-fr","15":"tag-france","16":"tag-news","17":"tag-religion","18":"tag-rennes","19":"tag-republique-francaise","20":"tag-societe"},"share_on_mastodon":{"url":"https:\/\/pubeurope.com\/@fr\/114636576875411613","error":""},"_links":{"self":[{"href":"https:\/\/www.europesays.com\/fr\/wp-json\/wp\/v2\/posts\/156564","targetHints":{"allow":["GET"]}}],"collection":[{"href":"https:\/\/www.europesays.com\/fr\/wp-json\/wp\/v2\/posts"}],"about":[{"href":"https:\/\/www.europesays.com\/fr\/wp-json\/wp\/v2\/types\/post"}],"author":[{"embeddable":true,"href":"https:\/\/www.europesays.com\/fr\/wp-json\/wp\/v2\/users\/2"}],"replies":[{"embeddable":true,"href":"https:\/\/www.europesays.com\/fr\/wp-json\/wp\/v2\/comments?post=156564"}],"version-history":[{"count":0,"href":"https:\/\/www.europesays.com\/fr\/wp-json\/wp\/v2\/posts\/156564\/revisions"}],"wp:featuredmedia":[{"embeddable":true,"href":"https:\/\/www.europesays.com\/fr\/wp-json\/wp\/v2\/media\/156565"}],"wp:attachment":[{"href":"https:\/\/www.europesays.com\/fr\/wp-json\/wp\/v2\/media?parent=156564"}],"wp:term":[{"taxonomy":"category","embeddable":true,"href":"https:\/\/www.europesays.com\/fr\/wp-json\/wp\/v2\/categories?post=156564"},{"taxonomy":"post_tag","embeddable":true,"href":"https:\/\/www.europesays.com\/fr\/wp-json\/wp\/v2\/tags?post=156564"}],"curies":[{"name":"wp","href":"https:\/\/api.w.org\/{rel}","templated":true}]}}