{"id":15657,"date":"2025-04-10T18:59:12","date_gmt":"2025-04-10T18:59:12","guid":{"rendered":"https:\/\/www.europesays.com\/fr\/15657\/"},"modified":"2025-04-10T18:59:12","modified_gmt":"2025-04-10T18:59:12","slug":"la-sncf-ferme-la-gare-dissy-jusqua-nouvel-ordre","status":"publish","type":"post","link":"https:\/\/www.europesays.com\/fr\/15657\/","title":{"rendered":"la SNCF ferme la gare d&rsquo;Issy jusqu&rsquo;\u00e0 nouvel ordre"},"content":{"rendered":"<p>            Par<br \/>\n        <strong><br \/>\n            <a href=\"https:\/\/actu.fr\/auteur\/dorinegoth\" title=\"Consulter tous les articles de Dorine Goth\" rel=\"nofollow noopener\" target=\"_blank\">Dorine Goth<\/a><br \/>\n        <\/strong><\/p>\n<p>        Publi\u00e9 le<\/p>\n<p>            10 avr. 2025 \u00e0 19h40        <\/p>\n<p>Un raccourci dangereux. Depuis le 1er\u00a0avril 2025,<strong> le passage souterrain de la gare d\u2019Issy<\/strong> (Hauts-de-Seine) et l\u2019acc\u00e8s sous le viaduc sont <strong>ferm\u00e9s pour <a href=\"https:\/\/actu.fr\/societe\/le-rer-c-ne-desservira-pas-ces-gares-de-l-essonne-lors-des-trois-prochains-week-ends_62376310.html\" rel=\"nofollow noopener\" target=\"_blank\">travaux<\/a><\/strong>. Et tandis que la <a href=\"https:\/\/actu.fr\/tag\/sncf\" rel=\"nofollow noopener\" target=\"_blank\">SNCF<\/a> proposait un <strong>cheminement pi\u00e9ton \u00ab\u2009plus long\u2009\u00bb<\/strong> pour traverser la gare, les usagers ont trouv\u00e9 une parade risqu\u00e9e\u2009: celle de <a href=\"https:\/\/actu.fr\/pays-de-la-loire\/la-chartre-sur-le-loir_72068\/dangers-sur-le-voies-ferrees-8-conseils-de-prudence_10856710.html\" rel=\"nofollow noopener\" target=\"_blank\"><strong>passer directement sur les voies<\/strong><\/a> pour rejoindre l\u2019autre c\u00f4t\u00e9. Face \u00e0 cette mauvaise pratique, la SNCF a annonc\u00e9, jeudi 10\u00a0avril 2025, la fermeture jusqu\u2019\u00e0 nouvel ordre de la gare.<\/p>\n<p>Une d\u00e9viation de plusieurs centaines de m\u00e8tres<\/p>\n<p class=\" wall-content\">\u00ab\u2009Cette mesure de s\u00e9curit\u00e9 fait suite aux nombreuses travers\u00e9es de voie depuis la fermeture du passage souterrain\u2009\u00bb, indique la SNCF. Depuis le 1er\u00a0avril, les usagers doivent emprunter <strong><a href=\"https:\/\/actu.fr\/ile-de-france\/melun_77288\/melun-pourquoi-y-a-t-il-autant-dembouteillages-au-sud-de-la-ville-depuis-plusieurs-jours_62336593.html\" rel=\"nofollow noopener\" target=\"_blank\">une d\u00e9viation<\/a> de 5 mn<\/strong>, avec pr\u00e8s de<strong> 300\u00a0m\u00e8tres de marche<\/strong> pour rejoindre ou quitter la gare.<\/p>\n<p class=\" wall-content\">Une mesure qui a eu le don d\u2019agacer les usagers. \u00ab\u2009Personne n\u2019avait pens\u00e9 que demander aux gens de faire 10\u00a0minutes de marche, 3 escaliers, 2 passages pi\u00e9tons non s\u00e9curis\u00e9s, ce n\u2019\u00e9tait pas une bonne id\u00e9e pour passer d\u2019un quai \u00e0 l\u2019autre\u2009?\u2009\u00bb, r\u00e9agi l\u2019un d\u2019eux sur X. \u00ab\u2009L\u2019impact est tr\u00e8s important puisqu\u2019il impose un cheminement pi\u00e9ton bien plus long par la voie publique\u2009\u00bb, reconnaissait la SNCF dans une communication avant le lancement des travaux.<\/p>\n<p class=\" wall-content\">La suspension est <strong>op\u00e9r\u00e9e jusqu\u2019\u00e0 nouvel ordre<\/strong>. Dans un message post\u00e9 sur les r\u00e9seaux sociaux, l\u2019entreprise pr\u00e9cise que la r\u00e9ouverture de la gare interviendra \u00ab\u2009quand des<strong> mesures de s\u00e9curit\u00e9 compl\u00e9mentaires<\/strong> emp\u00eacheront la travers\u00e9e des voies par les pi\u00e9tons\u2009\u00bb. Les travaux en gare d\u2019Issy sont pr\u00e9vus jusqu\u2019au 6\u00a0octobre 2025.<\/p>\n<p class=\" wall-content\">Suivez toute l\u2019actualit\u00e9 de vos villes et m\u00e9dias favoris en vous inscrivant \u00e0 <a href=\"https:\/\/moncompte.actu.fr\" title=\"D\u00e9couvez Mon Actu\" rel=\"nofollow noopener\" data-trk=\"{&quot;cta&quot;:{&quot;action&quot;:&quot;https:\\\/\\\/moncompte.actu.fr&quot;,&quot;category&quot;:&quot;mon compte&quot;,&quot;from&quot;:&quot;article footer&quot;,&quot;name&quot;:&quot;Mon actu&quot;,&quot;type&quot;:&quot;cta&quot;}}\" target=\"_blank\">Mon Actu<\/a>.<\/p>\n","protected":false},"excerpt":{"rendered":"Par Dorine Goth Publi\u00e9 le 10 avr. 2025 \u00e0 19h40 Un raccourci dangereux. Depuis le 1er\u00a0avril 2025, le&hellip;\n","protected":false},"author":2,"featured_media":15658,"comment_status":"","ping_status":"","sticky":false,"template":"","format":"standard","meta":{"footnotes":""},"categories":[1888],"tags":[1111,1928,11,1927,1777,674,1011,27,12,1926,626,1925,25,6561,2215,104],"class_list":{"0":"post-15657","1":"post","2":"type-post","3":"status-publish","4":"format-standard","5":"has-post-thumbnail","7":"category-paris","8":"tag-actu","9":"tag-actu-paris","10":"tag-actualites","11":"tag-actualites-paris","12":"tag-eu","13":"tag-europe","14":"tag-fr","15":"tag-france","16":"tag-news","17":"tag-news-paris","18":"tag-paris","19":"tag-paris-news","20":"tag-republique-francaise","21":"tag-rer-c","22":"tag-sncf","23":"tag-societe"},"share_on_mastodon":{"url":"https:\/\/pubeurope.com\/@fr\/114315209191999756","error":""},"_links":{"self":[{"href":"https:\/\/www.europesays.com\/fr\/wp-json\/wp\/v2\/posts\/15657","targetHints":{"allow":["GET"]}}],"collection":[{"href":"https:\/\/www.europesays.com\/fr\/wp-json\/wp\/v2\/posts"}],"about":[{"href":"https:\/\/www.europesays.com\/fr\/wp-json\/wp\/v2\/types\/post"}],"author":[{"embeddable":true,"href":"https:\/\/www.europesays.com\/fr\/wp-json\/wp\/v2\/users\/2"}],"replies":[{"embeddable":true,"href":"https:\/\/www.europesays.com\/fr\/wp-json\/wp\/v2\/comments?post=15657"}],"version-history":[{"count":0,"href":"https:\/\/www.europesays.com\/fr\/wp-json\/wp\/v2\/posts\/15657\/revisions"}],"wp:featuredmedia":[{"embeddable":true,"href":"https:\/\/www.europesays.com\/fr\/wp-json\/wp\/v2\/media\/15658"}],"wp:attachment":[{"href":"https:\/\/www.europesays.com\/fr\/wp-json\/wp\/v2\/media?parent=15657"}],"wp:term":[{"taxonomy":"category","embeddable":true,"href":"https:\/\/www.europesays.com\/fr\/wp-json\/wp\/v2\/categories?post=15657"},{"taxonomy":"post_tag","embeddable":true,"href":"https:\/\/www.europesays.com\/fr\/wp-json\/wp\/v2\/tags?post=15657"}],"curies":[{"name":"wp","href":"https:\/\/api.w.org\/{rel}","templated":true}]}}