{"id":156584,"date":"2025-06-06T13:19:08","date_gmt":"2025-06-06T13:19:08","guid":{"rendered":"https:\/\/www.europesays.com\/fr\/156584\/"},"modified":"2025-06-06T13:19:08","modified_gmt":"2025-06-06T13:19:08","slug":"mapping-defile-un-carnaval-geant-vous-attend-ce-week-end-a-lomme","status":"publish","type":"post","link":"https:\/\/www.europesays.com\/fr\/156584\/","title":{"rendered":"Mapping, d\u00e9fil\u00e9&#8230; Un carnaval g\u00e9ant vous attend ce week-end \u00e0 Lomme\u00a0!"},"content":{"rendered":"<p>            Par<br \/>\n        <strong><br \/>\n            <a href=\"https:\/\/actu.fr\/auteur\/redaction-lille\" title=\"Consulter tous les articles de R\u00e9daction Lille\" target=\"_blank\" rel=\"noopener\">R\u00e9daction Lille<\/a><br \/>\n        <\/strong><\/p>\n<p>        Publi\u00e9 le<\/p>\n<p>            6 juin 2025 \u00e0 14h48        <\/p>\n<p>Un <b>week-end festif<\/b> s\u2019annonce \u00e0 <a href=\"https:\/\/actu.fr\/tag\/lomme\" target=\"_blank\" rel=\"noopener\">Lomme<\/a>, ville associ\u00e9e \u00e0 <a href=\"https:\/\/actu.fr\/hauts-de-france\/lille_59350\" target=\"_blank\" rel=\"noopener\">Lille<\/a> (Nord), avec son <b>carnaval g\u00e9ant<\/b>. Bals, spectacles, d\u00e9fil\u00e9s, mapping et concerts gratuits vous attendent ces samedi 7 et dimanche 8 juin 2025.<\/p>\n<p>Samedi, bal et mapping f\u00e9erique \u00e0 Lomme pour le carnaval<\/p>\n<p class=\" wall-content\">Au programme du samedi 7 juin, <b>bal<\/b> pour petits et grands\u00a0\u00e0 partir de 17h30. D\u00e8s la nuit tomb\u00e9e, l\u2019h\u00f4tel de ville se transformera en un tableau f\u00e9erique et lumineux pour une cr\u00e9ation <b>vid\u00e9o-mapping<\/b> unique sur le th\u00e8me fiesta.<\/p>\n<p>Dimanche, d\u00e9fil\u00e9 et f\u00eate en ville<\/p>\n<p class=\" wall-content\">C\u2019est le dimanche 8 juin qu\u2019auront lieu le c\u0153ur des festivit\u00e9s.<\/p>\n<p class=\" wall-content\">De 11h \u00e0 17h15, Lomme sera en effervescence avec des <b>animations, fanfares et spectacles<\/b> dans toute la ville. Le parvis Yvon Delaporte, le parc Arthur Notebart, l\u2019avenue de la R\u00e9publique, la place Jean Jaur\u00e8s, et le jardin Rosa Parks accueilleront les animations. A 16h, ne manquez pas le grand d\u00e9fil\u00e9 culturel et associatif au d\u00e9part de la rue du Mar\u00e9chal Foch. Terminez les festivit\u00e9s en beaut\u00e9 avec un ap\u00e9ritif et un concert \u00e0 partir de 18h30, avec pr\u00e8s de 100 musiciens convi\u00e9s.<\/p>\n<p>Vid\u00e9os : en ce moment sur Actu<\/p>\n<p class=\" wall-content\">Tout au long du week-end, l\u2019embl\u00e9matique g\u00e9ante de la ville Anne Delavaux sera \u00e0 l\u2019honneur et fera son show pour f\u00eater ses 400 ans.<\/p>\n<p class=\" wall-content\">L\u2019\u00e9v\u00e8nement est enti\u00e8rement gratuit, retrouvez toute la programmation exacte sur le <a href=\"https:\/\/www.ville-lomme.fr\/Evenements\/Carnaval\" target=\"_blank\" rel=\"noopener\">site de la Ville de Lomme<\/a>.<\/p>\n<p class=\" wall-content\"><b>Margaux Salignat<\/b><\/p>\n<p class=\" wall-content\">Suivez toute l\u2019actualit\u00e9 de vos villes et m\u00e9dias favoris en vous inscrivant \u00e0 <a href=\"https:\/\/moncompte.actu.fr\" title=\"D\u00e9couvez Mon Actu\" rel=\"nofollow noopener\" data-trk=\"{&quot;cta&quot;:{&quot;action&quot;:&quot;https:\\\/\\\/moncompte.actu.fr&quot;,&quot;category&quot;:&quot;mon compte&quot;,&quot;from&quot;:&quot;article footer&quot;,&quot;name&quot;:&quot;Mon actu&quot;,&quot;type&quot;:&quot;cta&quot;}}\" target=\"_blank\">Mon Actu<\/a>.<\/p>\n","protected":false},"excerpt":{"rendered":"Par R\u00e9daction Lille Publi\u00e9 le 6 juin 2025 \u00e0 14h48 Un week-end festif s\u2019annonce \u00e0 Lomme, ville associ\u00e9e&hellip;\n","protected":false},"author":2,"featured_media":156585,"comment_status":"","ping_status":"","sticky":false,"template":"","format":"standard","meta":{"footnotes":""},"categories":[2815],"tags":[1111,11,1777,674,1011,27,811,1307,1652,13882,12,25],"class_list":{"0":"post-156584","1":"post","2":"type-post","3":"status-publish","4":"format-standard","5":"has-post-thumbnail","7":"category-lille","8":"tag-actu","9":"tag-actualites","10":"tag-eu","11":"tag-europe","12":"tag-fr","13":"tag-france","14":"tag-hauts-de-france","15":"tag-lille","16":"tag-loisirs-culture","17":"tag-lomme","18":"tag-news","19":"tag-republique-francaise"},"share_on_mastodon":{"url":"https:\/\/pubeurope.com\/@fr\/114636623933317190","error":""},"_links":{"self":[{"href":"https:\/\/www.europesays.com\/fr\/wp-json\/wp\/v2\/posts\/156584","targetHints":{"allow":["GET"]}}],"collection":[{"href":"https:\/\/www.europesays.com\/fr\/wp-json\/wp\/v2\/posts"}],"about":[{"href":"https:\/\/www.europesays.com\/fr\/wp-json\/wp\/v2\/types\/post"}],"author":[{"embeddable":true,"href":"https:\/\/www.europesays.com\/fr\/wp-json\/wp\/v2\/users\/2"}],"replies":[{"embeddable":true,"href":"https:\/\/www.europesays.com\/fr\/wp-json\/wp\/v2\/comments?post=156584"}],"version-history":[{"count":0,"href":"https:\/\/www.europesays.com\/fr\/wp-json\/wp\/v2\/posts\/156584\/revisions"}],"wp:featuredmedia":[{"embeddable":true,"href":"https:\/\/www.europesays.com\/fr\/wp-json\/wp\/v2\/media\/156585"}],"wp:attachment":[{"href":"https:\/\/www.europesays.com\/fr\/wp-json\/wp\/v2\/media?parent=156584"}],"wp:term":[{"taxonomy":"category","embeddable":true,"href":"https:\/\/www.europesays.com\/fr\/wp-json\/wp\/v2\/categories?post=156584"},{"taxonomy":"post_tag","embeddable":true,"href":"https:\/\/www.europesays.com\/fr\/wp-json\/wp\/v2\/tags?post=156584"}],"curies":[{"name":"wp","href":"https:\/\/api.w.org\/{rel}","templated":true}]}}