{"id":156589,"date":"2025-06-06T13:22:22","date_gmt":"2025-06-06T13:22:22","guid":{"rendered":"https:\/\/www.europesays.com\/fr\/156589\/"},"modified":"2025-06-06T13:22:22","modified_gmt":"2025-06-06T13:22:22","slug":"que-faire-a-marseille-pendant-le-week-end-prolonge-du-7-au-9-juin","status":"publish","type":"post","link":"https:\/\/www.europesays.com\/fr\/156589\/","title":{"rendered":"Que faire \u00e0 Marseille pendant le week-end prolong\u00e9 du 7 au 9 juin ?"},"content":{"rendered":"<p>\u00a0<\/p>\n<p>Le printemps d\u00e9file au rythme des week-ends prolong\u00e9s. Pour vous permettre d&rsquo;en profiter au mieux, la Ville de Marseille propose de nombreuses activit\u00e9s sur l&rsquo;ensemble de son territoire.\u00a0<br \/><strong>Voici une s\u00e9lection de bons plans pour le week-end du 7 au 9 juin 2025.\u00a0<\/strong><\/p>\n<p>\u25ba <a href=\"https:\/\/www.marseille.fr\/decouvrir-marseille\/actualites\/que-faire-week-end-7-au-9-juin\/#HORAIRES-SERVICES-9JUIN\" target=\"_blank\" rel=\"nofollow noopener\">Certains services municipaux seront indisponibles lundi 9 juin.<\/a> \u00a0<\/p>\n<p>\u00a0<\/p>\n<p>\u00a0<\/p>\n<p>Des \u00e9v\u00e8nements mode et responsables \u00a0 \u00a0<img decoding=\"async\" src=\"https:\/\/www.europesays.com\/fr\/wp-content\/uploads\/2025\/06\/sfw-carre_0.png\" data-entity-uuid=\"5ae063a2-b78f-45e5-9668-ed9a70026b51\" data-entity-type=\"file\" width=\"602\" height=\"602\" class=\"align-center\" loading=\"lazy\"\/><\/p>\n<p><strong>Du 7 au 14 juin, la Ville accueille la Slow Fashion Week, une semaine consacr\u00e9e \u00e0 penser et promouvoir une mode durable et \u00e9coresponsable.<\/strong><\/p>\n<p>Pendant une semaine, \u00e0 l&rsquo;initiative du <a href=\"https:\/\/baga-collectif.fr\/ \" target=\"_blank\" rel=\"nofollow noopener\">collectif Baga<\/a>, la cit\u00e9 phoc\u00e9enne devient la capitale de la cr\u00e9ation textile engag\u00e9e et responsable.\u00a0<br \/><strong>\u00c0 rebours de la fast-fashion et de l&rsquo;impact particuli\u00e8rement nocif de l&rsquo;industrie de la mode sur l&rsquo;environnement, 50 \u00e9v\u00e8nements vont mettre en valeur des marques locales et durables.<\/strong><\/p>\n<p><strong>La Ville tient \u00e0 soutenir la mode responsable et \u00e0 accompagner les talents marseillais, elle est donc partenaire principal de cette Slow Fashion Week.\u00a0<\/strong><br \/>Au programme : des d\u00e9fil\u00e9s, des ateliers participatifs, des d\u00e9couvertes de lieux cr\u00e9atifs, des expositions, des boutiques \u00e9ph\u00e9m\u00e8res, des conf\u00e9rences, des initiations \u00e0 l&rsquo;upcycling et \u00e0 la r\u00e9paration&#8230;\u00a0<br \/>\u00a0<\/p>\n<p><a href=\"https:\/\/musees.marseille.fr\/la-slow-fashion-week-au-centre-de-la-vieille-charite\" target=\"_blank\" rel=\"nofollow noopener\"><strong>\u25ba Pour commencer, rendez-vous samedi 7 juin au Centre de la Vieille Charit\u00e9 (2e), pour une journ\u00e9e d\u00e9di\u00e9e \u00e0 la cr\u00e9ation \u00e9thique et locale, rythm\u00e9e par un challenge upcycling et des conf\u00e9rences.<\/strong><\/a><\/p>\n<p class=\"text-align-center\"><a class=\"btn btn-primary\" href=\"https:\/\/www.marseille.fr\/decouvrir-marseille\/actualites\/slow-fashion-week\" rel=\"nofollow noopener\" target=\"_blank\">Plus d&rsquo;informations sur la Slow Fashion Week\u00a0<\/a><\/p>\n<p>\u00a0<\/p>\n<p>Des \u00e9v\u00e8nements festifs et nature \u00a0<img decoding=\"async\" src=\"https:\/\/www.europesays.com\/fr\/wp-content\/uploads\/2025\/06\/marseille-fete-la-nature.png\" data-entity-uuid=\"3b3ea825-71e8-46a7-a6c0-e9c02ff7b095\" data-entity-type=\"file\" width=\"595\" height=\"842\" class=\"align-center\" loading=\"lazy\"\/><\/p>\n<p><strong>\u00ab\u00a0Marseille f\u00eate la Nature\u00a0\u00bb du 24 avril au 8 juin.\u00a0<\/strong><\/p>\n<p>Lanc\u00e9e en 2007 dans toutes les villes de France, la F\u00eate de la Nature vise \u00e0 mobiliser pour la protection de l\u2019environnement et la d\u00e9fense du vivant.<strong> Ateliers ludiques, balades d\u00e9couvertes, expositions, conf\u00e9rences, jeux, spectacles&#8230; : les rendez-vous seront nombreux pour sensibiliser les Marseillais \u00e0 la richesse des espaces naturels de la ville, \u00e0 leurs bienfaits et \u00e0 la n\u00e9cessit\u00e9 de leur sauvegarde.<\/strong>\u00a0<\/p>\n<p>\u00a0<\/p>\n<p>Rendez-vous \u00e0 ne pas manquer ce week-end !<br \/>\u00a0Vendredi 6 et samedi 7 juin<\/p>\n<p><strong>Les rendez-vous au jardin\u00a0<\/strong><\/p>\n<p>Le minist\u00e8re de la Culture vous donne rendez-vous dans plus de 2 200 parcs et jardins en France. Th\u00e8me 2025\u00a0: \u00ab\u00a0Jardins de pierres, pierres de jardins\u00a0\u00bb. Au c\u0153ur de cette \u00e9dition, dont Marseille est partenaire, la pierre sera valoris\u00e9e sous toutes ses formes : fontaines, cascades, ponts, murs, statues, mobiliers de jardin, grottes, canaux&#8230;\u00a0<\/p>\n<p><strong>Parc Bor\u00e9ly<\/strong> \u2013 Visites par l\u2019Office du Tourisme, en partenariat avec la Ville de Marseille<\/p>\n<ul class=\"list-disclosure-closed\">\n<li>Visite du Parc Bor\u00e9ly, vendredi 6 juin \u00e0 10h30 et 14h30 &#8211; <a href=\"https:\/\/rendezvousauxjardins.culture.gouv.fr\/w\/370827\/evenement\/18338483\/visite-du-parc-borely#\/events\/18338483\" target=\"_blank\" rel=\"nofollow noopener\">Plus d&rsquo;infos<\/a><\/li>\n<li>Visite d\u00e9couverte du Jardin botanique, vendredi 6 juin \u00e0 14h30 &#8211; <a href=\"https:\/\/rendezvousauxjardins.culture.gouv.fr\/w\/370827\/evenement\/18326956\/visite-decouverte-du-jardin-botanique#\/events\/18326956\" target=\"_blank\" rel=\"nofollow noopener\">Plus d&rsquo;infos<\/a><\/li>\n<li>A la recherche du Tr\u00e9sor des Bor\u00e9ly (visite enfants), samedi 7 juin \u00e0 10h30 et 14h30 &#8211; <a href=\"https:\/\/rendezvousauxjardins.culture.gouv.fr\/w\/370827\/evenement\/18326971\/a-la-recherche-du-tresor-des-borely-visite-famille#\/events\/18326971\" target=\"_blank\" rel=\"nofollow noopener\">Plus d&rsquo;infos<\/a><\/li>\n<\/ul>\n<p><strong>Jardins de la Citadelle :<\/strong> Rendez-vous aux jardins de la Citadelle de Marseille, samedi 7 juin de 12h \u00e0 18h &#8211; <a href=\"https:\/\/rendezvousauxjardins.culture.gouv.fr\/w\/370827\/evenement\/18375969\/rendez-vous-aux-jardins-de-la-citadelle-de-marseille#\/events\/18375969\" target=\"_blank\" rel=\"nofollow noopener\">Plus d&rsquo;infos<\/a><\/p>\n<p>\u00a0<\/p>\n<p>Samedi 7 juin<\/p>\n<p><strong>De 10h \u00e0 11h ou de 11h \u00e0 12h\u00a0: Atelier de r\u00e9alisation de planches naturalistes d&rsquo;observation \u00e0 la Friche Urbaine Naturelle Bellevue<\/strong><\/p>\n<p>Observation de l&rsquo;environnement par la pratique du dessin, \u00e0 la gouache sur carton, v\u00e9ritables planches macroscopiques d\u2019observation. Vous serez accompagn\u00e9s par l&rsquo;artiste plasticien Laurent Eisler. Apportez vos loupes !<\/p>\n<ul class=\"list-disclosure-closed\">\n<li>Friche de \u00ab\u00a0Bellevue\u00a0\u00bb, Bd Neuf, 13015 Marseille, RDV devant l&rsquo;entr\u00e9e du boulodrome<\/li>\n<li><a href=\"https:\/\/www.marseille.fr\/inscriptions-marseille-fete-la-nature\" target=\"_blank\" rel=\"nofollow noopener\">Sur inscription<\/a><\/li>\n<\/ul>\n<p>\u00a0<\/p>\n<p><strong>De 12h \u00e0 16h\u00a0: \u00ab\u00a0Alimenterre\u00a0\u00bb, apr\u00e8s-midi d\u00e9couvertes \u00e0 la Friche de la Grognarde<\/strong><\/p>\n<p>Pique-nique partag\u00e9. Balade avec un carnet de jeux d&rsquo;exp\u00e9riences sensibles pour se relier \u00e0 une alimentation de qualit\u00e9 par la marche, mieux comprendre le r\u00f4le \u00e9cologique de la friche dans le cycle des esp\u00e8ces et d\u00e9couvrir les plantes sauvages comestibles.\u00a0<\/p>\n<ul class=\"list-disclosure-closed\">\n<li>Friche de la Grognarde, 10 R\u00e9sidence des Bastidones, 13012 (T3, arr\u00eat La Grognarde)<\/li>\n<li><a href=\"https:\/\/www.marseille.fr\/inscriptions-marseille-fete-la-nature\" target=\"_blank\" rel=\"nofollow noopener\">Sur inscription<\/a><\/li>\n<\/ul>\n<p>\u00a0<\/p>\n<p><strong>De 14h \u00e0 15h ou de 15h \u00e0 16h\u00a0: Cr\u00e9ation d&rsquo;un grand collier collectif en cire d&rsquo;abeille \u00e0 la Friche Urbaine Naturelle Bellevue\u00a0<\/strong><\/p>\n<p>Alors que le printemps fait fleurir les champs, les abeilles sortent de la ruche pour recommencer \u00e0 butiner. M\u00eame dans les villes, ces insectes sont tr\u00e8s actifs. Nous exp\u00e9rimentons le modelage d&rsquo;un des mat\u00e9riaux qu&rsquo;elles produisent. Avec l&rsquo;artiste sculptrice Tiphaine Calmettes.<\/p>\n<ul class=\"list-disclosure-closed\">\n<li>Friche de \u00ab\u00a0Bellevue\u00a0\u00bb, Bd Neuf, 13015 Marseille, RDV devant l&rsquo;entr\u00e9e du boulodrome<\/li>\n<li><a href=\"https:\/\/www.marseille.fr\/inscriptions-marseille-fete-la-nature\" target=\"_blank\" rel=\"nofollow noopener\">Sur inscription<\/a><\/li>\n<\/ul>\n<p>\u00a0<\/p>\n<p><strong>De 15h \u00e0 17h : Le sol, une richesse invisible et infinie \u00e0 la Friche Urbaine Naturelle de la Grande Bastide Cazault<\/strong><\/p>\n<p>Les for\u00eats urbaines sont des merveilles de biodiversit\u00e9. Venez arborer et comprendre comment le sol se compose et se structure avec les v\u00e9g\u00e9taux et les animaux afin de mieux comprendre ce monde invisible, d\u00e9voil\u00e9 gr\u00e2ce \u00e0 nos microscopes portables et nos exp\u00e9riences sensorielles.<\/p>\n<ul class=\"list-disclosure-closed\">\n<li>Friche de La Grande Bastide Cazaulx, Point de RDV : PARKING au 98 bd Bouyala d&rsquo;Arnaud, 13012 Marseille<\/li>\n<li><a href=\"https:\/\/www.marseille.fr\/inscriptions-marseille-fete-la-nature\" target=\"_blank\" rel=\"nofollow noopener\">Sur inscription<\/a><\/li>\n<\/ul>\n<p>\u00a0<\/p>\n<p>\u00a0<\/p>\n<p>Dimanche 8 juin<\/p>\n<p><strong>Randonn\u00e9es aux portes des Calanques propos\u00e9es aux petits Marseillais<\/strong><\/p>\n<p>De 9h \u00e0 12h30 ou de 13h15 \u00e0 17h, la structure ENJEU propose deux balades pour initier les jeunes marseillais \u00e0 la randonn\u00e9e, aux portes de l\u2019embl\u00e9matique parc des Calanques (13009). Ainsi, \u00ab\u00a0Cap Enjeu\u00a0!\u00a0\u00bb aura lieu en for\u00eat pour les 3ans\/+. Et \u00ab\u00a0Cap au Sud\u00a0!\u00a0\u00bb, excursion au col des Baumettes proposant initiation \u00e0 l&rsquo;orientation et \u00e0 l&rsquo;observation de la faune (oiseaux) et de la flore, est propos\u00e9 pour les 8ans\/+\u00a0:<\/p>\n<p>\u00a0<\/p>\n<p>\u00a0<\/p>\n<p>Jusqu&rsquo;au dimanche 8 juin<\/p>\n<p><strong>De 9h \u00e0 18h : <\/strong><a href=\"https:\/\/musees.marseille.fr\/oceans\" target=\"_blank\" rel=\"nofollow noopener\"><strong>Exposition OC\u00c9ANS<\/strong><\/a><strong> (Mus\u00e9um d\u2019Histoire Naturelle)<\/strong><\/p>\n<p>Une merveilleuse occasion d\u2019explorer la beaut\u00e9 de la biodiversit\u00e9 marine et l\u2019importance de la mer, pour nos soci\u00e9t\u00e9s comme nos vies quotidiennes. Larguez les amarres, l\u2019aventure commence !<\/p>\n<ul class=\"list-disclosure-closed\">\n<li>Palais Longchamp, Bd Philippon, 13004 Marseille<\/li>\n<li>Tout public<\/li>\n<li>Sans r\u00e9servation<\/li>\n<\/ul>\n<p class=\"text-align-center\">\u00a0<\/p>\n<p class=\"text-align-center\"><a class=\"btn btn-primary\" href=\"https:\/\/www.marseille.fr\/environnement\/actualites\/fete-de-la-nature\" target=\"_blank\" rel=\"nofollow noopener\">Programme de Marseille \u00ab\u00a0f\u00eate la Nature\u00a0\u00bb<\/a><\/p>\n<p>\u00a0<\/p>\n<p>\u00a0<\/p>\n<p>Sur les plages\u00a0<img decoding=\"async\" src=\"https:\/\/www.europesays.com\/fr\/wp-content\/uploads\/2025\/06\/catalans-3x800_0.png\" data-entity-uuid=\"63c160e6-1584-49a1-9699-e109f03b2a92\" data-entity-type=\"file\" width=\"604\" height=\"402\" class=\"align-center\" loading=\"lazy\"\/><\/p>\n<p>L\u2019\u00e9t\u00e9 approche, et avec lui, le retour des vacances, du soleil et des journ\u00e9es pass\u00e9es les pieds dans le sable. \u00c0 Marseille, les plages font partie des lieux incontournables et anim\u00e9s de la saison estivale.<\/p>\n<p><strong>Jusqu\u2019au 31 ao\u00fbt<\/strong>, <strong>42 chefs de poste, 86 ma\u00eetres-nageurs sauveteurs recrut\u00e9s par la Ville de Marseille et form\u00e9s par le Bataillon de marins-pompiers de Marseille, sont mobilis\u00e9s dans 10 postes de secours sur l\u2019ensemble du littoral marseillais pour encadrer la baignade et veiller au bon d\u00e9roulement de la saison baln\u00e9aire.<\/strong><\/p>\n<p>\u00a0<\/p>\n<p class=\"text-align-center\"><a class=\"btn btn-primary\" href=\"https:\/\/www.marseille.fr\/mer\/actualites\/saison-balneaire\" target=\"_blank\" rel=\"nofollow noopener\">Plus d&rsquo;informations sur la saison baln\u00e9aire<\/a><br \/>\u00a0<\/p>\n<dl class=\"ckeditor-accordion\">\n<dt>Lieux de d\u00e9couverte du littoral et des milieux marins<\/dt>\n<dd>\n<p>La Ville de Marseille a mis en place, deux \u00e9quipements tout particuli\u00e8rement d\u00e9di\u00e9s \u00e0 la d\u00e9couverte du littoral et des milieux marins. D\u00e9couverte, information, actions de pr\u00e9vention et de sensibilisation sont mis en avant, dans les expositions propos\u00e9es par le <a href=\"https:\/\/www.marseille.fr\/mer\/balade-et-loisirs\/lieux-de-decouverte-du-littoral-et-des-milieux-marins#Hublot\" rel=\"nofollow noopener\" target=\"_blank\">Hublot <\/a>et <a href=\"https:\/\/www.marseille.fr\/mer\/balade-et-loisirs\/lieux-de-decouverte-du-littoral-et-des-milieux-marins#maison\" target=\"_blank\" rel=\"nofollow noopener\">La Maison des \u00eeles et du littoral<\/a>, ouverts \u00e0 tous pendant l&rsquo;\u00e9t\u00e9 ainsi que dans le cadre des actions avec les enfants men\u00e9es par le <a href=\"https:\/\/www.marseille.fr\/mer\/balade-et-loisirs\/lieux-de-decouverte-du-littoral-et-des-milieux-marins#CIDMer\" rel=\"nofollow noopener\" target=\"_blank\">Centre Initiation et D\u00e9couverte de la Mer (CIDMer)<\/a>. Ce centre accompagne notamment les \u00e9coles dans le label <a href=\"https:\/\/www.marseille.fr\/mer\/balade-et-loisirs\/lieux-de-decouverte-du-littoral-et-des-milieux-marins#aire-marine\" rel=\"nofollow noopener\" target=\"_blank\">Aire marine \u00c9ducative (AME)<\/a>.<\/p>\n<p>\u00a0<\/p>\n<ul>\n<li><a href=\"https:\/\/www.marseille.fr\/mer\/balade-et-loisirs\/lieux-de-decouverte-du-littoral-et-des-milieux-marins#Hublot\" rel=\"nofollow noopener\" target=\"_blank\">Le Hublot <\/a>:<strong> lieu de sensibilisation et de d\u00e9couverte de la mer et du littoral pour le grand-public. Fen\u00eatre sur la mer, il promeut et \u00e9duque aux bons comportements \u00e0 adopter pour la pr\u00e9servation de la mer et du littoral<\/strong><br \/>Ouvert tous les jours en saison estivale, le b\u00e2timent en bois<strong>\u00a0<\/strong>est <strong>situ\u00e9 le long de la promenade littorale pr\u00e8s de l&rsquo;Escale Bor\u00e9ly.<\/strong><br \/>\u00a0<\/li>\n<li><a href=\"https:\/\/www.marseille.fr\/mer\/balade-et-loisirs\/lieux-de-decouverte-du-littoral-et-des-milieux-marins#smartseille\" rel=\"nofollow noopener\" target=\"_blank\">Les balades connect\u00e9es sur les plages du Prado<\/a> : Partez \u00e0 la chasse aux balises ! D\u00e9couvrez les 7 balises ludiques et p\u00e9dagogiques en lien avec l&rsquo;environnement (posidonies, r\u00e9cifs artificiels, plancton, poissons, benthos, pollution, paysage), plac\u00e9es entre la plage Bor\u00e9ly et la plage du Prado Nord.\u00a0<a href=\"https:\/\/streetscience.fr\/telechargement\/\" target=\"_blank\" rel=\"nofollow noopener\">T\u00e9l\u00e9chargez l&rsquo;appli<\/a>\u00a0sur votre smartphone,\u00a0 puis partez \u00e0 la d\u00e9couverte des explications et des \u00e9l\u00e9ments en 3 D. Tout public &#8211; acc\u00e8s libre<br \/>\u00a0<\/li>\n<li><a href=\"https:\/\/www.marseille.fr\/mer\/balade-et-loisirs\/lieux-de-decouverte-du-littoral-et-des-milieux-marins#maison\" rel=\"nofollow noopener\" target=\"_blank\">La Maison des \u00eeles et du littoral<\/a> : <strong>Nouveau lieu d\u00e9di\u00e9 \u00e0 la sensibilisation et \u00e0 l\u2019interpr\u00e9tation de la biodiversit\u00e9 unique de l\u2019archipel, inaugur\u00e9 pour la saison estivale 2025. <\/strong>V\u00e9ritable vitrine des actions men\u00e9es pour la gestion des \u00eeles de Marseille, ce lieu d&rsquo;exposition offre une mus\u00e9ographie int\u00e9rieure permanente compl\u00e9t\u00e9e au fil des saisons par des expositions temporaires. \u00c0 l\u2019ext\u00e9rieur, une s\u00e9rie de panneaux th\u00e9matiques permettent aux visiteurs de pouvoir en apprendre davantage sur la biodiversit\u00e9 insulaire de la rade de Marseille et sur son patrimoine culturel, y compris les jours de fermeture de la Maison.\u00a0\n<p>\u00a0<\/p>\n<\/li>\n<\/ul>\n<\/dd>\n<\/dl>\n<p>\u00a0\u00a0<\/p>\n<p>Plein air\u00a0<img decoding=\"async\" src=\"https:\/\/www.europesays.com\/fr\/wp-content\/uploads\/2025\/06\/parc-pano_villenature-vacances.jpg\" data-entity-uuid=\"0c3e7d46-2e5b-4d9c-9194-25a53558d17a\" data-entity-type=\"file\" alt=\"\" width=\"654\" height=\"204\" class=\"align-center\" loading=\"lazy\"\/><\/p>\n<dl class=\"ckeditor-accordion\">\n<dt>Les parcs et jardins<\/dt>\n<dd>\n<p>Le patrimoine des espaces verts de la Ville de Marseille recouvre\u00a0<strong>plus de 700\u00a0hectares\u00a0<\/strong>: parcs, jardins, squares, espaces verts de voirie&#8230; Ce patrimoine est en augmentation constante et permet d\u2019offrir aux Marseillais un panel d\u2019am\u00e9nagements vari\u00e9s et ludiques.<\/p>\n<p><strong>Du 1er juin au 31 ao\u00fbt, les parcs et jardins de la Ville de Marseille sont ouverts de 7h \u00e0 21h, \u00e0 l&rsquo;exception des parcs\u00a0Bor\u00e9ly et Bougainville\u00a0<\/strong>(de 6h30 \u00e0 21h toute l&rsquo;ann\u00e9e).<\/p>\n<p>\u00a0<\/p>\n<p class=\"text-align-center\"><a class=\"btn btn-primary\" href=\"https:\/\/www.marseille.fr\/environnement\/presentation\" target=\"_blank\" rel=\"nofollow noopener\">Plus d&rsquo;infos sur les parcs et jardins marseillais<\/a><\/p>\n<p class=\"text-align-center\"><a class=\"btn btn-secondary\" href=\"https:\/\/www.marseille.fr\/environnement\/nature-en-ville\/26-parcs-et-jardins-crees-ou-renoves\" target=\"_blank\" rel=\"nofollow noopener\">D\u00e9couvrez les parcs et jardins r\u00e9nov\u00e9s<\/a><\/p>\n<p>\u00a0<\/p>\n<p>Toboggans, filets \u00e0 grimper, jeux sur ressort, m\u00e2ts \u00e0 glisser&#8230; La Ville de Marseille dispose de<strong>\u00a0plus d&rsquo;une trentaine d&rsquo;aires de jeux<\/strong>\u00a0pour enfants, install\u00e9es dans ses parcs et jardins et r\u00e9parties sur l&rsquo;ensemble du territoire.<\/p>\n<p>\u00a0<\/p>\n<p class=\"text-align-center rtecenter\"><a class=\"btn btn-secondary\" href=\"https:\/\/www.marseille.fr\/sports-loisirs\/actualites\/aires-de-jeux-occupez-vos-enfants-dans-les-parcs-et-jardins-marseillais\" target=\"_blank\" rel=\"nofollow noopener\">Retrouvez la liste des parcs urbains avec aires de jeux pour les enfants<\/a><\/p>\n<\/dd>\n<\/dl>\n<dl class=\"ckeditor-accordion\">\n<dt>Visites du Jardin botanique<\/dt>\n<dd>\n<p><strong>\u00ab\u00a0Mus\u00e9e du vivant\u00a0\u00bb,\u00a0<\/strong>le Jardin botanique n&rsquo;est pas un jardin comme les autres.<\/p>\n<p><strong>Vaste d&rsquo;1,2 hectare, nich\u00e9 au c\u0153ur du Parc Bor\u00e9ly (8e), il regroupe environ 3 000 esp\u00e8ces v\u00e9g\u00e9tales diff\u00e9rentes<\/strong>, provenant<strong>\u00a0des cinq continents<\/strong>, pr\u00e9sent\u00e9es dans neuf espaces th\u00e9matiques : jardin japonais, chinois, m\u00e9diterran\u00e9en, de plantes grimpantes, succulentes, m\u00e9dicinales, potager, palmetum et serre d&rsquo;Afrique du Sud.\u00a0<strong>Comme un mus\u00e9e, il rassemble des collections de v\u00e9g\u00e9taux et offre un v\u00e9ritable parcours de d\u00e9couvertes ludiques, sensorielles, et insolites.\u00a0Sa mission est \u00e9galement d\u2019assurer la protection et conservation<\/strong>\u00a0de la flore, d\u2019alimenter la recherche scientifique et de permettre l\u2019\u00e9ducation et la sensibilisation des publics.<\/p>\n<p>\u00a0<\/p>\n<p class=\"text-align-center rtecenter\"><a class=\"btn btn-secondary\" href=\"https:\/\/www.marseille.fr\/environnement\/parcs-et-jardins\/jardin-botanique\" target=\"_blank\" rel=\"nofollow noopener\">Plus d&rsquo;infos sur le Jardin botanique<\/a><\/p>\n<p><strong>Les visites libres se font uniquement sur inscription.<\/strong><br \/>\u00c0 savoir : le Jardin botanique ferme ses portes \u00e0 19h du 1er avril au 30 septembre.<\/p>\n<p class=\"text-align-center\"><a class=\"btn btn-secondary\" href=\"https:\/\/natureenville.marseille.fr\/\" target=\"_blank\" rel=\"nofollow noopener\">Inscription<\/a><\/p>\n<\/dd>\n<\/dl>\n<dl class=\"ckeditor-accordion\">\n<dt>Fermes p\u00e9dagogiques<\/dt>\n<dd>\n<p>Ouvertes \u00e0 tous le samedi, les fermes p\u00e9dagogiques sont de v\u00e9ritables exploitations agricoles\u00a0implant\u00e9es dans d\u2019anciens domaines bastidaires.<\/p>\n<ul class=\"liseDesc\">\n<li>Ferme p\u00e9dagogique du Roy d\u2019Espagne &#8211; Rue Jules Rimet &#8211; 9e<\/li>\n<li>Ferme p\u00e9dagogique du Collet des Comtes &#8211; 137 boulevard des Lib\u00e9rateurs &#8211; 12e<\/li>\n<li>Ferme p\u00e9dagogique de la Tour des Pins &#8211; Avenue du Parc Montgolfier &#8211; 14e<\/li>\n<\/ul>\n<p>\u00a0<\/p>\n<p class=\"text-align-center rtecenter\"><a class=\"btn btn-secondary\" href=\"https:\/\/www.marseille.fr\/environnement\/fermes-pedagogiques\" target=\"_blank\" rel=\"nofollow noopener\">Plus d&rsquo;infos sur les fermes p\u00e9dagogiques de Marseille<\/a><\/p>\n<\/dd>\n<\/dl>\n<dl class=\"ckeditor-accordion\">\n<dt>Prenez un grand bol d\u2019air dans les massifs marseillais !<\/dt>\n<dd>\n<p>Une belle balade en famille \u00e7a vous dit ? De par sa topographie, Marseille regorge de beaux sentiers naturels \u00e0 la port\u00e9e de tous, une vue \u00e9poustouflante, une immersion en for\u00eat, voici toutes nos id\u00e9es de balades \u00e0 Marseille et autour pour un d\u00e9paysement total.<\/p>\n<p class=\"text-align-center\"><a class=\"btn btn-secondary\" href=\"https:\/\/www.marseille-tourisme.com\/decouvrez-marseille\/calanques-plages-et-nature\/randonnees\/\" target=\"_blank\" rel=\"nofollow noopener\">Les balades nature<\/a><\/p>\n<p>\u00a0<\/p>\n<\/dd>\n<\/dl>\n<p class=\"rtecenter\">\u00a0<\/p>\n<p class=\"text-align-center\">\u00a0<\/p>\n<p>Dans les mus\u00e9es municipaux\u00a0<img decoding=\"async\" src=\"https:\/\/www.europesays.com\/fr\/wp-content\/uploads\/2025\/06\/enfant-muses-.jpg\" data-entity-uuid=\"399251c4-2951-4eef-bcbd-c3f89138d40b\" data-entity-type=\"file\" alt=\"\" width=\"619\" height=\"413\" class=\"align-center\" loading=\"lazy\"\/><\/p>\n<p>Les mus\u00e9es municipaux sont ouverts du mardi au dimanche de 9h \u00e0 18h, <strong>avec une ouverture exceptionnelle ce lundi 9 juin (f\u00e9ri\u00e9)<\/strong>. <strong>Seuls le Mus\u00e9e de la Moto et le Mus\u00e9e des Enfants &#8211; Pr\u00e9au des Accoules sont ferm\u00e9s lundi 9 juin<\/strong>.<\/p>\n<p>\u00a0<\/p>\n<p class=\"text-align-center\"><a class=\"btn btn-secondary\" href=\"https:\/\/musees.marseille.fr\/lagenda-des-musees?form_build_id=form-Y5EjsNQYmIB2sN6YHnt8TJIbvIMqLk_Kf6WfinivzL0&amp;form_id=filters_agenda&amp;dates_start=06%2F06%2F2025&amp;dates_end=10%2F06%2F2025&amp;date_global_mob=&amp;date_global=06%2F06%2F2025+to+10%2F06%2F2025&amp;op=\" target=\"_blank\" rel=\"nofollow noopener\">Retrouver l&rsquo;agenda des mus\u00e9es pour ce week-end prolong\u00e9\u00a0<\/a><\/p>\n<p class=\"text-align-center\">\u00a0<\/p>\n<p class=\"text-align-center\"><a class=\"btn btn-primary\" href=\"https:\/\/musees.marseille.fr\/\" target=\"_blank\" rel=\"nofollow noopener\">musees.marseille.fr<\/a><\/p>\n<p class=\"text-align-center rtecenter\">\u00a0<\/p>\n<p>\u00a0<\/p>\n<p>Au ch\u00e2teau de la Buzine<\/p>\n<p class=\"text-align-center\">56 Traverse de la Buzine, 11e<br \/><a href=\"https:\/\/www.labuzine.com\/\" target=\"_blank\" rel=\"nofollow noopener\">labuzine.com<\/a><\/p>\n<p><img decoding=\"async\" src=\"https:\/\/www.europesays.com\/fr\/wp-content\/uploads\/2025\/06\/buzine-vacances.jpg\" data-entity-uuid=\"f867f758-87b0-4d24-8677-509590e5ce12\" data-entity-type=\"file\" alt=\"Usine de films amateurs\" width=\"616\" height=\"410\" class=\"align-center\" loading=\"lazy\"\/><\/p>\n<p><strong>Le Ch\u00e2teau de la Buzine est ouvert \u00e0 la visite du mardi au dimanche, de 10h \u00e0 13h et de 14h \u00e0 18h <\/strong>(la billetterie de la visite ferme \u00e0 17h).<br \/><strong>Fermeture hebdomadaire le lundi, y compris le lundi 9 juin.<\/strong><\/p>\n<p>\u00a0<\/p>\n<p><strong>\u00ab\u00a0L\u2019Usine de Films Amateurs\u00a0\u00bb<\/strong><\/p>\n<p><strong>Jusqu&rsquo;au 31 juillet 2025, le ch\u00e2teau de la Buzine\u00a0accueille \u00ab\u00a0L\u2019Usine de Films Amateurs\u00a0\u00bb de Michel Gondry.<\/strong><\/p>\n<p><strong>Cette exp\u00e9rience participative, inclusive et gratuite<\/strong> est \u00e0 destination du <strong>grand public marseillais, des familles, des groupes scolaires ou des publics emp\u00each\u00e9s.<\/strong><br \/>L\u2019Usine de Films Amateurs vous invite \u00e0 <strong>cr\u00e9er un film de A \u00e0 Z, collectivement, et en un temps record. <\/strong>Aucune formation n\u2019est requise, l\u2019objectif est de se faire plaisir en fabriquant son propre film depuis l\u2019\u00e9criture du sc\u00e9nario et le choix des acteurs jusqu\u2019au tournage et \u00e0 la r\u00e9alisation des effets sp\u00e9ciaux \u00ab\u00a0bricol\u00e9s\u00a0\u00bb sur place. <strong>Trois heures plus tard, vous quittez l\u2019usine avec votre film en poche.<\/strong><\/p>\n<p class=\"text-align-center\"><a class=\"btn btn-primary\" href=\"https:\/\/www.marseille.fr\/culture\/actualites\/michel-gondry-a-la-buzine\" target=\"_blank\" rel=\"nofollow noopener\">Tous les d\u00e9tails et modalit\u00e9s<\/a><br \/>\u00a0<\/p>\n<p class=\"text-align-center\">\u00a0<\/p>\n<p>Sports<img decoding=\"async\" src=\"https:\/\/www.europesays.com\/fr\/wp-content\/uploads\/2025\/06\/enfants-piscine.jpg\" data-entity-uuid=\"9a180663-38d7-44e6-b3f4-956e3adce21c\" data-entity-type=\"file\" alt=\"\" width=\"619\" height=\"412\" class=\"align-center\" loading=\"lazy\"\/><\/p>\n<dl class=\"ckeditor-accordion\">\n<dt>Dans les piscines municipales<\/dt>\n<dd>\n<p><strong>Les piscines seront ferm\u00e9es le lundi 9 juin.\u00a0<\/strong><br \/>\u00a0<\/p>\n<p class=\"text-align-center rtecenter\"><a class=\"btn btn-secondary\" href=\"https:\/\/www.marseille.fr\/sports-loisirs\/equipements-sportifs\/piscines-municipales\" target=\"_blank\" rel=\"nofollow noopener\">Retrouvez toutes les infos sur les piscines municipales<\/a><\/p>\n<\/dd>\n<\/dl>\n<dl class=\"ckeditor-accordion\">\n<dt>Palais Omnisports Marseille Grand Est &#8211; POMGE\u00a0<\/dt>\n<dd>\n<p><a href=\"https:\/\/www.palaisomnisports-marseille.com\/\" target=\"_blank\" rel=\"nofollow noopener\">Site du Palaisomnisports-marseille.com<\/a><br \/>12 boulevard Fernand Bonnefoy (10e)\u00a0<\/p>\n<\/dd>\n<\/dl>\n<p>\u00a0\u00a0<\/p>\n<p>Les march\u00e9s municipaux\u00a0<img decoding=\"async\" src=\"https:\/\/www.europesays.com\/fr\/wp-content\/uploads\/2025\/06\/vdm_347025.jpg\" data-entity-uuid=\"f9bf8c01-9ad9-465c-9a2a-17ea424f727e\" data-entity-type=\"file\" width=\"597\" height=\"460\" class=\"align-center\" loading=\"lazy\"\/><\/p>\n<p class=\"text-align-center\">\u00a0<strong>Les march\u00e9s sont ouverts \u00e0 leurs horaires habituels,\u00a0y compris le lundi 9 juin (f\u00e9ri\u00e9).<\/strong><\/p>\n<p class=\"text-align-center rtecenter\"><a class=\"btn btn-primary\" href=\"https:\/\/www.marseille.fr\/les-marches-forains\" target=\"_blank\" rel=\"nofollow noopener\">Les march\u00e9s forains<\/a>\u00a0<\/p>\n<p class=\"text-align-center rtecenter\"><a class=\"btn btn-primary\" href=\"https:\/\/www.marseille.fr\/decouvrir-marseille\/les-march%C3%A9s-de-la-ville\/les-march%C3%A9s-alimentaires\" target=\"_blank\" rel=\"nofollow noopener\">Les march\u00e9s alimentaires<\/a><\/p>\n<p class=\"text-align-center rtecenter\"><a class=\"btn btn-primary\" href=\"https:\/\/www.marseille.fr\/decouvrir-marseille\/les-march%C3%A9s-de-la-ville\/les-march%C3%A9s-aux-fleurs\" target=\"_blank\" rel=\"nofollow noopener\">Les march\u00e9s aux fleurs<\/a><\/p>\n<p class=\"text-align-center rtecenter\"><a class=\"btn btn-primary\" href=\"https:\/\/www.marseille.fr\/decouvrir-marseille\/les-march%C3%A9s-de-la-ville\/les-autres-march%C3%A9s\" target=\"_blank\" rel=\"nofollow noopener\">Les autres march\u00e9s<\/a><\/p>\n<p class=\"rtecenter\">\u00a0<\/p>\n<p><strong>Une autre id\u00e9e ? Retrouvez toutes les infos sur Sortir \u00e0 Marseille :<\/strong>\u00a0<\/p>\n<p class=\"text-align-center rtecenter\"><a class=\"btn btn-secondary btn-primary\" href=\"https:\/\/www.sortiramarseille.fr\/\" target=\"_blank\" rel=\"nofollow noopener\">sortiramarseille.fr<\/a><br \/>\u00a0<\/p>\n<p class=\"text-align-center\" style=\"margin-top:-40px;padding-top:60px;\" id=\"HORAIRES-SERVICES-9JUIN\">\u00a0<\/p>\n<p>\u00a0\u00a0\u00a0Rappel des horaires des services municipaux du 7 au 9 juin \u00a0\u00a0<\/p>\n<p>\u00a0<\/p>\n<ul>\n<li><strong>Les mus\u00e9es municipaux sont <\/strong><strong>ouverts<\/strong><strong> du mardi au dimanche de 9h \u00e0 18h<\/strong>,<strong> avec une ouverture exceptionnelle ce lundi 9 juin (f\u00e9ri\u00e9)<\/strong>. <strong>Seuls le Mus\u00e9e de la Moto et le Mus\u00e9e des Enfants &#8211; Pr\u00e9au des Accoules sont ferm\u00e9s ce lundi 9 juin (f\u00e9ri\u00e9).\u00a0<\/strong><br \/>\u2192 Infos sur les<strong>\u00a0<\/strong><a href=\"https:\/\/musees.marseille.fr\/\" target=\"_blank\" rel=\"nofollow noopener\"><strong>mus\u00e9es municipaux<\/strong><\/a><br \/>\u00a0<\/li>\n<li><strong>Les cimeti\u00e8res son<\/strong><strong>t <\/strong><strong>ouverts <\/strong><strong>\u00e0 leurs horaires habituels y compris le lundi 9 juin (f\u00e9ri\u00e9).<\/strong><br \/>\u2192 Infos sur les\u00a0<a href=\"https:\/\/www.marseille.fr\/decouvrir-marseille\/patrimoines-et-monuments\/cimeti%C3%A8res\" target=\"_blank\" rel=\"nofollow noopener\"><strong>cimeti\u00e8res<\/strong><\/a><br \/>\u00a0<\/li>\n<li><strong>Les piscines sont ferm\u00e9es le lundi 9 juin (f\u00e9ri\u00e9).<\/strong><br \/>\u2192 Infos sur les<strong>\u00a0<\/strong><a href=\"https:\/\/www.marseille.fr\/sports-loisirs\/equipements-sportifs\/piscines-municipales\" target=\"_blank\" rel=\"nofollow noopener\"><strong>piscines municipales<\/strong><\/a><br \/>\u00a0<\/li>\n<li><strong>Les biblioth\u00e8ques de Marseille sont ferm\u00e9es le<\/strong><strong> samedi 7 et lundi 9 juin<\/strong><strong> 2025, y compris la biblioth\u00e8que Castellane.\u00a0<\/strong><br \/>\u2192 Infos sur les<strong>\u00a0<\/strong><a href=\"https:\/\/www.bmvr.marseille.fr\/accueil\" target=\"_blank\" rel=\"noopener noreferrer nofollow\"><strong>biblioth\u00e8ques municipales<\/strong><\/a><br \/>\u00a0<\/li>\n<li><strong>Les\u00a0archives municipales sont ferm\u00e9es le lundi 9 juin (f\u00e9ri\u00e9).<\/strong><br \/>\u2192 Infos sur les\u00a0<a href=\"https:\/\/www.marseille.fr\/culture\/patrimoine\/les-archives-municipales\" target=\"_blank\" rel=\"nofollow noopener\"><strong>archives municipales<\/strong><\/a><br \/>\u00a0<\/li>\n<li><strong>Les Bureaux Municipaux de Proximit\u00e9 (BMdP)<\/strong>\u00a0<strong>sont ferm\u00e9s le lundi 9 juin (f\u00e9ri\u00e9).<\/strong><br \/>\u2192 Infos sur les\u00a0<a href=\"https:\/\/www.marseille.fr\/mairie\/service-de-proximite\/les-bureaux-municipaux-de-proximite\" target=\"_blank\" rel=\"nofollow noopener\"><strong>BMdP<\/strong><\/a><br \/>\u00a0<\/li>\n<li><strong>La mairie mobile est ferm\u00e9e le lundi 9 juin (f\u00e9ri\u00e9).<\/strong><br \/>\u2192 Infos sur la <a href=\"https:\/\/www.marseille.fr\/mairie\/services-de-proximite\/mairie-mobile\" target=\"_blank\" rel=\"nofollow noopener\"><strong>mairie mobile<\/strong><\/a><br \/>\u00a0\u00a0<\/li>\n<li><strong>Le centre d&rsquo;appels \u00ab\u00a0All\u00f4 Mairie<\/strong>\u00a0\u00bb\u00a0<strong>est ferm\u00e9 le lundi 9 juin (f\u00e9ri\u00e9).<\/strong><br \/>En cas d&rsquo;urgence, contactez le standard Mairie : 04 91 55 11 11.<br \/>\u2192 Infos sur le\u00a0<a href=\"https:\/\/www.marseille.fr\/mairie\/services-de-proximit%C3%A9\/all%C3%B4-mairie\" target=\"_blank\" rel=\"nofollow noopener\"><strong>service \u00ab\u00a0All\u00f4 Mairie<\/strong><\/a>\u00a0\u00bb\u00a0<br \/>\u00a0<\/li>\n<li><strong>Les mairies de secteur<\/strong>\u00a0<strong>sont en majorit\u00e9 ferm\u00e9es le lundi 9 juin (f\u00e9ri\u00e9).\u00a0<\/strong><br \/>Certaines proposent des permanences pour les d\u00e9marches d&rsquo;\u00e9tat civil.<br \/>\u2192 Infos sur les\u00a0<a href=\"https:\/\/www.marseille.fr\/mairie\/mairies-de-secteur\" target=\"_blank\" rel=\"nofollow noopener\"><strong>mairies de secteur<\/strong><\/a><br \/>\u00a0<\/li>\n<\/ul>\n<p>\u00a0<\/p>\n<p>\u00a0<\/p>\n<p>\u00a0<\/p>\n<p>\u00a0\u00a0<\/p>\n","protected":false},"excerpt":{"rendered":"\u00a0 Le printemps d\u00e9file au rythme des week-ends prolong\u00e9s. Pour vous permettre d&rsquo;en profiter au mieux, la Ville&hellip;\n","protected":false},"author":2,"featured_media":156590,"comment_status":"","ping_status":"","sticky":false,"template":"","format":"standard","meta":{"footnotes":""},"categories":[2814],"tags":[1111,11,1777,674,1011,27,884,12,882,25,6150],"class_list":{"0":"post-156589","1":"post","2":"type-post","3":"status-publish","4":"format-standard","5":"has-post-thumbnail","7":"category-marseille","8":"tag-actu","9":"tag-actualites","10":"tag-eu","11":"tag-europe","12":"tag-fr","13":"tag-france","14":"tag-marseille","15":"tag-news","16":"tag-provence-alpes-cote-dazur","17":"tag-republique-francaise","18":"tag-rss"},"share_on_mastodon":{"url":"https:\/\/pubeurope.com\/@fr\/114636636117396715","error":""},"_links":{"self":[{"href":"https:\/\/www.europesays.com\/fr\/wp-json\/wp\/v2\/posts\/156589","targetHints":{"allow":["GET"]}}],"collection":[{"href":"https:\/\/www.europesays.com\/fr\/wp-json\/wp\/v2\/posts"}],"about":[{"href":"https:\/\/www.europesays.com\/fr\/wp-json\/wp\/v2\/types\/post"}],"author":[{"embeddable":true,"href":"https:\/\/www.europesays.com\/fr\/wp-json\/wp\/v2\/users\/2"}],"replies":[{"embeddable":true,"href":"https:\/\/www.europesays.com\/fr\/wp-json\/wp\/v2\/comments?post=156589"}],"version-history":[{"count":0,"href":"https:\/\/www.europesays.com\/fr\/wp-json\/wp\/v2\/posts\/156589\/revisions"}],"wp:featuredmedia":[{"embeddable":true,"href":"https:\/\/www.europesays.com\/fr\/wp-json\/wp\/v2\/media\/156590"}],"wp:attachment":[{"href":"https:\/\/www.europesays.com\/fr\/wp-json\/wp\/v2\/media?parent=156589"}],"wp:term":[{"taxonomy":"category","embeddable":true,"href":"https:\/\/www.europesays.com\/fr\/wp-json\/wp\/v2\/categories?post=156589"},{"taxonomy":"post_tag","embeddable":true,"href":"https:\/\/www.europesays.com\/fr\/wp-json\/wp\/v2\/tags?post=156589"}],"curies":[{"name":"wp","href":"https:\/\/api.w.org\/{rel}","templated":true}]}}