{"id":15659,"date":"2025-04-10T19:00:11","date_gmt":"2025-04-10T19:00:11","guid":{"rendered":"https:\/\/www.europesays.com\/fr\/15659\/"},"modified":"2025-04-10T19:00:11","modified_gmt":"2025-04-10T19:00:11","slug":"la-confiance-de-dugarry-pour-paris-en-ligue-des-champions","status":"publish","type":"post","link":"https:\/\/www.europesays.com\/fr\/15659\/","title":{"rendered":"la confiance de Dugarry pour Paris en Ligue des champions"},"content":{"rendered":"<p>AFP Videos &#8211; France<\/p>\n<p><a class=\"Td(n) C($inherit) LineClamp(2,45px) D(f) rapidnofollow\" data-uuid=\"bb8622f6-0891-30af-992e-3d7be111eae0\" href=\"https:\/\/fr.news.yahoo.com\/c1-psg-arrive-lanc%C3%A9-face-092357344.html\" data-ylk=\"elm:hdln;itc:0;pos:1;sec:strm;subsec:moreforyou;cpos:14;ct:video;g:bb8622f6-0891-30af-992e-3d7be111eae0\" data-hosted-type=\"HOSTED\" target=\"_blank\" rel=\"noopener\">C1: le PSG arrive lanc\u00e9 face aux Anglais d&rsquo;Aston Villa<\/a><\/p>\n<p class=\"M(0) C($summaryColor) Fz(14px) Lh(1.43em) LineClamp(3,60px)\">Le PSG, d\u00e9sormais l&rsquo;un des favoris de la Ligue des champions, affronte mercredi (21h00) Aston Villa au Parc des Princes, en quart de finale aller, avec l&rsquo;ambition de poursuivre sa p\u00e9riode prolifique lanc\u00e9e en janvier.Port\u00e9 par un collectif qui prend plaisir \u00e0 jouer ensemble, par une intensit\u00e9 et un contre-pressing rare, ainsi que par un \u00e9tat d&rsquo;esprit impeccable, le PSG accueille Aston Villa en position de force, avant le match retour le 15 avril.D&rsquo;autant que Paris se pr\u00e9sente avec un groupe quasiment au complet, ce qui tranche avec les blessures r\u00e9currentes qui minaient le club au printemps lors d&rsquo;\u00e9ditions pr\u00e9c\u00e9dentes. M\u00eame Lee Kang-in est de retour apr\u00e8s une indisponibilit\u00e9 au retour de la tr\u00eave internationale. Seul absent de marque, le capitaine Marquinhos, suspendu, qui devrait \u00eatre remplac\u00e9 en d\u00e9fense centrale par Lucas Beraldo.Selon l&rsquo;entra\u00eeneur parisien Luis Enrique, cette double confrontation est \u00ab\u00a0tr\u00e8s ouverte et difficile pour les deux \u00e9quipes\u00a0\u00bb.\u00a0\u00bbPour moi, les favoris n&rsquo;existent pas. Il y a huit \u00e9quipes qui sont l\u00e0, qui l&rsquo;ont m\u00e9rit\u00e9 et peuvent se qualifier. Sur la route, il y a beaucoup de favoris \u00e9limin\u00e9s\u00a0\u00bb, a voulu temp\u00e9rer mardi l&rsquo;Espagnol, qui retrouve l&rsquo;ancien coach du PSG Unai Emery.Il avait notamment crois\u00e9 son compatriote pour deux soir\u00e9es de l\u00e9gende en 2017: au cinglant 4-0 inflig\u00e9 par le PSG \u00e0 l&rsquo;aller le 14 f\u00e9vrier, le Bar\u00e7a de Luis Enrique avait r\u00e9pondu par la fameuse \u00ab\u00a0remontada\u00a0\u00bb (6-1), le 8 mars.Devant la presse, Luis Enrique a d&rsquo;ailleurs salu\u00e9 le travail d&rsquo;Emery \u00e0 la t\u00eate des Villans. \u00ab\u00a0Il a toujours fait progresser ses \u00e9quipes, il a une \u00e9nergie illimit\u00e9e, il a gagn\u00e9 beaucoup de titres\u00a0\u00bb, a estim\u00e9 le technicien.- \u00ab\u00a0Contr\u00f4ler nos \u00e9motions\u00a0\u00bb -\u00ab\u00a0Notre amiti\u00e9, nous l&rsquo;avons construite au fil de nos affrontements. C&rsquo;est une joie de savoir que tu vas rencontrer l&rsquo;un des entra\u00eeneurs \u00e0 la plus grande trajectoire europ\u00e9enne\u00a0\u00bb, a-t-il expliqu\u00e9.Assurant avoir comme r\u00e9f\u00e9rence dans le jeu le huiti\u00e8me de finale aller perdu face \u00e0 Liverpool au Parc (1-0), Luis Enrique souhaite voir la m\u00eame chose de la part de ses joueurs, et non la version plus irr\u00e9guli\u00e8re des matches les plus r\u00e9cents.\u00a0\u00bbLe coeur sera l\u00e0, les jambes aussi, cette \u00e9nergie positive que l&rsquo;on voit, il faut en tirer profit. Contr\u00f4ler nos \u00e9motions, ce sera la cl\u00e9\u00a0\u00bb, a-t-il soutenu.Paris retrouve aussi le Fran\u00e7ais Lucas Digne, un ex-Parisien, et Marco Asensio, qui encha\u00eene les buts depuis qu&rsquo;il a \u00e9t\u00e9 pr\u00eat\u00e9 cet hiver par le PSG.\u00a0\u00bbIl a toujours \u00e9t\u00e9 tr\u00e8s important pour moi. Il l&rsquo;a \u00e9t\u00e9 ici la saison derni\u00e8re, en d\u00e9but de saison aussi. Ensuite, il a eu moins de temps de jeu\u00a0\u00bb, a comment\u00e9 Luis Enrique.Sous les ordres de l&rsquo;Espagnol, le PSG esp\u00e8re jouer sa deuxi\u00e8me demi-finale de suite en Ligue des champions.- \u00ab\u00a0Un gros d\u00e9fi\u00a0\u00bb -Dans les buts des Villans, le gardien argentin Emiliano Martinez a lui forc\u00e9ment laiss\u00e9 des traces dans les t\u00eates des attaquants fran\u00e7ais du PSG, et en particulier d&rsquo;Ousmane Demb\u00e9l\u00e9 qui l&rsquo;a crois\u00e9 en finale de la Coupe du monde 2022.Pour se rappeler \u00e0 leurs -mauvais- souvenirs, le fac\u00e9tieux gardien argentin a d\u00e9barqu\u00e9 mardi \u00e0 Paris avec une casquette arborant les troph\u00e9es remport\u00e9s avec l&rsquo;Albiceleste et&#8230; un coq, l&rsquo;animal totem des Bleus.\u00a0\u00bbPour les attaquants, il y aura peut-\u00eatre un peu de revanche, mais moi je ne l&rsquo;ai encore jamais affront\u00e9 et l&rsquo;objectif de tout le monde sera de lui marquer le plus de buts possible\u00a0\u00bb, a de son c\u00f4t\u00e9 d\u00e9clar\u00e9 le jeune joueur du PSG, D\u00e9sir\u00e9 Dou\u00e9.Aston Villa aborde aussi la rencontre avec \u00ab\u00a0beaucoup de confiance\u00a0\u00bb et \u00ab\u00a0peut faire quelque chose\u00a0\u00bb \u00e0 Paris avant le match retour \u00e0 Birmingham, a pr\u00e9venu le milieu Youri Tielemans. L&rsquo;international belge a rappel\u00e9 les bons r\u00e9sultats de son club, qui a notamment battu le Bayern Munich et termin\u00e9 dans le top 8 en phase de ligue.Unai Emery a rench\u00e9ri: \u00ab\u00a0c&rsquo;est un gros d\u00e9fi pour nous, mais nous sommes confiants, on va avoir des opportunit\u00e9s\u00a0\u00bb. \u00ab\u00a0Aston villa est un club historique qui a gagn\u00e9 la Ligue des champions\u00a0\u00bb en 1982, a-t-il soulign\u00e9, malicieusement, face au palmar\u00e8s encore vierge en C1 du PSG.ali-bap\/gk<\/p>\n","protected":false},"excerpt":{"rendered":"AFP Videos &#8211; France C1: le PSG arrive lanc\u00e9 face aux Anglais d&rsquo;Aston Villa Le PSG, d\u00e9sormais l&rsquo;un&hellip;\n","protected":false},"author":2,"featured_media":15660,"comment_status":"","ping_status":"","sticky":false,"template":"","format":"standard","meta":{"footnotes":""},"categories":[1888],"tags":[1111,1928,11,1927,4134,784,5696,1640,1777,674,1011,27,6562,6563,447,3225,12,1926,626,1925,93,6565,25,6564],"class_list":{"0":"post-15659","1":"post","2":"type-post","3":"status-publish","4":"format-standard","5":"has-post-thumbnail","7":"category-paris","8":"tag-actu","9":"tag-actu-paris","10":"tag-actualites","11":"tag-actualites-paris","12":"tag-asensio","13":"tag-aston-villa","14":"tag-borussia-dortmund","15":"tag-desire-doue","16":"tag-eu","17":"tag-europe","18":"tag-fr","19":"tag-france","20":"tag-jerome-rothen","21":"tag-le-club","22":"tag-ligue-des-champions","23":"tag-manchester-united","24":"tag-news","25":"tag-news-paris","26":"tag-paris","27":"tag-paris-news","28":"tag-psg","29":"tag-rashford","30":"tag-republique-francaise","31":"tag-su"},"share_on_mastodon":{"url":"https:\/\/pubeurope.com\/@fr\/114315213210534842","error":""},"_links":{"self":[{"href":"https:\/\/www.europesays.com\/fr\/wp-json\/wp\/v2\/posts\/15659","targetHints":{"allow":["GET"]}}],"collection":[{"href":"https:\/\/www.europesays.com\/fr\/wp-json\/wp\/v2\/posts"}],"about":[{"href":"https:\/\/www.europesays.com\/fr\/wp-json\/wp\/v2\/types\/post"}],"author":[{"embeddable":true,"href":"https:\/\/www.europesays.com\/fr\/wp-json\/wp\/v2\/users\/2"}],"replies":[{"embeddable":true,"href":"https:\/\/www.europesays.com\/fr\/wp-json\/wp\/v2\/comments?post=15659"}],"version-history":[{"count":0,"href":"https:\/\/www.europesays.com\/fr\/wp-json\/wp\/v2\/posts\/15659\/revisions"}],"wp:featuredmedia":[{"embeddable":true,"href":"https:\/\/www.europesays.com\/fr\/wp-json\/wp\/v2\/media\/15660"}],"wp:attachment":[{"href":"https:\/\/www.europesays.com\/fr\/wp-json\/wp\/v2\/media?parent=15659"}],"wp:term":[{"taxonomy":"category","embeddable":true,"href":"https:\/\/www.europesays.com\/fr\/wp-json\/wp\/v2\/categories?post=15659"},{"taxonomy":"post_tag","embeddable":true,"href":"https:\/\/www.europesays.com\/fr\/wp-json\/wp\/v2\/tags?post=15659"}],"curies":[{"name":"wp","href":"https:\/\/api.w.org\/{rel}","templated":true}]}}