{"id":156591,"date":"2025-06-06T13:23:10","date_gmt":"2025-06-06T13:23:10","guid":{"rendered":"https:\/\/www.europesays.com\/fr\/156591\/"},"modified":"2025-06-06T13:23:10","modified_gmt":"2025-06-06T13:23:10","slug":"quentin-le-lyonnais-aux-portes-des-quarts-de-finale-grace-a-un-plat-etonnant","status":"publish","type":"post","link":"https:\/\/www.europesays.com\/fr\/156591\/","title":{"rendered":"Quentin le Lyonnais aux portes des quarts de finale gr\u00e2ce \u00e0 un plat \u00e9tonnant"},"content":{"rendered":"<p>Ils seront quatre en lice mercredi 11\u00a0juin pour tenter de rejoindre en quarts de finale de cette saison Top Chef Charlie, d\u00e9j\u00e0 qualifi\u00e9 gr\u00e2ce \u00e0 ses deux coups de c\u0153ur. Margaux, Ilane, Gr\u00e9goire&#8230; et Quentin Mauro, notre chef aux attaches lyonnaises, s\u2019affronteront dans une \u00e9preuve et seront jug\u00e9s par les inspecteurs du guide Michelin.<\/p>\n<p>Tous se sont qualifi\u00e9s mercredi soir alors que Charles a finalement \u00e9t\u00e9 \u00e9limin\u00e9. Plong\u00e9s dans l\u2019univers du George V le prestigieux palace parisien les candidats Margaux, Quentin et Charles avaient \u00e9t\u00e9 rejoints par Gr\u00e9goire et Ilane, les gagnants du concours parall\u00e8le de la Brigade cach\u00e9e, coach\u00e9s par les chefs Eric Fr\u00e9chon et Fabien Ferr\u00e9.<\/p>\n<p>En d\u00e9but d\u2019\u00e9mission ce sont Margaux, Quentin et Charles qui se sont affront\u00e9s lors de la premi\u00e8re \u00e9preuve, celle de l\u2019\u0153uf mouillette command\u00e9 au Room service pour le petit d\u00e9jeuner.<\/p>\n<p>  \u00a0L\u2019\u0153uf devient une mouillette\u00a0et inversement<\/p>\n<p>Quentin a tent\u00e9 le tout pour le tout avec une prise de risque exceptionnelle. Il d\u00e9cidait d\u2019inverser les \u00e9l\u00e9ments, faisant de l\u2019\u0153uf une mouillette et de la mouillette un \u0153uf. Un exercice de prestidigitateur parfaitement r\u00e9ussi et qui a s\u00e9duit le jury.<\/p>\n<p>Quentin s\u2019est donc qualifi\u00e9 d\u2019embl\u00e9e. Charles, arriv\u00e9 deuxi\u00e8me dans deux \u00e9preuves, a \u00e9t\u00e9 \u00e9limin\u00e9 et a d\u00fb r\u00e9conforter son coach <a href=\"https:\/\/www.leprogres.fr\/p\/philippe-etchebest\" target=\"_blank\" rel=\"nofollow noopener\">Philippe Etchebest<\/a>, plus \u00e9prouv\u00e9 que lui par le verdict et qui n\u2019a pu s\u2019emp\u00eacher de verser quelques larmes !<\/p>\n<p>La suite \u00e0 suivre mercredi 11 juin sur M6. \u00a0<\/p>\n","protected":false},"excerpt":{"rendered":"Ils seront quatre en lice mercredi 11\u00a0juin pour tenter de rejoindre en quarts de finale de cette saison&hellip;\n","protected":false},"author":2,"featured_media":156592,"comment_status":"","ping_status":"","sticky":false,"template":"","format":"standard","meta":{"footnotes":""},"categories":[1889],"tags":[1111,11,2430,1687,1777,674,107,1011,27,2428,6016,12,25,2429,2205],"class_list":{"0":"post-156591","1":"post","2":"type-post","3":"status-publish","4":"format-standard","5":"has-post-thumbnail","7":"category-lyon","8":"tag-actu","9":"tag-actualites","10":"tag-auvergne-rhone-alpes","11":"tag-culture-loisirs","12":"tag-eu","13":"tag-europe","14":"tag-fil-info","15":"tag-fr","16":"tag-france","17":"tag-lyon","18":"tag-magazine-cuisine-et-vins","19":"tag-news","20":"tag-republique-francaise","21":"tag-rhone","22":"tag-television-medias"},"share_on_mastodon":{"url":"https:\/\/pubeurope.com\/@fr\/114636639658327819","error":""},"_links":{"self":[{"href":"https:\/\/www.europesays.com\/fr\/wp-json\/wp\/v2\/posts\/156591","targetHints":{"allow":["GET"]}}],"collection":[{"href":"https:\/\/www.europesays.com\/fr\/wp-json\/wp\/v2\/posts"}],"about":[{"href":"https:\/\/www.europesays.com\/fr\/wp-json\/wp\/v2\/types\/post"}],"author":[{"embeddable":true,"href":"https:\/\/www.europesays.com\/fr\/wp-json\/wp\/v2\/users\/2"}],"replies":[{"embeddable":true,"href":"https:\/\/www.europesays.com\/fr\/wp-json\/wp\/v2\/comments?post=156591"}],"version-history":[{"count":0,"href":"https:\/\/www.europesays.com\/fr\/wp-json\/wp\/v2\/posts\/156591\/revisions"}],"wp:featuredmedia":[{"embeddable":true,"href":"https:\/\/www.europesays.com\/fr\/wp-json\/wp\/v2\/media\/156592"}],"wp:attachment":[{"href":"https:\/\/www.europesays.com\/fr\/wp-json\/wp\/v2\/media?parent=156591"}],"wp:term":[{"taxonomy":"category","embeddable":true,"href":"https:\/\/www.europesays.com\/fr\/wp-json\/wp\/v2\/categories?post=156591"},{"taxonomy":"post_tag","embeddable":true,"href":"https:\/\/www.europesays.com\/fr\/wp-json\/wp\/v2\/tags?post=156591"}],"curies":[{"name":"wp","href":"https:\/\/api.w.org\/{rel}","templated":true}]}}