{"id":156593,"date":"2025-06-06T13:24:09","date_gmt":"2025-06-06T13:24:09","guid":{"rendered":"https:\/\/www.europesays.com\/fr\/156593\/"},"modified":"2025-06-06T13:24:09","modified_gmt":"2025-06-06T13:24:09","slug":"lyon-un-couac-touche-cette-rue-emblematique-refaite-en-presquile-des-travaux-relances","status":"publish","type":"post","link":"https:\/\/www.europesays.com\/fr\/156593\/","title":{"rendered":"Lyon. Un couac touche cette rue embl\u00e9matique refaite en Presqu&rsquo;\u00eele, des travaux relanc\u00e9s"},"content":{"rendered":"<p>            Par<br \/>\n        <strong><br \/>\n            <a href=\"https:\/\/actu.fr\/auteur\/nicolas-zaugra\" title=\"Consulter tous les articles de Nicolas Zaugra\" target=\"_blank\" rel=\"noopener\">Nicolas Zaugra<\/a><br \/>\n        <\/strong><\/p>\n<p>        Publi\u00e9 le<\/p>\n<p>            6 juin 2025 \u00e0 15h06        <\/p>\n<p>Que se passe-t-il <strong>rue Grenette<\/strong> dans le 2e arrondissement de <a href=\"https:\/\/actu.fr\/auvergne-rhone-alpes\/lyon_69123\" target=\"_blank\" rel=\"noopener\">Lyon<\/a>, en pleine Presqu\u2019\u00eele ? La rue en travaux depuis plusieurs mois, qui doit devenir ce mois de juin, un nouveau \u00ab\u00a0couloir bus\u00a0\u00bb dans le cadre de la mise en place de la nouvelle <a href=\"https:\/\/actu.fr\/auvergne-rhone-alpes\/lyon_69123\/lyon-zone-a-trafic-limite-en-presqu-ile-les-dates-connues-voici-les-grandes-etapes-a-venir_62511949.html\" target=\"_blank\" rel=\"noopener\">Zone en trafic limit\u00e9<\/a> (ZTL) \u00e9tait pr\u00e9sent\u00e9e comme achev\u00e9e d\u00e9but juin. Le 1er juin, Fabien Bagnon, le vice-pr\u00e9sident de la M\u00e9tropole de Lyon, se r\u00e9jouit avec la photo du chantier achev\u00e9 : \u00ab\u00a0La rue Grenette est pr\u00eate \u00e0 accueillir ses nouveaux usagers qui seront bien plus nombreux\u00a0\u00bb. Mais quelques jours plus tard, des travaux ont recommenc\u00e9 sur une voirie termin\u00e9e. La M\u00e9tropole explique ce qu\u2019il se passe.<\/p>\n<p>\u00ab\u00a0Il s\u2019agit d\u2019un al\u00e9a de chantier\u00a0\u00bb<\/p>\n<p class=\" wall-content\">Passants, riverains et commer\u00e7ants s\u2019interrogent cette semaine : pourquoi des pelleteuses sont de nouveau rentr\u00e9es en action rue Grenette entre les Cordeliers et quasiment la fin de la rue vers la Sa\u00f4ne ? Contact\u00e9e, la M\u00e9tropole nous r\u00e9pond que le chantier \u00ab\u00a0respecte le calendrier pr\u00e9visionnel en vue de la mise en service du nouveau plan de circulation des bus le 23 juin prochain\u00a0\u00bb.<\/p>\n<blockquote class=\"ac-article-quote wall-content\">\n<p>La rue Grenette est actuellement r\u00e9ouverte sur 130 m\u00e8tres de tranch\u00e9e afin d\u2019effectuer des reprises sur les travaux de r\u00e9seaux. En effet, lors d&rsquo;une r\u00e9cente intervention, un c\u00e2ble t\u00e9l\u00e9com priv\u00e9 (M\u00e9tropole, gestion des tunnels) a \u00e9t\u00e9 endommag\u00e9, ainsi qu&rsquo;un conduit gaz (plus mineur) et donc les r\u00e9parations doivent \u00eatre effectu\u00e9es.<\/p>\n<p>    <strong>M\u00e9tropole de Lyon<\/strong>\n            <\/p><\/blockquote>\n<p class=\" wall-content\">\u00ab\u00a0Il s\u2019agit d\u2019un al\u00e9a de chantier, ce sont des \u00e9v\u00e8nements qui arrivent r\u00e9guli\u00e8rement et la M\u00e9tropole et les concessionnaires interviennent le plus rapidement possible pour finaliser cette intervention. C\u2019est la vie d\u2019un chantier, les compagnons et les \u00e9quipes font leur travail.\u00a0\u00bb<\/p>\n<p>\u00ab\u00a0La rue Grenette est pr\u00eate\u00a0\u00bb<\/p>\n<p class=\" wall-content\">\n<p class=\" wall-content\">Le marquage au sol et l\u2019enrob\u00e9 en goudron de la rue ont pourtant \u00e9t\u00e9 achev\u00e9s ces derniers jours, rendant d\u00e9sormais la rue et les trottoirs compl\u00e8tement accessibles aux pi\u00e9tons et cyclistes et prochainement aux bus. La M\u00e9tropole a d\u00e9cid\u00e9 de rendre enti\u00e8rement pi\u00e9tonne le nord de la rue de la R\u00e9publique pour utiliser la rue Grenette.<\/p>\n<p class=\" wall-content\">En mai, c\u2019est la <a href=\"https:\/\/actu.fr\/auvergne-rhone-alpes\/lyon_69123\/lyon-cette-rue-pietonnisee-de-nouveau-en-travaux-six-mois-seulement-apres-sa-transformation_62632520.html\" target=\"_blank\" rel=\"noopener\">rue Emile-Zola, compl\u00e8tement transform\u00e9e six mois avant,<\/a> qui a d\u00fb subir des travaux impr\u00e9vus. Il s\u2019agissait \u00ab\u00a0de rapides travaux de retouche sur le pavage de la rue suite \u00e0 la r\u00e9ception du chantier\u00a0\u00bb. Les entreprises avaient r\u00e9gl\u00e9 la note.<\/p>\n<p class=\" wall-content\">Suivez toute l\u2019actualit\u00e9 de vos villes et m\u00e9dias favoris en vous inscrivant \u00e0 <a href=\"https:\/\/moncompte.actu.fr\" title=\"D\u00e9couvez Mon Actu\" rel=\"nofollow noopener\" data-trk=\"{&quot;cta&quot;:{&quot;action&quot;:&quot;https:\\\/\\\/moncompte.actu.fr&quot;,&quot;category&quot;:&quot;mon compte&quot;,&quot;from&quot;:&quot;article footer&quot;,&quot;name&quot;:&quot;Mon actu&quot;,&quot;type&quot;:&quot;cta&quot;}}\" target=\"_blank\">Mon Actu<\/a>.<\/p>\n","protected":false},"excerpt":{"rendered":"Par Nicolas Zaugra Publi\u00e9 le 6 juin 2025 \u00e0 15h06 Que se passe-t-il rue Grenette dans le 2e&hellip;\n","protected":false},"author":2,"featured_media":156594,"comment_status":"","ping_status":"","sticky":false,"template":"","format":"standard","meta":{"footnotes":""},"categories":[1889],"tags":[1111,11,2430,1777,674,1011,27,2808,2428,12,2809,25,104,2086],"class_list":{"0":"post-156593","1":"post","2":"type-post","3":"status-publish","4":"format-standard","5":"has-post-thumbnail","7":"category-lyon","8":"tag-actu","9":"tag-actualites","10":"tag-auvergne-rhone-alpes","11":"tag-eu","12":"tag-europe","13":"tag-fr","14":"tag-france","15":"tag-grand-lyon","16":"tag-lyon","17":"tag-news","18":"tag-presquile","19":"tag-republique-francaise","20":"tag-societe","21":"tag-travaux"},"share_on_mastodon":{"url":"https:\/\/pubeurope.com\/@fr\/114636643687955976","error":""},"_links":{"self":[{"href":"https:\/\/www.europesays.com\/fr\/wp-json\/wp\/v2\/posts\/156593","targetHints":{"allow":["GET"]}}],"collection":[{"href":"https:\/\/www.europesays.com\/fr\/wp-json\/wp\/v2\/posts"}],"about":[{"href":"https:\/\/www.europesays.com\/fr\/wp-json\/wp\/v2\/types\/post"}],"author":[{"embeddable":true,"href":"https:\/\/www.europesays.com\/fr\/wp-json\/wp\/v2\/users\/2"}],"replies":[{"embeddable":true,"href":"https:\/\/www.europesays.com\/fr\/wp-json\/wp\/v2\/comments?post=156593"}],"version-history":[{"count":0,"href":"https:\/\/www.europesays.com\/fr\/wp-json\/wp\/v2\/posts\/156593\/revisions"}],"wp:featuredmedia":[{"embeddable":true,"href":"https:\/\/www.europesays.com\/fr\/wp-json\/wp\/v2\/media\/156594"}],"wp:attachment":[{"href":"https:\/\/www.europesays.com\/fr\/wp-json\/wp\/v2\/media?parent=156593"}],"wp:term":[{"taxonomy":"category","embeddable":true,"href":"https:\/\/www.europesays.com\/fr\/wp-json\/wp\/v2\/categories?post=156593"},{"taxonomy":"post_tag","embeddable":true,"href":"https:\/\/www.europesays.com\/fr\/wp-json\/wp\/v2\/tags?post=156593"}],"curies":[{"name":"wp","href":"https:\/\/api.w.org\/{rel}","templated":true}]}}