{"id":156599,"date":"2025-06-06T13:30:08","date_gmt":"2025-06-06T13:30:08","guid":{"rendered":"https:\/\/www.europesays.com\/fr\/156599\/"},"modified":"2025-06-06T13:30:08","modified_gmt":"2025-06-06T13:30:08","slug":"un-rabbin-agresse-a-coup-de-chaise-a-la-terrasse-dun-cafe-une-personne-en-garde-a-vue","status":"publish","type":"post","link":"https:\/\/www.europesays.com\/fr\/156599\/","title":{"rendered":"un rabbin agress\u00e9 \u00e0 coup de chaise \u00e0 la terrasse d&rsquo;un caf\u00e9, une personne en garde \u00e0 vue"},"content":{"rendered":"<p>            Par<br \/>\n        <strong><br \/>\n            <a href=\"https:\/\/actu.fr\/auteur\/redaction-hautsdeseine\" title=\"Consulter tous les articles de R\u00e9daction Hauts-de-Seine\" rel=\"nofollow noopener\" target=\"_blank\">R\u00e9daction Hauts-de-Seine<\/a><br \/>\n        <\/strong><\/p>\n<p>        Publi\u00e9 le<\/p>\n<p>            6 juin 2025 \u00e0 15h22        <\/p>\n<p>Nouvelle <a href=\"https:\/\/actu.fr\/ile-de-france\/paris_75056\/lieux-juifs-asperges-de-peinture-verte-a-paris-trois-hommes-incarceres-des-soupcons-sur-la-russie_62737603.html\" rel=\"nofollow noopener\" target=\"_blank\">attaque \u00e0 l\u2019\u00e9gard de la communaut\u00e9 juive<\/a>. Un <strong>rabbin<\/strong> a \u00e9t\u00e9 agress\u00e9 ce vendredi 6\u00a0juin 2025 \u00e0 <a href=\"https:\/\/actu.fr\/ile-de-france\/neuilly-sur-seine_92051\" rel=\"nofollow noopener\" target=\"_blank\">Neuilly-sur-Seine<\/a> (<a href=\"https:\/\/actu.fr\/ile-de-france\/hauts-de-seine_92\" rel=\"nofollow noopener\" target=\"_blank\">Hauts-de-Seine<\/a>), alors qu\u2019il \u00e9tait attabl\u00e9 \u00e0 la terrasse d\u2019un caf\u00e9, a appris l\u2019AFP de source polici\u00e8re. Une personne a \u00e9t\u00e9 <strong>plac\u00e9e en garde \u00e0 vue<\/strong> apr\u00e8s avoir violemment agress\u00e9 \u00e0 coups de chaise la victime.<\/p>\n<p>La victime bless\u00e9e au front<\/p>\n<p class=\" wall-content\">Selon cette source, le suspect a<strong> jet\u00e9 une chaise<\/strong> au visage d\u2019un rabbin assis \u00e0 une terrasse de caf\u00e9 avant d\u2019\u00eatre interpell\u00e9 et plac\u00e9 en garde \u00e0 vue. La victime, qui pr\u00e9sente une plaie au front, a \u00e9t\u00e9 prise en charge et transport\u00e9e pour des soins.<\/p>\n<p class=\" wall-content\">Selon la radio RCJ, il s\u2019agirait du rabbin parisien \u00c9lie Lemmel, d\u00e9j\u00e0<a href=\"https:\/\/actu.fr\/normandie\/deauville_14220\/un-rabbin-agresse-en-pleine-rue-a-deauville-enquete-ouverte-et-appel-a-temoin-lance_62722130.html\" rel=\"nofollow noopener\" target=\"_blank\"> agress\u00e9 la semaine derni\u00e8re \u00e0 Deauville<\/a> (<a href=\"https:\/\/actu.fr\/le-pays-d-auge\/\" rel=\"nofollow noopener\" target=\"_blank\">Calvados<\/a>) par trois personnes alcoolis\u00e9es qui lui avaient port\u00e9 un coup violent au niveau du ventre. En 2024, un total de 1\u2009570 actes antis\u00e9mites ont \u00e9t\u00e9 recens\u00e9s en France, selon le minist\u00e8re de l\u2019Int\u00e9rieur.<\/p>\n<p class=\" wall-content\"><strong>Avec AFP<\/strong><\/p>\n<p class=\" wall-content\">Suivez toute l\u2019actualit\u00e9 de vos villes et m\u00e9dias favoris en vous inscrivant \u00e0 <a href=\"https:\/\/moncompte.actu.fr\" title=\"D\u00e9couvez Mon Actu\" rel=\"nofollow noopener\" data-trk=\"{&quot;cta&quot;:{&quot;action&quot;:&quot;https:\\\/\\\/moncompte.actu.fr&quot;,&quot;category&quot;:&quot;mon compte&quot;,&quot;from&quot;:&quot;article footer&quot;,&quot;name&quot;:&quot;Mon actu&quot;,&quot;type&quot;:&quot;cta&quot;}}\" target=\"_blank\">Mon Actu<\/a>.<\/p>\n","protected":false},"excerpt":{"rendered":"Par R\u00e9daction Hauts-de-Seine Publi\u00e9 le 6 juin 2025 \u00e0 15h22 Nouvelle attaque \u00e0 l\u2019\u00e9gard de la communaut\u00e9 juive.&hellip;\n","protected":false},"author":2,"featured_media":156600,"comment_status":"","ping_status":"","sticky":false,"template":"","format":"standard","meta":{"footnotes":""},"categories":[1888],"tags":[1111,1928,11,1927,6155,1777,674,1011,27,12,1926,626,1925,1072,25,104],"class_list":{"0":"post-156599","1":"post","2":"type-post","3":"status-publish","4":"format-standard","5":"has-post-thumbnail","7":"category-paris","8":"tag-actu","9":"tag-actu-paris","10":"tag-actualites","11":"tag-actualites-paris","12":"tag-antisemitisme","13":"tag-eu","14":"tag-europe","15":"tag-fr","16":"tag-france","17":"tag-news","18":"tag-news-paris","19":"tag-paris","20":"tag-paris-news","21":"tag-police","22":"tag-republique-francaise","23":"tag-societe"},"share_on_mastodon":{"url":"https:\/\/pubeurope.com\/@fr\/114636667123295167","error":""},"_links":{"self":[{"href":"https:\/\/www.europesays.com\/fr\/wp-json\/wp\/v2\/posts\/156599","targetHints":{"allow":["GET"]}}],"collection":[{"href":"https:\/\/www.europesays.com\/fr\/wp-json\/wp\/v2\/posts"}],"about":[{"href":"https:\/\/www.europesays.com\/fr\/wp-json\/wp\/v2\/types\/post"}],"author":[{"embeddable":true,"href":"https:\/\/www.europesays.com\/fr\/wp-json\/wp\/v2\/users\/2"}],"replies":[{"embeddable":true,"href":"https:\/\/www.europesays.com\/fr\/wp-json\/wp\/v2\/comments?post=156599"}],"version-history":[{"count":0,"href":"https:\/\/www.europesays.com\/fr\/wp-json\/wp\/v2\/posts\/156599\/revisions"}],"wp:featuredmedia":[{"embeddable":true,"href":"https:\/\/www.europesays.com\/fr\/wp-json\/wp\/v2\/media\/156600"}],"wp:attachment":[{"href":"https:\/\/www.europesays.com\/fr\/wp-json\/wp\/v2\/media?parent=156599"}],"wp:term":[{"taxonomy":"category","embeddable":true,"href":"https:\/\/www.europesays.com\/fr\/wp-json\/wp\/v2\/categories?post=156599"},{"taxonomy":"post_tag","embeddable":true,"href":"https:\/\/www.europesays.com\/fr\/wp-json\/wp\/v2\/tags?post=156599"}],"curies":[{"name":"wp","href":"https:\/\/api.w.org\/{rel}","templated":true}]}}