{"id":156607,"date":"2025-06-06T13:36:12","date_gmt":"2025-06-06T13:36:12","guid":{"rendered":"https:\/\/www.europesays.com\/fr\/156607\/"},"modified":"2025-06-06T13:36:12","modified_gmt":"2025-06-06T13:36:12","slug":"accuse-davoir-diffame-totalenergies-yannick-jadot-relaxe-par-le-tribunal","status":"publish","type":"post","link":"https:\/\/www.europesays.com\/fr\/156607\/","title":{"rendered":"Accus\u00e9 d\u2019avoir diffam\u00e9 TotalEnergies, Yannick Jadot relax\u00e9 par le tribunal"},"content":{"rendered":"<p>Yannick Jadot \u00e9tait poursuivi en diffamation par TotalEnergies pour une s\u00e9rie de d\u00e9clarations tenues en 2022, apr\u00e8s l\u2019invasion russe en Ukraine. L\u2019ancien candidat \u00e0 l\u2019\u00e9lection pr\u00e9sidentielle avait notamment accus\u00e9 l\u2019entreprise p\u00e9troli\u00e8re d\u2019\u00eatre \u00ab complice de crimes de guerre \u00bb en raison de la poursuite de ses activit\u00e9s en Russie. La plainte avait d\u2019ailleurs <a href=\"https:\/\/www.publicsenat.fr\/actualites\/parlementaire\/commission-denquete-totalenergies-yannick-jadot-va-se-deporter-des-auditions-liees-a-la-russie\" target=\"_blank\" rel=\"noopener\">t\u00e9lescop\u00e9 la commission d\u2019enqu\u00eate men\u00e9e sur les obligations sur les obligations climatiques de TotalEnergies<\/a> au d\u00e9but de l\u2019ann\u00e9e 2024, lanc\u00e9e par le groupe \u00e9cologiste. Le s\u00e9nateur de Paris en \u00e9tait le rapporteur, et il avait d\u00fb se d\u00e9porter des auditions li\u00e9es \u00e0 la question de la Russie.<\/p>\n<p>Le 23 mars 2022, il avait par exemple d\u00e9clar\u00e9 : \u00ab TotalEnergies fait quelques concessions, mais maintient l\u2019essentiel de ses activit\u00e9s en Russie, en pleine connaissance des crimes de guerre qu\u2019elles contribuent \u00e0 financer. Oui c\u2019est \u00eatre complice ! \u00bb Patrick Pouyann\u00e9, le PDG de l\u2019entreprise, s\u2019\u00e9tait indign\u00e9 en d\u00e9clarant que \u00ab quand M. Jadot accuse les 100 000 salari\u00e9s de Total [de crimes de guerre], c\u2019est gravissime, c\u2019est une insulte, [\u2026] Ce n\u2019est pas acceptable. \u00bb <a href=\"https:\/\/twitter.com\/TotalEnergies\/status\/1506623558067396615?ref_src=twsrc%5Etfw%7Ctwcamp%5Etweetembed%7Ctwterm%5E1506623558067396615%7Ctwgr%5Eeb39d3229329bf64e69b3cb60ef9ccd96b083ba7%7Ctwcon%5Es1_&amp;ref_url=https:\/\/www.rtl.fr\/actu\/politique\/pourquoi-yannick-jadot-est-il-poursuivi-en-justice-par-totalenergies-7900486842\" target=\"_blank\" rel=\"noopener\">La multinationale avait alors d\u00e9nonc\u00e9 des \u00ab propos inacceptables \u00bb<\/a>, \u00ab extr\u00eamement graves et infond\u00e9s \u00bb.<\/p>\n<p>Un nouvel appel lanc\u00e9 \u00e0 Emmanuel Macron<\/p>\n<p>La justice a finalement donn\u00e9 raison au parlementaire apr\u00e8s trois ann\u00e9es de proc\u00e9dure. Dans un d\u00e9lib\u00e9r\u00e9 rendu ce vendredi 6 juin, la 17e chambre du tribunal correctionnel de Paris a prononc\u00e9 sa relaxe, sur l\u2019ensemble des chefs d\u2019accusation, a-t-on appris d\u2019un communiqu\u00e9 transmis par l\u2019entourage du s\u00e9nateur de Paris.<\/p>\n<p>L\u2019ancien directeur des campagnes de Greenpeace France estime que la d\u00e9cision du tribunal \u00ab d\u00e9montre que TotalEnergies ne pouvait \u2014 et ne peut toujours pas aujourd\u2019hui \u2014 ignorer que ses activit\u00e9s en Russie contribuent au financement du r\u00e9gime poutinien et des crimes de guerre commis en Ukraine \u00bb.<\/p>\n<p>Dans son communiqu\u00e9, il salue une \u00ab excellente nouvelle pour le d\u00e9bat public et la libert\u00e9 d\u2019expression que TotalEnergies veut saper \u00e0 travers des proc\u00e9dures b\u00e2illon \u00bb. Comme en mars 2022, Yannick Jadot demande \u00e0 nouveau \u00e0 Emmanuel Macron \u00ab d\u2019exiger du groupe p\u00e9trolier son retrait d\u2019une dictature coupable de crimes de guerre et crimes contre l\u2019humanit\u00e9 \u00bb.<\/p>\n<p><script async src=\"https:\/\/platform.twitter.com\/widgets.js\" charset=\"utf-8\"><\/script><\/p>\n","protected":false},"excerpt":{"rendered":"Yannick Jadot \u00e9tait poursuivi en diffamation par TotalEnergies pour une s\u00e9rie de d\u00e9clarations tenues en 2022, apr\u00e8s l\u2019invasion&hellip;\n","protected":false},"author":2,"featured_media":156608,"comment_status":"","ping_status":"","sticky":false,"template":"","format":"standard","meta":{"footnotes":""},"categories":[1591],"tags":[11,1887,12,1885,1886,132,14937],"class_list":{"0":"post-156607","1":"post","2":"type-post","3":"status-publish","4":"format-standard","5":"has-post-thumbnail","7":"category-russie","8":"tag-actualites","9":"tag-federation-de-russie","10":"tag-news","11":"tag-russia","12":"tag-russian-federation","13":"tag-russie","14":"tag-yannick-jadot"},"share_on_mastodon":{"url":"https:\/\/pubeurope.com\/@fr\/114636691057503158","error":""},"_links":{"self":[{"href":"https:\/\/www.europesays.com\/fr\/wp-json\/wp\/v2\/posts\/156607","targetHints":{"allow":["GET"]}}],"collection":[{"href":"https:\/\/www.europesays.com\/fr\/wp-json\/wp\/v2\/posts"}],"about":[{"href":"https:\/\/www.europesays.com\/fr\/wp-json\/wp\/v2\/types\/post"}],"author":[{"embeddable":true,"href":"https:\/\/www.europesays.com\/fr\/wp-json\/wp\/v2\/users\/2"}],"replies":[{"embeddable":true,"href":"https:\/\/www.europesays.com\/fr\/wp-json\/wp\/v2\/comments?post=156607"}],"version-history":[{"count":0,"href":"https:\/\/www.europesays.com\/fr\/wp-json\/wp\/v2\/posts\/156607\/revisions"}],"wp:featuredmedia":[{"embeddable":true,"href":"https:\/\/www.europesays.com\/fr\/wp-json\/wp\/v2\/media\/156608"}],"wp:attachment":[{"href":"https:\/\/www.europesays.com\/fr\/wp-json\/wp\/v2\/media?parent=156607"}],"wp:term":[{"taxonomy":"category","embeddable":true,"href":"https:\/\/www.europesays.com\/fr\/wp-json\/wp\/v2\/categories?post=156607"},{"taxonomy":"post_tag","embeddable":true,"href":"https:\/\/www.europesays.com\/fr\/wp-json\/wp\/v2\/tags?post=156607"}],"curies":[{"name":"wp","href":"https:\/\/api.w.org\/{rel}","templated":true}]}}