{"id":15661,"date":"2025-04-10T19:01:12","date_gmt":"2025-04-10T19:01:12","guid":{"rendered":"https:\/\/www.europesays.com\/fr\/15661\/"},"modified":"2025-04-10T19:01:12","modified_gmt":"2025-04-10T19:01:12","slug":"municipales-2026-la-reforme-du-mode-de-scrutin-pour-paris-lyon-et-marseille-approuvee-a-lassemblee","status":"publish","type":"post","link":"https:\/\/www.europesays.com\/fr\/15661\/","title":{"rendered":"Municipales 2026\u00a0: la r\u00e9forme du mode de scrutin pour Paris, Lyon et Marseille approuv\u00e9e \u00e0 l\u2019Assembl\u00e9e"},"content":{"rendered":"<p class=\"paragraph text_align_left\">La premi\u00e8re \u00e9tape est franchie. \u00c0 un peu moins d\u2019un an des \u00e9lections municipales, <a href=\"https:\/\/www.leparisien.fr\/politique\/paris-lyon-marseille-larticle-phare-de-la-reforme-du-scrutin-municipal-adopte-par-une-assemblee-divisee-09-04-2025-YYBSZLCBZZHTPH2DAKFRS22GSE.php\" target=\"_blank\" rel=\"nofollow noopener\">la r\u00e9forme du scrutin pour Paris, Lyon et Marseille<\/a> a pass\u00e9 facilement mercredi le cap de l\u2019Assembl\u00e9e nationale, avant un examen qui appara\u00eet mal embarqu\u00e9 au S\u00e9nat, en raison de la puissance du groupe Les R\u00e9publicains (LR).<\/p>\n<p class=\"paragraph text_align_left\">La r\u00e9forme a \u00e9t\u00e9 largement adopt\u00e9e dans l\u2019h\u00e9micycle mercredi par 183 voix contre 53. Dans le camp des pour\u00a0: l\u2019essentiel de la coalition gouvernementale, y compris <a href=\"https:\/\/www.leparisien.fr\/elections\/municipales\/a-paris-une-large-partie-de-la-droite-toujours-opposee-a-la-reforme-de-la-loi-plm-09-04-2025-AN3EWXXNPVGVLM3NM4G3GHCHJE.php\" target=\"_blank\" rel=\"nofollow noopener\">les d\u00e9put\u00e9s de droite semblant pourtant peu avenants initialement.<\/a><\/p>\n<p class=\"paragraph text_align_left\">Une position qu\u2019une source LR au S\u00e9nat attribue \u00e0 <a href=\"https:\/\/www.leparisien.fr\/politique\/il-est-condamne-a-faire-du-bruit-laurent-wauquiez-joue-le-tout-pour-le-tout-09-04-2025-X6SLQLDHVBEJNCFRJGB3342QP4.php\" target=\"_blank\" rel=\"nofollow noopener\">la lutte pour la pr\u00e9sidence du parti entre Bruno Retailleau et le patron des d\u00e9put\u00e9s Laurent Wauquiez<\/a>. Ce dernier \u00ab\u00a0a retourn\u00e9 sa veste en pensant que Rachida Dati (ministre de la Culture, candidate potentielle \u00e0 Paris) l\u2019aiderait pour la pr\u00e9sidence LR\u00a0\u00bb, assure-t-elle.<\/p>\n<p class=\"paragraph text_align_left\">\u00c0 l\u2019Assembl\u00e9e, le Rassemblement national et La France insoumise ont eux aussi vot\u00e9 pour, Bastien Lachaud (LFI) saluant un nouveau \u00ab\u00a0scrutin plus lisible, plus d\u00e9mocratique\u00a0\u00bb. \u00ab\u00a0Les Marseillais, les Parisiens et les Lyonnais votaient quelque part par procuration (\u2026) \u00e0 pr\u00e9sent ils choisiront leur maire\u00a0\u00bb, a d\u00e9fendu Franck Allisio, potentiel candidat RN dans la cit\u00e9 phoc\u00e9enne.<\/p>\n<p>L\u2019objectif\u00a0: deux scrutins distincts<\/p>\n<p class=\"paragraph text_align_left\">Initi\u00e9e par le d\u00e9put\u00e9 de Paris Sylvain Maillard (Renaissance), <a href=\"https:\/\/www.leparisien.fr\/politique\/mode-de-scrutin-paris-lyon-marseille-une-reforme-electorale-qui-fait-tousser-16-02-2025-ZALWQGII5BFGDCIUPMPHFCISJE.php\" target=\"_blank\" rel=\"nofollow noopener\">la proposition de loi mettrait fin au mode de scrutin mis en place en 1982<\/a>, en vertu duquel les \u00e9lecteurs \u00e0 Paris, Lyon et Marseille votent dans chaque arrondissement pour une liste de conseillers, les \u00e9lus du haut de la liste si\u00e9geant au conseil d\u2019arrondissement et au conseil municipal.<\/p>\n<p class=\"paragraph text_align_left\">Un dispositif qui a \u00ab\u00a0ab\u00eem\u00e9 la gouvernance [des] trois villes\u00a0\u00bb, a martel\u00e9 M. Maillard, alors que le mode de scrutin peut aboutir \u00e0 l\u2019\u00e9lection d\u2019un maire avec une minorit\u00e9 de voix, et \u00e0 une \u00e9lection se jouant dans une poign\u00e9e d\u2019arrondissements cl\u00e9s.<\/p>\n<p class=\"paragraph text_align_left\">Son texte pr\u00e9voit d\u2019instaurer deux scrutins distincts, l\u2019un pour \u00e9lire les conseillers d\u2019arrondissement ou de secteur, l\u2019autre pour \u00e9lire ceux du conseil municipal, sur une circonscription unique.<\/p>\n<p class=\"paragraph text_align_left\">Mais les opposants, dont l\u2019essentiel de la gauche hors LFI, critiquent une r\u00e9forme mal pr\u00e9par\u00e9e, et suspectent les macronistes de vouloir modifier le scrutin pour tenter de remporter Paris.<\/p>\n<p>\u00ab\u00a0Le S\u00e9nat va mettre le texte en charpie\u00a0\u00bb<\/p>\n<p class=\"paragraph text_align_left\">\u00ab\u00a0Au lieu de s\u2019interroger sur les causes de leur d\u00e9faite\u00a0\u00bb en 2020, les macronistes parisiens \u00ab\u00a0essayent de trouver dans le mode de scrutin une raison annexe\u00a0\u00bb, a tanc\u00e9 le communiste St\u00e9phane Peu.<\/p>\n<p class=\"paragraph text_align_left\">Le rapporteur MoDem Jean-Paul Mattei a propos\u00e9, sans succ\u00e8s, d\u2019exclure Lyon de la r\u00e9forme, qui aboutirait \u00e0 instaurer trois scrutins le m\u00eame jour (arrondissements, ville et m\u00e9tropole). Le texte propose aussi d\u2019abaisser \u00e0 25\u00a0% la prime majoritaire pour la liste arriv\u00e9e en t\u00eate, au lieu de 50\u00a0%, comme c\u2019est aujourd\u2019hui le cas partout en France, un autre grief pour les opposants.<\/p>\n<p class=\"paragraph text_align_left\">\u00ab\u00a0La voix de chaque citoyen doit avoir la m\u00eame valeur\u00a0\u00bb, a soulign\u00e9 sur X le ministre des Relations avec le Parlement <a href=\"https:\/\/www.leparisien.fr\/politique\/patrick-mignola-le-fidele-rescape-de-francois-bayrou-11-01-2025-XRYXHDIM4FB45JZ5H7FQMWJ4XY.php\" target=\"_blank\" rel=\"nofollow noopener\">Patrick Mignola<\/a>, saluant l\u2019adoption du texte qu\u2019il a d\u00e9fendu dans l\u2019h\u00e9micycle, et promettant de rechercher un \u00ab\u00a0consensus\u00a0\u00bb au S\u00e9nat.<\/p>\n<blockquote class=\"twitter-tweet\">\n<p lang=\"fr\" dir=\"ltr\">Un principe simple : la voix de chaque citoyen doit avoir la m\u00eame valeur, quel que soit son arrondissement ou son secteur.<br \/>Un objectif clair : aller vers un mode de scrutin plus d\u00e9mocratique pour les maires de Paris, Lyon et Marseille.<\/p>\n<p>La proposition de loi visant a r\u00e9former\u2026 <a href=\"https:\/\/t.co\/D9O2vc79yY\" rel=\"nofollow\">pic.twitter.com\/D9O2vc79yY<\/a><\/p>\n<p>\u2014 Patrick Mignola (@PatrickMignola) <a href=\"https:\/\/twitter.com\/PatrickMignola\/status\/1910010687054639121?ref_src=twsrc%5Etfw\" rel=\"nofollow noopener\" target=\"_blank\">April 9, 2025<\/a><\/p><\/blockquote>\n<p class=\"paragraph text_align_left\">Mais la chambre haute n\u2019attend pas \u00e0 bras ouverts, l\u2019influent patron du S\u00e9nat G\u00e9rard Larcher (LR) ayant d\u00e9j\u00e0 dit tout le mal qu\u2019il pensait de la d\u00e9marche \u00e0 moins d\u2019un an des municipales. \u00ab\u00a0Pour nous \u00e0 Paris ce sera la disparition des R\u00e9publicains politiquement\u00a0\u00bb, note une \u00e9lue LR, estimant que <a href=\"https:\/\/www.leparisien.fr\/elections\/municipales\/paris-lyon-marseille-la-droite-divisee-sur-la-reforme-du-scrutin-municipal-10-03-2025-VKAXGI5IPBAQ7MJZTEXQ2IZG2U.php\" target=\"_blank\" rel=\"nofollow noopener\">le groupe de droite, le plus important du S\u00e9nat, sera \u00ab\u00a0tr\u00e8s majoritairement contre\u00a0\u00bb<\/a>.<\/p>\n<p class=\"paragraph text_align_left\">Une source parlementaire s\u00e9natoriale juge \u00ab\u00a0qu\u2019il y a une majorit\u00e9 pour rejeter le texte\u00a0\u00bb. Selon plusieurs sources au sein du groupe, les socialistes sont \u00e9galement tr\u00e8s majoritairement oppos\u00e9s. \u00ab\u00a0On sait tr\u00e8s bien que le S\u00e9nat va mettre le texte en charpie. Tout va se jouer en commission mixte paritaire\u00a0\u00bb, pense une source gouvernementale, qui ne croit pas \u00e0 un rejet pur et simple des s\u00e9nateurs.<\/p>\n<p><script async src=\"https:\/\/platform.twitter.com\/widgets.js\" charset=\"utf-8\"><\/script><\/p>\n","protected":false},"excerpt":{"rendered":"La premi\u00e8re \u00e9tape est franchie. \u00c0 un peu moins d\u2019un an des \u00e9lections municipales, la r\u00e9forme du scrutin&hellip;\n","protected":false},"author":2,"featured_media":15662,"comment_status":"","ping_status":"","sticky":false,"template":"","format":"standard","meta":{"footnotes":""},"categories":[1888],"tags":[11,5949,1777,674,1011,27,3554,12,626,316,25],"class_list":{"0":"post-15661","1":"post","2":"type-post","3":"status-publish","4":"format-standard","5":"has-post-thumbnail","7":"category-paris","8":"tag-actualites","9":"tag-elections","10":"tag-eu","11":"tag-europe","12":"tag-fr","13":"tag-france","14":"tag-municipales","15":"tag-news","16":"tag-paris","17":"tag-politique","18":"tag-republique-francaise"},"share_on_mastodon":{"url":"https:\/\/pubeurope.com\/@fr\/114315216964391038","error":""},"_links":{"self":[{"href":"https:\/\/www.europesays.com\/fr\/wp-json\/wp\/v2\/posts\/15661","targetHints":{"allow":["GET"]}}],"collection":[{"href":"https:\/\/www.europesays.com\/fr\/wp-json\/wp\/v2\/posts"}],"about":[{"href":"https:\/\/www.europesays.com\/fr\/wp-json\/wp\/v2\/types\/post"}],"author":[{"embeddable":true,"href":"https:\/\/www.europesays.com\/fr\/wp-json\/wp\/v2\/users\/2"}],"replies":[{"embeddable":true,"href":"https:\/\/www.europesays.com\/fr\/wp-json\/wp\/v2\/comments?post=15661"}],"version-history":[{"count":0,"href":"https:\/\/www.europesays.com\/fr\/wp-json\/wp\/v2\/posts\/15661\/revisions"}],"wp:featuredmedia":[{"embeddable":true,"href":"https:\/\/www.europesays.com\/fr\/wp-json\/wp\/v2\/media\/15662"}],"wp:attachment":[{"href":"https:\/\/www.europesays.com\/fr\/wp-json\/wp\/v2\/media?parent=15661"}],"wp:term":[{"taxonomy":"category","embeddable":true,"href":"https:\/\/www.europesays.com\/fr\/wp-json\/wp\/v2\/categories?post=15661"},{"taxonomy":"post_tag","embeddable":true,"href":"https:\/\/www.europesays.com\/fr\/wp-json\/wp\/v2\/tags?post=15661"}],"curies":[{"name":"wp","href":"https:\/\/api.w.org\/{rel}","templated":true}]}}