{"id":156611,"date":"2025-06-06T13:38:09","date_gmt":"2025-06-06T13:38:09","guid":{"rendered":"https:\/\/www.europesays.com\/fr\/156611\/"},"modified":"2025-06-06T13:38:09","modified_gmt":"2025-06-06T13:38:09","slug":"le-chancelier-allemand-friedrich-merz-convaincu-que-les-etats-unis-resteront-dans-lalliance","status":"publish","type":"post","link":"https:\/\/www.europesays.com\/fr\/156611\/","title":{"rendered":"le chancelier allemand Friedrich Merz convaincu que les \u00c9tats-Unis resteront dans l&rsquo;Alliance"},"content":{"rendered":"<p>Le gouvernement allemand, en fonction depuis un mois, pr\u00e9voit d\u2019augmenter les d\u00e9penses militaires de plusieurs dizaines de milliards d\u2019euros, une initiative salu\u00e9e ce jeudi dernier par Donald Trump.<\/p>\n<p class=\"fig-paragraph\">Le chancelier allemand\u00a0<a href=\"http:\/\/www.lefigaro.fr\/international\/face-a-trump-merz-affronte-sa-premiere-grande-epreuve-diplomatique-20250605\" target=\"_blank\" data-fig-type=\"Article\" rel=\"noopener nofollow\" data-gtm-custom-categorie=\"navigation\" data-gtm-custom-action=\"crossclick\" data-gtm-custom-label=\"Contextuel\" data-gtm-event=\"customEventSPE\" data-fig-domain=\"LEFIGARO\">Friedrich Merz<\/a>\u00a0a d\u00e9clar\u00e9 ce vendredi 6 juin qu&rsquo;il n&rsquo;avait \u00abaucun doute\u00bb que les\u00a0<a href=\"http:\/\/www.lefigaro.fr\/international\/etats-unis-musk-rallume-la-theorie-des-liens-entre-trump-et-le-delinquant-sexuel-epstein-20250606\" target=\"_blank\" data-fig-type=\"NewsFlash\" rel=\"noopener nofollow\" data-gtm-custom-categorie=\"navigation\" data-gtm-custom-action=\"crossclick\" data-gtm-custom-label=\"Contextuel\" data-gtm-event=\"customEventSPE\" data-fig-domain=\"LEFIGARO\">\u00c9tats-Unis\u00a0<\/a>resteraient dans l&rsquo;Otan, rassur\u00e9 sur ce point apr\u00e8s ses \u00e9changes avec le pr\u00e9sident Donald Trump \u00e0 Washington. Friedrich Merz a dit avoir abord\u00e9 la question directement avec le dirigeant am\u00e9ricain ce jeudi dernier, lors de sa premi\u00e8re visite de chancelier \u00e0 la\u00a0<a href=\"http:\/\/www.lefigaro.fr\/international\/le-chancelier-allemand-friedrich-merz-sera-recu-jeudi-pour-la-premiere-fois-par-donald-trump-a-la-maison-blanche-20250531\" target=\"_blank\" data-fig-type=\"NewsFlash\" rel=\"noopener nofollow\" data-gtm-custom-categorie=\"navigation\" data-gtm-custom-action=\"crossclick\" data-gtm-custom-label=\"Contextuel\" data-gtm-event=\"customEventSPE\" data-fig-domain=\"LEFIGARO\">Maison-Blanche<\/a>.<\/p>\n<p class=\"fig-paragraph\">\u00c0 la question \u00abAvez-vous l&rsquo;intention de quitter l&rsquo;Otan? Je peux dire que la r\u00e9ponse a \u00e9t\u00e9 un non tr\u00e8s clair\u00bb, a-t-il rapport\u00e9 lors d&rsquo;une conf\u00e9rence \u00e9conomique \u00e0 Berlin. \u00abJe n&rsquo;ai aucun doute que le gouvernement am\u00e9ricain restera fid\u00e8le \u00e0 l&rsquo;Otan maintenant que nous avons tous d\u00e9clar\u00e9 que nous allions faire plus, que nous allions nous assurer que nous pouvons nous d\u00e9fendre en Europe\u00bb, a ajout\u00e9 le chancelier.<\/p>\n<p class=\"fig-body-link\">\n            \u00c0 lire aussi<br \/>\n        <a class=\"fig-body-link__link fig-premium-mark\" href=\"http:\/\/www.lefigaro.fr\/international\/face-a-trump-merz-affronte-sa-premiere-grande-epreuve-diplomatique-20250605\" data-fig-type=\"Article\" data-gtm-custom-categorie=\"navigation\" data-gtm-custom-action=\"crossclick\" data-gtm-custom-label=\"Contextuel\" data-gtm-event=\"customEventSPE\" data-fig-domain=\"LEFIGARO\" rel=\"nofollow noopener\" target=\"_blank\">Face \u00e0 Trump, Friedrich Merz \u00e9vite l\u2019orage diplomatique mais r\u00e9colte peu de promesses<br \/>\n    <\/a>\n<\/p>\n<p>Au moins 5% du PIB consacr\u00e9 \u00e0 la d\u00e9fense<\/p>\n<p class=\"fig-paragraph\">Le gouvernement allemand, en fonction depuis un mois, pr\u00e9voit d&rsquo;augmenter les d\u00e9penses militaires de plusieurs dizaines de milliards d&rsquo;euros, une initiative salu\u00e9e ce jeudi dernier par Donald Trump. \u00abCette attente n&rsquo;\u00e9tait pas injustifi\u00e9e\u00bb, a comment\u00e9 le chancelier ce vendredi. \u00abNous avons malheureusement profit\u00e9 pendant des ann\u00e9es des garanties de s\u00e9curit\u00e9 am\u00e9ricaines, mais cela est en train de changer\u00bb.<\/p>\n<p class=\"fig-paragraph\">Le pr\u00e9sident am\u00e9ricain Donald Trump exige des Alli\u00e9s europ\u00e9ens, et du Canada, qu&rsquo;ils s&rsquo;engagent \u00e0 consacrer au moins 5% de leur produit int\u00e9rieur brut (PIB) \u00e0 leur d\u00e9fense, sous peine de ne plus garantir leur s\u00e9curit\u00e9. Et le secr\u00e9taire am\u00e9ricain \u00e0 la D\u00e9fense Pete Hegseth a indiqu\u00e9 ce jeudi \u00e0 Bruxelles que les alli\u00e9s \u00e9taient proches d&rsquo;un accord sur cet objectif qui pourrait \u00eatre formalis\u00e9 lors du prochain sommet de l&rsquo;Otan \u00e0 La Haye, les 24 et 25 juin. L&rsquo;Allemagne a d\u00e9j\u00e0 annonc\u00e9 qu&rsquo;elle comptait se rallier \u00e0 cet engagement.<\/p>\n<p>Les responsables am\u00e9ricains \u00abouverts \u00e0 la discussion\u00bb<\/p>\n<p class=\"fig-paragraph\">Si le pr\u00e9sident am\u00e9ricain a entretenu le doute sur la p\u00e9rennit\u00e9 du soutien des \u00c9tats-Unis \u00e0 l&rsquo;Otan, le chef de la diplomatie Marco Rubio avait affirm\u00e9 d\u00e9but avril que son pays n&rsquo;entendait pas quitter l&rsquo;Alliance atlantique. La r\u00e9ception du chancelier allemand \u00e0 la Maison Blanche a \u00e9t\u00e9 cordiale\u00a0: Friedrich Merz n&rsquo;a pas subi les foudres de Donald Trump, comme d&rsquo;autres dirigeants \u00e9trangers avant lui.<\/p>\n<p class=\"fig-paragraph\">Lors de l&rsquo;\u00e9change dans le bureau ovale, qu&rsquo;il a qualifi\u00e9 vendredi de \u00abshow\u00bb, Merz a tent\u00e9 de faire entendre sa diff\u00e9rence sur l&rsquo;Ukraine, en ligne avec les Europ\u00e9ens qui r\u00e9clament de Washington plus de pression sur la Russie. Les responsables am\u00e9ricains sont en g\u00e9n\u00e9ral \u00abouverts \u00e0 la discussion et pr\u00eats \u00e0 accepter d&rsquo;autres opinions\u00bb, a affirm\u00e9 le dirigeant allemand, selon lequel \u00abce qu&rsquo;ils n&rsquo;aiment pas, c&rsquo;est qu&rsquo;on leur donne des le\u00e7ons en public sur tout ce qu&rsquo;il faudrait faire diff\u00e9remment\u00bb.<\/p>\n","protected":false},"excerpt":{"rendered":"Le gouvernement allemand, en fonction depuis un mois, pr\u00e9voit d\u2019augmenter les d\u00e9penses militaires de plusieurs dizaines de milliards&hellip;\n","protected":false},"author":2,"featured_media":156612,"comment_status":"","ping_status":"","sticky":false,"template":"","format":"standard","meta":{"footnotes":""},"categories":[1589],"tags":[259,11,260,75,73,1866,4710,14,261,12,136,262,1864,1865,1863,308],"class_list":{"0":"post-156611","1":"post","2":"type-post","3":"status-publish","4":"format-standard","5":"has-post-thumbnail","7":"category-etats-unis","8":"tag-actualite-internationale","9":"tag-actualites","10":"tag-affaires-etrangeres","11":"tag-donald-trump","12":"tag-etats-unis","13":"tag-etats-unis-damerique","14":"tag-friedrich-merz","15":"tag-international","16":"tag-ministere-des-affaires-etrangeres","17":"tag-news","18":"tag-otan","19":"tag-politique-etrangere","20":"tag-united-states","21":"tag-united-states-of-america","22":"tag-us","23":"tag-usa"},"share_on_mastodon":{"url":"https:\/\/pubeurope.com\/@fr\/114636698728010527","error":""},"_links":{"self":[{"href":"https:\/\/www.europesays.com\/fr\/wp-json\/wp\/v2\/posts\/156611","targetHints":{"allow":["GET"]}}],"collection":[{"href":"https:\/\/www.europesays.com\/fr\/wp-json\/wp\/v2\/posts"}],"about":[{"href":"https:\/\/www.europesays.com\/fr\/wp-json\/wp\/v2\/types\/post"}],"author":[{"embeddable":true,"href":"https:\/\/www.europesays.com\/fr\/wp-json\/wp\/v2\/users\/2"}],"replies":[{"embeddable":true,"href":"https:\/\/www.europesays.com\/fr\/wp-json\/wp\/v2\/comments?post=156611"}],"version-history":[{"count":0,"href":"https:\/\/www.europesays.com\/fr\/wp-json\/wp\/v2\/posts\/156611\/revisions"}],"wp:featuredmedia":[{"embeddable":true,"href":"https:\/\/www.europesays.com\/fr\/wp-json\/wp\/v2\/media\/156612"}],"wp:attachment":[{"href":"https:\/\/www.europesays.com\/fr\/wp-json\/wp\/v2\/media?parent=156611"}],"wp:term":[{"taxonomy":"category","embeddable":true,"href":"https:\/\/www.europesays.com\/fr\/wp-json\/wp\/v2\/categories?post=156611"},{"taxonomy":"post_tag","embeddable":true,"href":"https:\/\/www.europesays.com\/fr\/wp-json\/wp\/v2\/tags?post=156611"}],"curies":[{"name":"wp","href":"https:\/\/api.w.org\/{rel}","templated":true}]}}