{"id":156613,"date":"2025-06-06T13:39:15","date_gmt":"2025-06-06T13:39:15","guid":{"rendered":"https:\/\/www.europesays.com\/fr\/156613\/"},"modified":"2025-06-06T13:39:15","modified_gmt":"2025-06-06T13:39:15","slug":"lex-footballeur-david-beckham-en-voie-detre-anobli-selon-la-presse-britannique","status":"publish","type":"post","link":"https:\/\/www.europesays.com\/fr\/156613\/","title":{"rendered":"l&rsquo;ex-footballeur David Beckham en voie d&rsquo;\u00eatre anobli, selon la presse britannique"},"content":{"rendered":"<p>L&rsquo;ancien international anglais et star de Manchester United\u00a0figure parmi les r\u00e9cipiendaires honorifiques \u00e0 l&rsquo;occasion de l&rsquo;anniversaire de Charles III, dont la liste doit \u00eatre publi\u00e9e vendredi prochain, indiquent le tablo\u00efd The Sun et la BBC.<\/p>\n<p><a href=\"https:\/\/www.laprovence.com\/article\/om\/39335789177485\/le-maillot-prefere-du-jeune-david-beckham-etait-celui-de-lom\" target=\"_blank\" rel=\"noopener\">L&rsquo;ex-footballeur de 50 ans<\/a>, qui a pris sa retraite en 2013, et son \u00e9pouse Victoria, cr\u00e9atrice de mode et ancienne Spice Girl surnomm\u00e9e \u00ab\u00a0Posh\u00a0\u00bb, deviendront ainsi Sir David et Lady Victoria. \u00c0 travers cette distinction, c&rsquo;est l&rsquo;engagement philanthropique de l&rsquo;int\u00e9ress\u00e9, notamment en faveur de la jeunesse d\u00e9favoris\u00e9e, qui est c\u00e9l\u00e9br\u00e9, selon la presse.\u00a0<\/p>\n<p>Le couple \u00e9volue dans la sph\u00e8re royale depuis des ann\u00e9es.\u00a0Ils avaient \u00e9t\u00e9 convi\u00e9s au mariage du prince William et de Kate Middleton en 2011 ainsi qu&rsquo;\u00e0 celui du prince Harry et Meghan Markle en 2018. Selon The Sun, David a nou\u00e9 des liens d&rsquo;amiti\u00e9 avec le roi Charles. Leur passion commune pour l&rsquo;horticulture les aurait particuli\u00e8rement rapproch\u00e9s. Et en juin 2024, le roi l&rsquo;avait officiellement nomm\u00e9 ambassadeur de sa fondation (King&rsquo;s foundation).<\/p>\n<p>Plus r\u00e9cemment, les cam\u00e9ras de plusieurs m\u00e9dias avaient surpris un \u00e9change entre le couple royal et les Beckham \u00e0 l&rsquo;occasion du Chelsea Flower Show, \u00e9v\u00e9nement mondain qui se tient \u00e0 Londres fin mai. Dans l&rsquo;une des prises de vue, diffus\u00e9e par The Sun, on entend le roi demander \u00e0 <a href=\"https:\/\/www.laprovence.com\/actu\/en-direct\/6901802\/david-beckham-parmi-la-foule-venue-voir-le-cercueil-de-la-reine-elizabeth-ii.html\" target=\"_blank\" rel=\"noopener\">David Beckham <\/a>s&rsquo;il \u00ab\u00a0a re\u00e7u son cadeau d&rsquo;anniversaire\u00a0\u00bb (le 2 mai). Et Beckham de r\u00e9pondre : \u00ab\u00a0c&rsquo;\u00e9tait incroyable, merci, c&rsquo;\u00e9tait tr\u00e8s gentil\u00a0\u00bb.<\/p>\n<p>Le titre de chevalier lui \u00e9tait pass\u00e9 sous le nez en 2014 apr\u00e8s que le comit\u00e9 en charge de ces distinctions se soit oppos\u00e9 \u00e0 une telle nomination, pointant des probl\u00e8mes d&rsquo;ordre fiscal. En 2003, David avait d\u00e9j\u00e0 \u00e9t\u00e9 d\u00e9cor\u00e9 de l&rsquo;Ordre de l&rsquo;Empire britannique pour services rendus au football, lors d&rsquo;une c\u00e9r\u00e9monie au palais de Buckingham en pr\u00e9sence notamment de sa femme Victoria et de ses fils Brooklyn et Romeo.<\/p>\n","protected":false},"excerpt":{"rendered":"L&rsquo;ancien international anglais et star de Manchester United\u00a0figure parmi les r\u00e9cipiendaires honorifiques \u00e0 l&rsquo;occasion de l&rsquo;anniversaire de Charles&hellip;\n","protected":false},"author":2,"featured_media":156614,"comment_status":"","ping_status":"","sticky":false,"template":"","format":"standard","meta":{"footnotes":""},"categories":[1588],"tags":[17,11,28747,28745,28746,8842,1777,674,28744,12,473,1853,60,1851,1850,1852,1811],"class_list":{"0":"post-156613","1":"post","2":"type-post","3":"status-publish","4":"format-standard","5":"has-post-thumbnail","7":"category-royaume-uni","8":"tag-17","9":"tag-actualites","10":"tag-anobli","11":"tag-beckham","12":"tag-detre","13":"tag-david","14":"tag-eu","15":"tag-europe","16":"tag-lex-footballeur","17":"tag-news","18":"tag-royaume-uni","19":"tag-royaume-uni-de-grande-bretagne-et-dirlande-du-nord","20":"tag-sports","21":"tag-uk","22":"tag-united-kingdom","23":"tag-united-kingdom-of-great-britain-and-northern-ireland","24":"tag-voie"},"share_on_mastodon":{"url":"https:\/\/pubeurope.com\/@fr\/114636702703955912","error":""},"_links":{"self":[{"href":"https:\/\/www.europesays.com\/fr\/wp-json\/wp\/v2\/posts\/156613","targetHints":{"allow":["GET"]}}],"collection":[{"href":"https:\/\/www.europesays.com\/fr\/wp-json\/wp\/v2\/posts"}],"about":[{"href":"https:\/\/www.europesays.com\/fr\/wp-json\/wp\/v2\/types\/post"}],"author":[{"embeddable":true,"href":"https:\/\/www.europesays.com\/fr\/wp-json\/wp\/v2\/users\/2"}],"replies":[{"embeddable":true,"href":"https:\/\/www.europesays.com\/fr\/wp-json\/wp\/v2\/comments?post=156613"}],"version-history":[{"count":0,"href":"https:\/\/www.europesays.com\/fr\/wp-json\/wp\/v2\/posts\/156613\/revisions"}],"wp:featuredmedia":[{"embeddable":true,"href":"https:\/\/www.europesays.com\/fr\/wp-json\/wp\/v2\/media\/156614"}],"wp:attachment":[{"href":"https:\/\/www.europesays.com\/fr\/wp-json\/wp\/v2\/media?parent=156613"}],"wp:term":[{"taxonomy":"category","embeddable":true,"href":"https:\/\/www.europesays.com\/fr\/wp-json\/wp\/v2\/categories?post=156613"},{"taxonomy":"post_tag","embeddable":true,"href":"https:\/\/www.europesays.com\/fr\/wp-json\/wp\/v2\/tags?post=156613"}],"curies":[{"name":"wp","href":"https:\/\/api.w.org\/{rel}","templated":true}]}}