{"id":156629,"date":"2025-06-06T13:51:10","date_gmt":"2025-06-06T13:51:10","guid":{"rendered":"https:\/\/www.europesays.com\/fr\/156629\/"},"modified":"2025-06-06T13:51:10","modified_gmt":"2025-06-06T13:51:10","slug":"rueda-impose-son-rythme-vendredi-au-motorland","status":"publish","type":"post","link":"https:\/\/www.europesays.com\/fr\/156629\/","title":{"rendered":"Rueda impose son rythme vendredi au MotorLand"},"content":{"rendered":"<p>                Rueda r\u00e9pond pr\u00e9sent<\/p>\n<p>Les jeunes p\u00e9pites du Moto3\u2122 \u00e9taient en piste ce vendredi au MotorLand pour prendre part \u00e0 la FP1 ainsi qu&rsquo;\u00e0 la Practice du Grand Prix GoPro d&rsquo;Aragon. Sur le circuit o\u00f9 il a d\u00e9croch\u00e9 sa premi\u00e8re victoire en mondial l&rsquo;an dernier, Jos\u00e9 Rueda (Red Bull KTM Ajo) termine la session de l&rsquo;apr\u00e8s-midi en leader gr\u00e2ce \u00e0 un tour boucl\u00e9 en <strong>1&rsquo;57.338<\/strong>. Malgr\u00e9 une chute \u00e0 quelques secondes du drapeau \u00e0 damier, le n\u00b099 domine devant David Mu\u00f1oz (Liqui Moly Dynavolt Intact GP) ainsi que David Almansa (Leopard Racing), qui signe une nouvelle belle performance.<\/p>\n<p>Piqueras en retrait mais qualifi\u00e9<\/p>\n<p>Excellent r\u00e9sultat \u00e9galement pour le rookie \u00c1lvaro Carpe (Red Bull KTM Ajo), qui se hisse au quatri\u00e8me rang dans cette s\u00e9ance. De retour ce week-end apr\u00e8s avoir manqu\u00e9 le GP du Royaume-Uni, Adri\u00e1n Fern\u00e1ndez (Leopard Racing) s&rsquo;offre un top 5 encourageant devant Joel Kelso (LEVEL UP \u2013 MTA), qui court toujours apr\u00e8s sa premi\u00e8re victoire en Grand Prix. L&rsquo;Australien devance son compatriote Jacob Roulstone (Red Bull KTM Tech3), septi\u00e8me de la Practice. Incapable de rivaliser avec les meilleurs aujourd&rsquo;hui, \u00c1ngel Piqueras (FRINSA \u2013 MT Helmets \u2013 MSI) assure tout de m\u00eame son passage direct en Q2 gr\u00e2ce au huiti\u00e8me temps de l&rsquo;apr\u00e8s-midi.<\/p>\n<p>La suite du top 14<\/p>\n<p>Le deuxi\u00e8me du Championnat du Monde devance Nicola Carraro (Rivacold Snipers Team) ainsi que Luca Lunetta (SIC58 Squadra Corse), 10e de la s\u00e9ance. Valent\u00edn Perrone (Red Bull KTM Tech3), Scott Ogden (CIP Green Power), Cormac Buchanan (BOE Motorsports) et Ruch\u00e9 Moodley (BOE Motorsports) compl\u00e8tent le top 14 et prendront \u00e9galement part \u00e0 la Q2. D\u00e9ception en revanche pour M\u00e1ximo Quiles (CFMOTO Aspar Team), victime d&rsquo;une chute et seulement 21e. Guido Pini (Liqui Moly Dynavolt Intact GP), Eddie O&rsquo;Shea (GRYD \u2013 Mlav Racing) et Cormac Buchanan sont \u00e9galement tomb\u00e9s.<\/p>\n<p>La FP2 du Moto3\u2122 au MotorLand se tiendra samedi \u00e0 partir de 8h40.<\/p>\n<p>Cliquez <a href=\"https:\/\/www.motogp.com\/fr\/gp-results\/2025\/ara\/moto3\/pr\/classification\" rel=\"nofollow noopener\" target=\"_blank\">ici<\/a> pour acc\u00e9der aux r\u00e9sultats.<\/p>\n","protected":false},"excerpt":{"rendered":"Rueda r\u00e9pond pr\u00e9sent Les jeunes p\u00e9pites du Moto3\u2122 \u00e9taient en piste ce vendredi au MotorLand pour prendre part&hellip;\n","protected":false},"author":2,"featured_media":156630,"comment_status":"","ping_status":"","sticky":false,"template":"","format":"standard","meta":{"footnotes":""},"categories":[1413],"tags":[1011,27,1457,1456,60,2032],"class_list":{"0":"post-156629","1":"post","2":"type-post","3":"status-publish","4":"format-standard","5":"has-post-thumbnail","7":"category-moto","8":"tag-fr","9":"tag-france","10":"tag-moto","11":"tag-motocycle","12":"tag-sports","13":"tag-text"},"share_on_mastodon":{"url":"https:\/\/pubeurope.com\/@fr\/114636749798416280","error":""},"_links":{"self":[{"href":"https:\/\/www.europesays.com\/fr\/wp-json\/wp\/v2\/posts\/156629","targetHints":{"allow":["GET"]}}],"collection":[{"href":"https:\/\/www.europesays.com\/fr\/wp-json\/wp\/v2\/posts"}],"about":[{"href":"https:\/\/www.europesays.com\/fr\/wp-json\/wp\/v2\/types\/post"}],"author":[{"embeddable":true,"href":"https:\/\/www.europesays.com\/fr\/wp-json\/wp\/v2\/users\/2"}],"replies":[{"embeddable":true,"href":"https:\/\/www.europesays.com\/fr\/wp-json\/wp\/v2\/comments?post=156629"}],"version-history":[{"count":0,"href":"https:\/\/www.europesays.com\/fr\/wp-json\/wp\/v2\/posts\/156629\/revisions"}],"wp:featuredmedia":[{"embeddable":true,"href":"https:\/\/www.europesays.com\/fr\/wp-json\/wp\/v2\/media\/156630"}],"wp:attachment":[{"href":"https:\/\/www.europesays.com\/fr\/wp-json\/wp\/v2\/media?parent=156629"}],"wp:term":[{"taxonomy":"category","embeddable":true,"href":"https:\/\/www.europesays.com\/fr\/wp-json\/wp\/v2\/categories?post=156629"},{"taxonomy":"post_tag","embeddable":true,"href":"https:\/\/www.europesays.com\/fr\/wp-json\/wp\/v2\/tags?post=156629"}],"curies":[{"name":"wp","href":"https:\/\/api.w.org\/{rel}","templated":true}]}}