{"id":156652,"date":"2025-06-06T14:03:10","date_gmt":"2025-06-06T14:03:10","guid":{"rendered":"https:\/\/www.europesays.com\/fr\/156652\/"},"modified":"2025-06-06T14:03:10","modified_gmt":"2025-06-06T14:03:10","slug":"canal-dit-faire-une-economie-de-20-millions-deuros-par-an-en-quittant-la-tnt","status":"publish","type":"post","link":"https:\/\/www.europesays.com\/fr\/156652\/","title":{"rendered":"Canal+ dit faire une \u00e9conomie de \u00ab20 millions d\u2019euros par an\u00bb en quittant la TNT"},"content":{"rendered":"<p>Cette d\u00e9cision permet au groupe \u00abd\u2019avoir de grosses \u00e9conomies de co\u00fbts techniques sur la diffusion\u00bb, a expliqu\u00e9 la directrice financi\u00e8re, Amandine Ferr\u00e9.<\/p>\n<p class=\"fig-paragraph\">Avoir retir\u00e9 ses quatre cha\u00eenes payantes de la TNT va permettre au groupe\u00a0<a href=\"http:\/\/www.lefigaro.fr\/services\/bons-plans\/dossier\/streaming-prime-video-disney-canal-guide-et-bons-plans\" target=\"_blank\" data-fig-type=\"Topic\" rel=\"noopener nofollow\" data-gtm-custom-categorie=\"navigation\" data-gtm-custom-action=\"crossclick\" data-gtm-custom-label=\"Contextuel\" data-gtm-event=\"customEventSPE\" data-fig-domain=\"LEFIGARO\">Canal+<\/a>\u00a0de \u00abfaire des \u00e9conomies\u00bb de quelque 20 millions d&rsquo;euros par an en supprimant les co\u00fbts de diffusion, a-t-il indiqu\u00e9 vendredi lors de son assembl\u00e9e g\u00e9n\u00e9rale. \u00abNous avons fait le choix de sortir de la TNT payante &#8211; c&rsquo;\u00e9tait hier &#8211; pour faire des \u00e9conomies, et avec un impact tr\u00e8s positif pour Canal+ d&rsquo;un point de vue \u00e9conomique\u00bb, a d\u00e9clar\u00e9 le pr\u00e9sident du directoire, Maxime Saada. Cette d\u00e9cision permet au groupe \u00abd&rsquo;avoir de grosses \u00e9conomies de co\u00fbts techniques sur la diffusion\u00bb, a rench\u00e9ri la directrice financi\u00e8re, Amandine Ferr\u00e9.<\/p>\n<p class=\"fig-paragraph\">Les \u00abco\u00fbts fixes\u00bb de la diffusion sur la TNT \u00e9taient \u00abde l&rsquo;ordre de 5 millions d&rsquo;euros par an par cha\u00eene, donc c&rsquo;est significatif\u00bb, a-t-elle d\u00e9velopp\u00e9. D&rsquo;autant que le nombre d&rsquo;abonn\u00e9s qui regardaient les cha\u00eenes de Canal+ via le d\u00e9codeur de la TNT \u00e9tait \u00aben forte d\u00e9croissance ces derni\u00e8res ann\u00e9es\u00bb. C&rsquo;est pourquoi le groupe a \u00abpr\u00e9f\u00e9r\u00e9 privil\u00e9gier une migration\u00bb de ces abonn\u00e9s \u00absur d&rsquo;autres plateformes\u00bb (box internet, satellite&#8230;), afin de faire \u00abde grosses \u00e9conomies de co\u00fbts techniques sur la diffusion\u00bb, a conclu Amandine Ferr\u00e9. Canal+ avait annonc\u00e9 en d\u00e9cembre qu&rsquo;il retirerait d\u00e9but juin ses quatre cha\u00eenes payantes de la TNT (Canal+, Canal+ Cin\u00e9ma, Canal+ Sport, Plan\u00e8te). Il avait justifi\u00e9 cette d\u00e9cision par le non-renouvellement de la fr\u00e9quence de sa cha\u00eene gratuite C8 et par \u00abun environnement fiscal et r\u00e9glementaire de plus en plus contraignant\u00bb.<\/p>\n<p class=\"fig-paragraph\">Depuis vendredi, le num\u00e9ro 4 de la cha\u00eene Canal+ sur la TNT a \u00e9t\u00e9 repris par France 4 dans le cadre d&rsquo;une vaste r\u00e9organisation de la num\u00e9rotation d\u00e9cid\u00e9e par l&rsquo;Arcom, le r\u00e9gulateur de l&rsquo;audiovisuel. Mais cette sortie de la TNT n\u2019est pas sans cons\u00e9quence pour les comptes du groupe. Pour accompagner cette restructuration, Canal+ met en place un plan de d\u00e9part qui p\u00e8sera sur ses r\u00e9sultats. L\u2019abandon de ses fr\u00e9quences TNT signifie aussi la perte d\u2019un actif qui, bien qu\u2019en d\u00e9clin, conservait une certaine valeur strat\u00e9gique.<\/p>\n<p class=\"fig-paragraph\">Par ailleurs, le groupe Canal+ a annonc\u00e9 vendredi avoir mis fin \u00e0 un litige avec le Centre national du cin\u00e9ma (CNC) en concluant un accord. Ce litige portait sur le calcul de la taxe sur les services de t\u00e9l\u00e9vision r\u00e9colt\u00e9e par le CNC. L&rsquo;accord permet \u00e0 Canal+ de ne pas avoir \u00e0 verser quelque 90 millions d&rsquo;euros pour les ann\u00e9es 2020 \u00e0 2023. En revanche, un autre contentieux se poursuit avec le fisc concernant les taux de TVA applicables au groupe (10% ou 20%). Ce litige porte sur 655 millions d&rsquo;euros. \u00abNous dialoguons activement avec les autorit\u00e9s fiscales pour trouver une solution au plus vite\u00bb, a assur\u00e9 Amandine Ferr\u00e9.<\/p>\n","protected":false},"excerpt":{"rendered":"Cette d\u00e9cision permet au groupe \u00abd\u2019avoir de grosses \u00e9conomies de co\u00fbts techniques sur la diffusion\u00bb, a expliqu\u00e9 la&hellip;\n","protected":false},"author":2,"featured_media":156653,"comment_status":"","ping_status":"","sticky":false,"template":"","format":"standard","meta":{"footnotes":""},"categories":[8],"tags":[5717,10474,58,59,1011,27,5724,5720,5725,5719,5723,5722,5721,5718,5715,5714,1834,5726,252,3171,1364,5716],"class_list":{"0":"post-156652","1":"post","2":"type-post","3":"status-publish","4":"format-standard","5":"has-post-thumbnail","7":"category-divertissement","8":"tag-bibendum","9":"tag-canal","10":"tag-divertissement","11":"tag-entertainment","12":"tag-fr","13":"tag-france","14":"tag-geant-vert","15":"tag-herisson-ernie-spontex","16":"tag-la-laitiere","17":"tag-lapin-duracell","18":"tag-mms","19":"tag-mamie-nova","20":"tag-mr-marie","21":"tag-mr-propre","22":"tag-personnage-publicitaire","23":"tag-pub","24":"tag-publicite","25":"tag-tele","26":"tag-television","27":"tag-tnt","28":"tag-tv","29":"tag-vache-qui-rit"},"share_on_mastodon":{"url":"https:\/\/pubeurope.com\/@fr\/114636796923652931","error":""},"_links":{"self":[{"href":"https:\/\/www.europesays.com\/fr\/wp-json\/wp\/v2\/posts\/156652","targetHints":{"allow":["GET"]}}],"collection":[{"href":"https:\/\/www.europesays.com\/fr\/wp-json\/wp\/v2\/posts"}],"about":[{"href":"https:\/\/www.europesays.com\/fr\/wp-json\/wp\/v2\/types\/post"}],"author":[{"embeddable":true,"href":"https:\/\/www.europesays.com\/fr\/wp-json\/wp\/v2\/users\/2"}],"replies":[{"embeddable":true,"href":"https:\/\/www.europesays.com\/fr\/wp-json\/wp\/v2\/comments?post=156652"}],"version-history":[{"count":0,"href":"https:\/\/www.europesays.com\/fr\/wp-json\/wp\/v2\/posts\/156652\/revisions"}],"wp:featuredmedia":[{"embeddable":true,"href":"https:\/\/www.europesays.com\/fr\/wp-json\/wp\/v2\/media\/156653"}],"wp:attachment":[{"href":"https:\/\/www.europesays.com\/fr\/wp-json\/wp\/v2\/media?parent=156652"}],"wp:term":[{"taxonomy":"category","embeddable":true,"href":"https:\/\/www.europesays.com\/fr\/wp-json\/wp\/v2\/categories?post=156652"},{"taxonomy":"post_tag","embeddable":true,"href":"https:\/\/www.europesays.com\/fr\/wp-json\/wp\/v2\/tags?post=156652"}],"curies":[{"name":"wp","href":"https:\/\/api.w.org\/{rel}","templated":true}]}}