{"id":156664,"date":"2025-06-06T14:09:10","date_gmt":"2025-06-06T14:09:10","guid":{"rendered":"https:\/\/www.europesays.com\/fr\/156664\/"},"modified":"2025-06-06T14:09:10","modified_gmt":"2025-06-06T14:09:10","slug":"saint-etienne-taclee-par-le-nouveau-president-du-medef","status":"publish","type":"post","link":"https:\/\/www.europesays.com\/fr\/156664\/","title":{"rendered":"Saint-Etienne tacl\u00e9e par le nouveau pr\u00e9sident du Medef"},"content":{"rendered":"<p>Depuis trois mandats, neuf ans exactement, il \u00e9tait la voix des patrons lig\u00e9riens du Medef. Une voix pas toujours consensuelle, notamment avec les \u00e9lus politiques.<\/p>\n<p>\u00c0 l\u2019occasion de l\u2019assembl\u00e9e g\u00e9n\u00e9rale du syndicat patronal qui s\u2019est tenue ce jeudi soir, Benoit Fabre a tir\u00e9 sa r\u00e9v\u00e9rence et laisse la place \u00e0 un nouveau pr\u00e9sident. Son nom circulait d\u00e9j\u00e0 depuis quelque temps\u00a0: il s\u2019agit de Philippe Rascle.<\/p>\n<p>  Le Medef Loire exige du changement \u00e0 Saint-Etienne M\u00e9tropole<\/p>\n<p>\u00c0 60 ans, celui-ci est \u00e0 la t\u00eate des entreprises SMV, RASD et MGS \u00e0 Roche-la-Moli\u00e8re et de MAP \u00e0 Tunis, soit 60 collaborateurs (7\u00a0millions d\u2019euros de chiffre d\u2019affaires).<\/p>\n<p>Il est d\u00e9j\u00e0 bien implant\u00e9 dans le milieu patronal puisqu\u2019il a \u00e9t\u00e9 vice-pr\u00e9sident de la Chambre de commerce et d\u2019industrie (CCI), pr\u00e9sident du SLST (Sud Loire Sant\u00e9 au travail) entre\u00a02017 et\u00a02019. Il avait quitt\u00e9, il y a quelques jours, ses fonctions \u00e0 la t\u00eate de l\u2019UIMM (Union des industries et m\u00e9tiers de la m\u00e9tallurgie) Loire.<\/p>\n<p>Parmi les jalons notables \u00e0 l\u2019actif du parcours de Beno\u00eet Fabre \u00e0 la t\u00eate du Medef Loire\u00a0: la constitution du collectif \u00e9conomique de la Loire et la fusion des deux antennes territoriales du Medef dans la Loire (Roanne et Loire Sud).<\/p>\n<p>Il a aussi pes\u00e9 dans le combat pour l\u2019A45 et dans les \u00e9changes, tumultueux ces derni\u00e8res ann\u00e9es, avec Saint-Etienne M\u00e9tropole et la Ville de Saint-Etienne.<\/p>\n<p>Sur ce dernier point, son successeur a d\u2019ores et d\u00e9j\u00e0 annonc\u00e9 la couleur d\u00e8s sa premi\u00e8re prise de parole comme pr\u00e9sident\u00a0: \u00ab\u00a0Il n\u2019est pas question de vivre une nouvelle mandature \u00e0 Saint-Etienne M\u00e9tropole telle que celle qu\u2019on est en train de vivre, bafouant l\u2019image de notre ville. Ce territoire m\u00e9rite mieux, il n\u2019est pas question que notre territoire continue d\u2019avoir une repr\u00e9sentation politique aussi pitoyable.\u00a0\u00bb<\/p>\n<p>Fervent d\u00e9fenseur de la TVA sociale, il a \u00e9galement promis qu\u2019il porterait la voix des entrepreneurs sur la question notamment de la comp\u00e9titivit\u00e9 fiscale.<\/p>\n","protected":false},"excerpt":{"rendered":"Depuis trois mandats, neuf ans exactement, il \u00e9tait la voix des patrons lig\u00e9riens du Medef. Une voix pas&hellip;\n","protected":false},"author":2,"featured_media":156665,"comment_status":"","ping_status":"","sticky":false,"template":"","format":"standard","meta":{"footnotes":""},"categories":[9653],"tags":[1111,11,2430,33,7539,1777,674,1011,27,3367,12,25,4001,7538],"class_list":{"0":"post-156664","1":"post","2":"type-post","3":"status-publish","4":"format-standard","5":"has-post-thumbnail","7":"category-saint-etienne","8":"tag-actu","9":"tag-actualites","10":"tag-auvergne-rhone-alpes","11":"tag-economie","12":"tag-edition-loire-sud","13":"tag-eu","14":"tag-europe","15":"tag-fr","16":"tag-france","17":"tag-loire","18":"tag-news","19":"tag-republique-francaise","20":"tag-saint-etienne","21":"tag-saint-etienne-ville"},"share_on_mastodon":{"url":"https:\/\/pubeurope.com\/@fr\/114636820648549011","error":""},"_links":{"self":[{"href":"https:\/\/www.europesays.com\/fr\/wp-json\/wp\/v2\/posts\/156664","targetHints":{"allow":["GET"]}}],"collection":[{"href":"https:\/\/www.europesays.com\/fr\/wp-json\/wp\/v2\/posts"}],"about":[{"href":"https:\/\/www.europesays.com\/fr\/wp-json\/wp\/v2\/types\/post"}],"author":[{"embeddable":true,"href":"https:\/\/www.europesays.com\/fr\/wp-json\/wp\/v2\/users\/2"}],"replies":[{"embeddable":true,"href":"https:\/\/www.europesays.com\/fr\/wp-json\/wp\/v2\/comments?post=156664"}],"version-history":[{"count":0,"href":"https:\/\/www.europesays.com\/fr\/wp-json\/wp\/v2\/posts\/156664\/revisions"}],"wp:featuredmedia":[{"embeddable":true,"href":"https:\/\/www.europesays.com\/fr\/wp-json\/wp\/v2\/media\/156665"}],"wp:attachment":[{"href":"https:\/\/www.europesays.com\/fr\/wp-json\/wp\/v2\/media?parent=156664"}],"wp:term":[{"taxonomy":"category","embeddable":true,"href":"https:\/\/www.europesays.com\/fr\/wp-json\/wp\/v2\/categories?post=156664"},{"taxonomy":"post_tag","embeddable":true,"href":"https:\/\/www.europesays.com\/fr\/wp-json\/wp\/v2\/tags?post=156664"}],"curies":[{"name":"wp","href":"https:\/\/api.w.org\/{rel}","templated":true}]}}