{"id":15667,"date":"2025-04-10T19:04:13","date_gmt":"2025-04-10T19:04:13","guid":{"rendered":"https:\/\/www.europesays.com\/fr\/15667\/"},"modified":"2025-04-10T19:04:13","modified_gmt":"2025-04-10T19:04:13","slug":"sommet-commercial-ukraine-ue-kyiv-appelle-aux-investissements-des-entreprises-europeennes","status":"publish","type":"post","link":"https:\/\/www.europesays.com\/fr\/15667\/","title":{"rendered":"Sommet commercial Ukraine-UE : Kyiv appelle aux investissements des entreprises europ\u00e9ennes"},"content":{"rendered":"<p><img decoding=\"async\" class=\"c-ad__placeholder__logo\" src=\"https:\/\/www.europesays.com\/fr\/wp-content\/uploads\/2025\/03\/logo-euronews-grey-6-180x22.svg.svg+xml\" width=\"180\" height=\"22\" alt=\"\" loading=\"lazy\"\/>PUBLICIT\u00c9<\/p>\n<p>Le sommet commercial UE-Ukraine s&rsquo;est ouvert ce jeudi \u00e0 Bruxelles pour une dur\u00e9e de jours. L&rsquo;Union europ\u00e9enne pr\u00e9voit d&rsquo;approfondir ses liens \u00e9conomiques avec Kyiv, soutenir son redressement et son l&rsquo;adh\u00e9sion au groupe des 27. <\/p>\n<p>S&rsquo;adressant aux d\u00e9l\u00e9gu\u00e9s, le Premier ministre ukrainien, Denys Chmyhal, a d\u00e9clar\u00e9 que l&rsquo;adh\u00e9sion de son pays \u00e0 l&rsquo;UE serait b\u00e9n\u00e9fique pour l&rsquo;Union elle-m\u00eame.  \u00ab\u00a0Acc\u00e9l\u00e9rer l&rsquo;adh\u00e9sion de l&rsquo;Ukraine \u00e0 l&rsquo;UE n&rsquo;est pas seulement un geste de solidarit\u00e9, c&rsquo;est un investissement dans la force de l&rsquo;Europe\u00a0\u00bb, a-t-il d\u00e9clar\u00e9.<\/p>\n<p><img decoding=\"async\" src=\"https:\/\/www.europesays.com\/fr\/wp-content\/uploads\/2025\/03\/icon-cross-10x10-grey-6.svg.svg+xml\" width=\"10\" height=\"10\" alt=\"Close advertising\" fetchpriority=\"high\" loading=\"lazy\"\/><\/p>\n<p>\u00ab\u00a0Nous appelons les dirigeants europ\u00e9ens \u00e0 acc\u00e9l\u00e9rer l&rsquo;int\u00e9gration de l&rsquo;Ukraine et \u00e0 raccourcir le chemin qui nous s\u00e9pare de l&rsquo;adh\u00e9sion pleine et enti\u00e8re. Nous demandons aux entreprises europ\u00e9ennes d&rsquo;investir en Ukraine en tant que futur \u00c9tat membre de l&rsquo;UE. Nous vous demandons d&rsquo;investir dans l&rsquo;avenir, un avenir qui apportera la prosp\u00e9rit\u00e9 \u00e0 l&rsquo;ensemble du continent europ\u00e9en\u00a0\u00bb. a poursuivit le responsable politique. <\/p>\n<p>L&rsquo;Ukraine a d\u00e9pos\u00e9 sa demande d&rsquo;adh\u00e9sion \u00e0 l&rsquo;UE le 28 f\u00e9vrier 2022, quatre jours seulement apr\u00e8s l&rsquo;invasion totale du pays par la Russie. Le pr\u00e9sident Volodymyr Zelensky a demand\u00e9 que la demande soit acc\u00e9l\u00e9r\u00e9e dans le cadre d&rsquo;une \u00ab\u00a0nouvelle proc\u00e9dure sp\u00e9ciale\u00a0\u00bb.<\/p>\n<p>Le 23 juin de la m\u00eame ann\u00e9e, le Parlement europ\u00e9en a adopt\u00e9 une r\u00e9solution demandant que l&rsquo;Ukraine obtienne imm\u00e9diatement le statut de pays candidat, ce que le Conseil a fait le m\u00eame jour.<\/p>\n<p>S&rsquo;exprimant jeudi \u00e0 Bruxelles, le ministre polonais des Affaires europ\u00e9ennes, Adam Szlapka, a averti que \u00ab\u00a0Poutine n&rsquo;a jamais abandonn\u00e9 ses ambitions imp\u00e9riales\u00a0\u00bb. Le responsable politique a affirm\u00e9 que l&rsquo;UE avait maintenant une \u00ab\u00a0opportunit\u00e9 historique&#8230; de red\u00e9finir notre orientation strat\u00e9gique.\u00a0\u00bb \u00ab\u00a0Le paradigme doit passer de \u00ab\u00a0la Russie d&rsquo;abord\u00a0\u00bb \u00e0 \u00ab\u00a0l&rsquo;Ukraine maintenant\u00a0\u00bb\u00a0\u00bb, a t-il pr\u00e9cis\u00e9.<\/p>\n<p>Assistant virtuellement au sommet, le ministre italien des affaires \u00e9trang\u00e8res, Antonio Tajani, a confirm\u00e9 le soutien de son pays \u00e0 l&rsquo;adh\u00e9sion de l&rsquo;Ukraine, mais a exhort\u00e9 Kyiv \u00e0 mener \u00e0 bien les r\u00e9formes n\u00e9cessaires.<\/p>\n<p>\u00ab\u00a0L&rsquo;Italie souhaite que l&rsquo;Ukraine soit un membre \u00e0 part enti\u00e8re de l&rsquo;Union europ\u00e9enne. Pour cela, nous soutiendrons Kiev de cette mani\u00e8re. Il est essentiel de rester concentr\u00e9 sur les r\u00e9formes. Dans cet effort critique, vous pouvez compter sur le gouvernement italien\u00a0\u00bb, a-t-il d\u00e9clar\u00e9.<\/p>\n<p>L&rsquo;opposition de la Hongrie<\/p>\n<p>Alors que Victor Orban a r\u00e9cemment affirm\u00e9 que l&rsquo;adh\u00e9sion de l&rsquo;Ukraine d\u00e9truirait compl\u00e8tement le march\u00e9 europ\u00e9en, la commissaire europ\u00e9enne \u00e0 l&rsquo;\u00e9largissement Marta Kos a r\u00e9fut\u00e9 cette id\u00e9e.<\/p>\n<p>\u00ab\u00a0Il n&rsquo;a pas raison\u00a0\u00bb, a r\u00e9pondu la commissaire Marta Kos. \u00ab\u00a0En effet, l&rsquo;Ukraine sera l&rsquo;un des membres de l&rsquo;UE \u00e0 l&rsquo;avenir. Nous y travaillons. 26 \u00c9tats membres de l&rsquo;UE soutiennent cette vision. Nous pourrions mettre fin \u00e0 toutes les proc\u00e9dures de s\u00e9lection cette ann\u00e9e. Nous serons donc pr\u00eats lorsque le Conseil sera en mesure de conclure l&rsquo;ouverture de tous les groupes. Je suis s\u00fbr que cela sera possible cette ann\u00e9e, mais nous devons bien s\u00fbr travailler avec la Hongrie.\u00a0\u00bb<\/p>\n<p>Pendant ce temps, le Royaume-Uni et la France ont dirig\u00e9 une r\u00e9union des ministres de la D\u00e9fense de 30 pays de la \u00ab\u00a0coalition des volontaires\u00a0\u00bb pour faire avancer les projets de d\u00e9ploiement de troupes de maintien de la paix en Ukraine afin de contr\u00f4ler tout futur accord de tr\u00eave avec la Russie.<\/p>\n<p>Des repr\u00e9sentants du gouvernement ukrainien et des analystes militaires ont d\u00e9clar\u00e9 que les forces russes se pr\u00e9paraient \u00e0 lancer une nouvelle offensive militaire en Ukraine dans les semaines \u00e0 venir afin de maximiser la pression sur Kiev et de renforcer la position de n\u00e9gociation du Kremlin.<\/p>\n<p>\u00c0 l&rsquo;heure o\u00f9 l&rsquo;Europe s&rsquo;efforce de maintenir son \u00e9quilibre, mis \u00e0 mal par des menaces s\u00e9curitaires et une guerre commerciale, Kyiv a rappel\u00e9 que l&rsquo;issue de la guerre en Ukraine serait cruciale pour l&rsquo;avenir du continent.<\/p>\n","protected":false},"excerpt":{"rendered":"PUBLICIT\u00c9 Le sommet commercial UE-Ukraine s&rsquo;est ouvert ce jeudi \u00e0 Bruxelles pour une dur\u00e9e de jours. L&rsquo;Union europ\u00e9enne&hellip;\n","protected":false},"author":2,"featured_media":15668,"comment_status":"","ping_status":"","sticky":false,"template":"","format":"standard","meta":{"footnotes":""},"categories":[1590],"tags":[11,6566,1777,674,12,220,364],"class_list":{"0":"post-15667","1":"post","2":"type-post","3":"status-publish","4":"format-standard","5":"has-post-thumbnail","7":"category-ukraine","8":"tag-actualites","9":"tag-balance-commerciale","10":"tag-eu","11":"tag-europe","12":"tag-news","13":"tag-ukraine","14":"tag-union-europeenne"},"share_on_mastodon":{"url":"https:\/\/pubeurope.com\/@fr\/114315228816498648","error":""},"_links":{"self":[{"href":"https:\/\/www.europesays.com\/fr\/wp-json\/wp\/v2\/posts\/15667","targetHints":{"allow":["GET"]}}],"collection":[{"href":"https:\/\/www.europesays.com\/fr\/wp-json\/wp\/v2\/posts"}],"about":[{"href":"https:\/\/www.europesays.com\/fr\/wp-json\/wp\/v2\/types\/post"}],"author":[{"embeddable":true,"href":"https:\/\/www.europesays.com\/fr\/wp-json\/wp\/v2\/users\/2"}],"replies":[{"embeddable":true,"href":"https:\/\/www.europesays.com\/fr\/wp-json\/wp\/v2\/comments?post=15667"}],"version-history":[{"count":0,"href":"https:\/\/www.europesays.com\/fr\/wp-json\/wp\/v2\/posts\/15667\/revisions"}],"wp:featuredmedia":[{"embeddable":true,"href":"https:\/\/www.europesays.com\/fr\/wp-json\/wp\/v2\/media\/15668"}],"wp:attachment":[{"href":"https:\/\/www.europesays.com\/fr\/wp-json\/wp\/v2\/media?parent=15667"}],"wp:term":[{"taxonomy":"category","embeddable":true,"href":"https:\/\/www.europesays.com\/fr\/wp-json\/wp\/v2\/categories?post=15667"},{"taxonomy":"post_tag","embeddable":true,"href":"https:\/\/www.europesays.com\/fr\/wp-json\/wp\/v2\/tags?post=15667"}],"curies":[{"name":"wp","href":"https:\/\/api.w.org\/{rel}","templated":true}]}}