{"id":156684,"date":"2025-06-06T14:19:11","date_gmt":"2025-06-06T14:19:11","guid":{"rendered":"https:\/\/www.europesays.com\/fr\/156684\/"},"modified":"2025-06-06T14:19:11","modified_gmt":"2025-06-06T14:19:11","slug":"grenoble-fans-de-super-heros-et-de-mangas-le-herofestival-vous-attend-a-alpexpo","status":"publish","type":"post","link":"https:\/\/www.europesays.com\/fr\/156684\/","title":{"rendered":"Grenoble. Fans de super-h\u00e9ros et de mangas, le HeroFestival vous attend \u00e0 Alpexpo"},"content":{"rendered":"<p>C\u2019est un rendez-vous que les fans de pop culture, de jeux vid\u00e9o, de cosplay et de mondes imaginaires ne manqueraient pour rien au monde. Le HeroFestival revient \u00e0 Grenoble, pour sa 7e \u00e9dition, ce week-end des 7 et 8\u00a0juin \u00e0 Alpexpo. Pendant deux jours, plus de 10\u00a0000\u00a0m\u00b2 seront d\u00e9di\u00e9s aux cultures de l\u2019imaginaire sous toutes leurs formes\u00a0: jeux, mangas, BD, litt\u00e9rature fantasy, s\u00e9ries cultes ou encore cosplay.<\/p>\n<p>Le public pourra rencontrer une centaine d\u2019invit\u00e9s, dont Bonnie Wright &#8211; connue pour son <a href=\"https:\/\/www.ledauphine.com\/culture-loisirs\/2025\/05\/06\/isere-une-weasley-attendue-au-herofestival-de-grenoble-dedie-a-l-univers-d-hary-potter\" rel=\"nofollow noopener\" target=\"_blank\">r\u00f4le de Ginny Weasley dans la saga Harry Potter <\/a> -, l\u2019artiste contemporain Patrice Murciano, ou encore la youtubeuse MissJirachi. C\u00f4t\u00e9 animations, le programme s\u2019annonce aussi dense que vari\u00e9\u00a0 : quiz, combats de sabres laser, laser game, ateliers de r\u00e9alit\u00e9 virtuelle, concours de cosplay, jeux de r\u00f4le\u2026 Il y aura de quoi ravir toutes les g\u00e9n\u00e9rations.<\/p>\n<p>Le festival s\u2019articule autour de quatre grands univers th\u00e9matiques\u00a0: Konoha pour la culture manga et asiatique, Krypton pour les super-h\u00e9ros et la science-fiction, Broc\u00e9liande pour l\u2019univers m\u00e9di\u00e9val fantastique, et Ludopolis d\u00e9di\u00e9 aux jeux, aux youtubeurs et \u00e0 la pop culture en g\u00e9n\u00e9ral.<\/p>\n<p class=\"note\">L\u2019entr\u00e9e est gratuite pour les enfants n\u00e9s apr\u00e8s le 1er\u00a0janvier 2015. Billetterie et informations pratiques \u00e0 retrouver sur <a href=\"http:\/\/www.herofestival.fr\" rel=\"nofollow noopener\" target=\"_blank\">www.herofestival.fr<\/a>.\u00a0<\/p>\n<p class=\"insetTitle\">L&rsquo;info en +<\/p>\n<p>            Harry Potter \u00e0 Grenoble, c\u2019est pas tous les jours !<\/p>\n<p>L\u2019univers du plus c\u00e9l\u00e8bre des sorciers est \u00e0 l\u2019honneur avec la pr\u00e9sence exceptionnelle samedi &amp; dimanche de Bonnie Wright alias Ginny Weasley qui traverse l\u2019Atlantique pour 2 jours de rencontres ensorcelantes avec les Grenoblois.<\/p>\n<p>Susan Meyers et Rustik le Morveux rendent hommage \u00e0 Vegeta !<\/p>\n<p>Nos invit\u00e9s com\u00e9diens VF Claire Guyot et Arthur Pestel ont des CV bien remplis et rendront hommage \u00e0 Eric Legrand disparu le mois dernier.<\/p>\n<p>Dark Vader croise Chucky et Scoubidou dans les all\u00e9es !<\/p>\n<p>Nos invit\u00e9s cosplayers et nos visiteurs costum\u00e9s se rassembleront tout au long du week-end et se pr\u00eateront au jeu des photos avec les visiteurs. Crossover insolites au programme !<\/p>\n<p>C\u2019est gratuit pour les enfants<\/p>\n<p>Nouveaut\u00e9 cette ann\u00e9e pour les enfants n\u00e9s apr\u00e8s le 1er janvier 2015.<\/p>\n<p>Plus de 20 sp\u00e9cialit\u00e9s gustatives du monde<\/p>\n<p>Le HeroFestival est aussi un voyage gustatif autour des saveurs sal\u00e9es, sucr\u00e9es et sucr\u00e9es-sal\u00e9es du monde. A d\u00e9couvrir sans mod\u00e9ration.<\/p>\n<p>Deux jours pour faire le tour du monde !<\/p>\n<p>Le HeroFestival est un voyage au fil des cultures r\u00e9elles et imaginaires des diff\u00e9rents continents du monde : des merveilles des pays du Soleil Levant aux Super h\u00e9ros made in the USA en passant par les magiciens, chevaliers, princesses et dragons n\u00e9s sur le Vieux Continent !<\/p>\n","protected":false},"excerpt":{"rendered":"C\u2019est un rendez-vous que les fans de pop culture, de jeux vid\u00e9o, de cosplay et de mondes imaginaires&hellip;\n","protected":false},"author":2,"featured_media":156685,"comment_status":"","ping_status":"","sticky":false,"template":"","format":"standard","meta":{"footnotes":""},"categories":[9566],"tags":[1111,11,2430,6211,1687,112,1777,674,1685,1011,27,2731,2732,108,12,5486,25,3140],"class_list":{"0":"post-156684","1":"post","2":"type-post","3":"status-publish","4":"format-standard","5":"has-post-thumbnail","7":"category-grenoble","8":"tag-actu","9":"tag-actualites","10":"tag-auvergne-rhone-alpes","11":"tag-conference","12":"tag-culture-loisirs","13":"tag-edition-grenoble-agglomeration","14":"tag-eu","15":"tag-europe","16":"tag-foire-et-salon","17":"tag-fr","18":"tag-france","19":"tag-grenoble","20":"tag-grenoble-bassin","21":"tag-isere","22":"tag-news","23":"tag-rencontre","24":"tag-republique-francaise","25":"tag-spectacle"},"share_on_mastodon":{"url":"https:\/\/pubeurope.com\/@fr\/114636859877608383","error":""},"_links":{"self":[{"href":"https:\/\/www.europesays.com\/fr\/wp-json\/wp\/v2\/posts\/156684","targetHints":{"allow":["GET"]}}],"collection":[{"href":"https:\/\/www.europesays.com\/fr\/wp-json\/wp\/v2\/posts"}],"about":[{"href":"https:\/\/www.europesays.com\/fr\/wp-json\/wp\/v2\/types\/post"}],"author":[{"embeddable":true,"href":"https:\/\/www.europesays.com\/fr\/wp-json\/wp\/v2\/users\/2"}],"replies":[{"embeddable":true,"href":"https:\/\/www.europesays.com\/fr\/wp-json\/wp\/v2\/comments?post=156684"}],"version-history":[{"count":0,"href":"https:\/\/www.europesays.com\/fr\/wp-json\/wp\/v2\/posts\/156684\/revisions"}],"wp:featuredmedia":[{"embeddable":true,"href":"https:\/\/www.europesays.com\/fr\/wp-json\/wp\/v2\/media\/156685"}],"wp:attachment":[{"href":"https:\/\/www.europesays.com\/fr\/wp-json\/wp\/v2\/media?parent=156684"}],"wp:term":[{"taxonomy":"category","embeddable":true,"href":"https:\/\/www.europesays.com\/fr\/wp-json\/wp\/v2\/categories?post=156684"},{"taxonomy":"post_tag","embeddable":true,"href":"https:\/\/www.europesays.com\/fr\/wp-json\/wp\/v2\/tags?post=156684"}],"curies":[{"name":"wp","href":"https:\/\/api.w.org\/{rel}","templated":true}]}}