{"id":156690,"date":"2025-06-06T14:22:10","date_gmt":"2025-06-06T14:22:10","guid":{"rendered":"https:\/\/www.europesays.com\/fr\/156690\/"},"modified":"2025-06-06T14:22:10","modified_gmt":"2025-06-06T14:22:10","slug":"nous-sommes-confiants-bloquee-depuis-des-mois-la-transformation-du-palais-du-commerce-a-rennes-bientot-lancee","status":"publish","type":"post","link":"https:\/\/www.europesays.com\/fr\/156690\/","title":{"rendered":"\u00ab\u00a0Nous sommes confiants\u00a0\u00bb\u00a0: bloqu\u00e9e depuis des mois, la transformation du\u00a0Palais du commerce \u00e0 Rennes bient\u00f4t lanc\u00e9e\u00a0?"},"content":{"rendered":"<p>Est-ce la fin du feuilleton de la transformation du Palais du commerce ? Lanc\u00e9 en grande pompe en 2019, le projet, qui est cens\u00e9 faire de ce b\u00e2timent historique une v\u00e9ritable locomotive commerciale du centre-ville, \u00e9tait depuis dans le flou. \u00c0 l\u2019origine, les travaux devaient d\u00e9marrer \u00e0 l\u2019\u00e9t\u00e9 2024. Des doutes qui pourraient se dissiper dans les prochaines semaines, \u00e0 entendre la maire de Rennes Nathalie App\u00e9r\u00e9.<\/p>\n<p>En marge d\u2019une conf\u00e9rence de presse d\u00e9di\u00e9e \u00e0 la future d\u00e9construction du parking Vilaine, ce vendredi 6 juin 2025, l\u2019\u00e9dile s\u2019est montr\u00e9e confiante sur le devenir du projet : \u00ab Les choses avancent bien entre Postimmo (le propri\u00e9taire des lieux, NDLR) et le porteur de projet. Nous sommes confiants pour relancer le d\u00e9p\u00f4t de permis de construire en vue d\u2019une livraison en 2028 \u00bb. Selon elle, l\u2019officialisation pourrait intervenir \u00ab dans les prochaines semaines \u00bb.<\/p>\n<p>Aux manettes du projet : la Poste, propri\u00e9taire des lieux, et le groupe Frey, am\u00e9nageur sp\u00e9cialis\u00e9 dans les centres commerciaux. La Ville de Rennes, elle, y est associ\u00e9e mais n\u2019a pas de r\u00f4le d\u00e9cisionnaire. Depuis son lancement en 2019, l\u2019op\u00e9ration a beaucoup \u00e9volu\u00e9. L\u2019extension en verre du c\u00f4t\u00e9 de la fa\u00e7ade est, sur la placette Joffre, a \u00e9t\u00e9 rabot\u00e9e en 2021. Quant aux grandes enseignes annonc\u00e9es, comme Decathlon, Citadium, Lego, l\u2019\u00e9cole de cuisine de Thierry Marx, elles ne sont plus int\u00e9ress\u00e9es. \ufeff<\/p>\n","protected":false},"excerpt":{"rendered":"Est-ce la fin du feuilleton de la transformation du Palais du commerce ? Lanc\u00e9 en grande pompe en&hellip;\n","protected":false},"author":2,"featured_media":156691,"comment_status":"","ping_status":"","sticky":false,"template":"","format":"standard","meta":{"footnotes":""},"categories":[2821],"tags":[1111,11,829,1777,674,1011,27,848,12,584,25,10810],"class_list":{"0":"post-156690","1":"post","2":"type-post","3":"status-publish","4":"format-standard","5":"has-post-thumbnail","7":"category-rennes","8":"tag-actu","9":"tag-actualites","10":"tag-bretagne","11":"tag-eu","12":"tag-europe","13":"tag-fr","14":"tag-france","15":"tag-ille-et-vilaine","16":"tag-news","17":"tag-rennes","18":"tag-republique-francaise","19":"tag-urbanisme-a-rennes"},"share_on_mastodon":{"url":"https:\/\/pubeurope.com\/@fr\/114636871747357292","error":""},"_links":{"self":[{"href":"https:\/\/www.europesays.com\/fr\/wp-json\/wp\/v2\/posts\/156690","targetHints":{"allow":["GET"]}}],"collection":[{"href":"https:\/\/www.europesays.com\/fr\/wp-json\/wp\/v2\/posts"}],"about":[{"href":"https:\/\/www.europesays.com\/fr\/wp-json\/wp\/v2\/types\/post"}],"author":[{"embeddable":true,"href":"https:\/\/www.europesays.com\/fr\/wp-json\/wp\/v2\/users\/2"}],"replies":[{"embeddable":true,"href":"https:\/\/www.europesays.com\/fr\/wp-json\/wp\/v2\/comments?post=156690"}],"version-history":[{"count":0,"href":"https:\/\/www.europesays.com\/fr\/wp-json\/wp\/v2\/posts\/156690\/revisions"}],"wp:featuredmedia":[{"embeddable":true,"href":"https:\/\/www.europesays.com\/fr\/wp-json\/wp\/v2\/media\/156691"}],"wp:attachment":[{"href":"https:\/\/www.europesays.com\/fr\/wp-json\/wp\/v2\/media?parent=156690"}],"wp:term":[{"taxonomy":"category","embeddable":true,"href":"https:\/\/www.europesays.com\/fr\/wp-json\/wp\/v2\/categories?post=156690"},{"taxonomy":"post_tag","embeddable":true,"href":"https:\/\/www.europesays.com\/fr\/wp-json\/wp\/v2\/tags?post=156690"}],"curies":[{"name":"wp","href":"https:\/\/api.w.org\/{rel}","templated":true}]}}