{"id":156692,"date":"2025-06-06T14:23:12","date_gmt":"2025-06-06T14:23:12","guid":{"rendered":"https:\/\/www.europesays.com\/fr\/156692\/"},"modified":"2025-06-06T14:23:12","modified_gmt":"2025-06-06T14:23:12","slug":"voici-quand-va-ouvrir-le-magasin-normal-place-kleber","status":"publish","type":"post","link":"https:\/\/www.europesays.com\/fr\/156692\/","title":{"rendered":"voici quand va ouvrir le magasin Normal place Kl\u00e9ber"},"content":{"rendered":"<p>            Par<br \/>\n        <strong><br \/>\n            <a href=\"https:\/\/actu.fr\/auteur\/margot-fournie\" title=\"Consulter tous les articles de Margot Fournie\" target=\"_blank\" rel=\"noopener\">Margot Fournie<\/a><br \/>\n        <\/strong><\/p>\n<p>        Publi\u00e9 le<\/p>\n<p>            6 juin 2025 \u00e0 15h39        <\/p>\n<p>On l\u2019avait d\u00e9j\u00e0 annonc\u00e9 quelques mois plus t\u00f4t. <strong>Maison rouge<\/strong>, b\u00e2timent embl\u00e9matique situ\u00e9 en bordure de la place Kl\u00e9ber \u00e0 <a href=\"https:\/\/actu.fr\/strasbourg\/\" target=\"_blank\" rel=\"noopener\">Strasbourg<\/a>, va accueillir <a href=\"https:\/\/actu.fr\/grand-est\/strasbourg_67482\/strasbourg-ce-batiment-emblematique-de-la-place-kleber-va-accueillir-trois-nouveaux-commerces-voici-lesquels_62208568.html\" target=\"_blank\" rel=\"noopener\">trois nouveaux magasins<\/a>.<\/p>\n<p class=\" wall-content\">La date d\u2019ouverture de la boutique Normal a \u00e9t\u00e9 annonc\u00e9e.<\/p>\n<p>Ouverture du magasin \u00e0 la mi-juin<\/p>\n<p class=\" wall-content\">Les travaux d\u2019am\u00e9nagement de la boutique Normal ont commenc\u00e9. Des autocollants annon\u00e7ant l\u2019ouverture prochaine ont \u00e9t\u00e9 mis sur les vitres.<\/p>\n<p class=\" wall-content\">Il est indiqu\u00e9 que le magasin va ouvrir<strong> le 19\u00a0juin<\/strong>. Pour l\u2019occasion, une <strong>grande f\u00eate d\u2019ouverture<\/strong> sera organis\u00e9e.<\/p>\n<p>C\u2019est la troisi\u00e8me boutique du discounter \u00e0 Strasbourg<\/p>\n<p class=\" wall-content\">Le discounter, sp\u00e9cialis\u00e9 dans la vente de produits de grandes marques \u00e0 bas prix, est d\u00e9j\u00e0 bien install\u00e9 \u00e0 Strasbourg.<\/p>\n<p class=\" wall-content\">L\u2019enseigne est d\u00e9j\u00e0 pr\u00e9sente au centre commercial Rivetoile, mais aussi dans les <a href=\"https:\/\/actu.fr\/grand-est\/strasbourg_67482\/normal-l-enseigne-qui-casse-les-prix-ouvre-un-nouveau-magasin-a-strasbourg_52472504.html\" target=\"_blank\" rel=\"noopener\">galeries du Aushopping Strasbourg<\/a>, situ\u00e9 place Andr\u00e9 Maurois depuis juillet de l\u2019ann\u00e9e 2022.<\/p>\n<p class=\" wall-content\">Suivez toute l\u2019actualit\u00e9 de vos villes et m\u00e9dias favoris en vous inscrivant \u00e0 <a href=\"https:\/\/moncompte.actu.fr\" title=\"D\u00e9couvez Mon Actu\" rel=\"nofollow noopener\" data-trk=\"{&quot;cta&quot;:{&quot;action&quot;:&quot;https:\\\/\\\/moncompte.actu.fr&quot;,&quot;category&quot;:&quot;mon compte&quot;,&quot;from&quot;:&quot;article footer&quot;,&quot;name&quot;:&quot;Mon actu&quot;,&quot;type&quot;:&quot;cta&quot;}}\" target=\"_blank\">Mon Actu<\/a>.<\/p>\n","protected":false},"excerpt":{"rendered":"Par Margot Fournie Publi\u00e9 le 6 juin 2025 \u00e0 15h39 On l\u2019avait d\u00e9j\u00e0 annonc\u00e9 quelques mois plus t\u00f4t.&hellip;\n","protected":false},"author":2,"featured_media":156693,"comment_status":"","ping_status":"","sticky":false,"template":"","format":"standard","meta":{"footnotes":""},"categories":[2820],"tags":[1111,11,33,1777,674,1011,27,775,12,3147,25,640],"class_list":{"0":"post-156692","1":"post","2":"type-post","3":"status-publish","4":"format-standard","5":"has-post-thumbnail","7":"category-strasbourg","8":"tag-actu","9":"tag-actualites","10":"tag-economie","11":"tag-eu","12":"tag-europe","13":"tag-fr","14":"tag-france","15":"tag-grand-est","16":"tag-news","17":"tag-nouveaux-commerces","18":"tag-republique-francaise","19":"tag-strasbourg"},"share_on_mastodon":{"url":"https:\/\/pubeurope.com\/@fr\/114636875676521436","error":""},"_links":{"self":[{"href":"https:\/\/www.europesays.com\/fr\/wp-json\/wp\/v2\/posts\/156692","targetHints":{"allow":["GET"]}}],"collection":[{"href":"https:\/\/www.europesays.com\/fr\/wp-json\/wp\/v2\/posts"}],"about":[{"href":"https:\/\/www.europesays.com\/fr\/wp-json\/wp\/v2\/types\/post"}],"author":[{"embeddable":true,"href":"https:\/\/www.europesays.com\/fr\/wp-json\/wp\/v2\/users\/2"}],"replies":[{"embeddable":true,"href":"https:\/\/www.europesays.com\/fr\/wp-json\/wp\/v2\/comments?post=156692"}],"version-history":[{"count":0,"href":"https:\/\/www.europesays.com\/fr\/wp-json\/wp\/v2\/posts\/156692\/revisions"}],"wp:featuredmedia":[{"embeddable":true,"href":"https:\/\/www.europesays.com\/fr\/wp-json\/wp\/v2\/media\/156693"}],"wp:attachment":[{"href":"https:\/\/www.europesays.com\/fr\/wp-json\/wp\/v2\/media?parent=156692"}],"wp:term":[{"taxonomy":"category","embeddable":true,"href":"https:\/\/www.europesays.com\/fr\/wp-json\/wp\/v2\/categories?post=156692"},{"taxonomy":"post_tag","embeddable":true,"href":"https:\/\/www.europesays.com\/fr\/wp-json\/wp\/v2\/tags?post=156692"}],"curies":[{"name":"wp","href":"https:\/\/api.w.org\/{rel}","templated":true}]}}