{"id":156700,"date":"2025-06-06T14:27:16","date_gmt":"2025-06-06T14:27:16","guid":{"rendered":"https:\/\/www.europesays.com\/fr\/156700\/"},"modified":"2025-06-06T14:27:16","modified_gmt":"2025-06-06T14:27:16","slug":"en-images-quand-les-fumees-des-incendies-au-canada-colorent-le-ciel-a-louest-de-la-france","status":"publish","type":"post","link":"https:\/\/www.europesays.com\/fr\/156700\/","title":{"rendered":"EN IMAGES. Quand les fum\u00e9es des incendies au Canada colorent le ciel \u00e0 l\u2019Ouest de la France"},"content":{"rendered":"<p>\u00c9tonnante vision dimanche 1er\u00a0juin 2025 \u00e0 Nantes. Le soleil avait une lueur \u00e9trange, le ciel \u00e9tait voil\u00e9 d\u2019une teinte jaun\u00e2tre et orang\u00e9e. Un ph\u00e9nom\u00e8ne caus\u00e9 <a href=\"https:\/\/rennes.maville.com\/actu\/actudet_-l-emballement-du-climat-embrase-deja-le-canada-_54135-6832331_actu.Htm\" target=\"_blank\" rel=\"noopener\">par les fum\u00e9es des incendies au Canada<\/a>, qui ont travers\u00e9 l\u2019Atlantique. \u00a0Le panache de fum\u00e9e s\u2019est retrouv\u00e9 sur les A\u00e7ores, puis est remont\u00e9 sur la France via le courant oc\u00e9anique de sud-ouest\u00a0, explique le m\u00e9t\u00e9orologue Guillaume S\u00e9chet sur les r\u00e9seaux sociaux. Leurs particules filtrent la lumi\u00e8re et donnent cette couleur inhabituelle. Les effets \u00e9taient encore plus visibles avec le soleil rasant.<\/p>\n<p>\n                Nous avons bloqu\u00e9 l\u2019affichage de ce contenu pour respecter vos choix en mati\u00e8re de cookies.<br \/>En cliquant sur \u00abConsulter\u00bb, vous acceptez le d\u00e9p\u00f4t de cookies par des services de r\u00e9seaux sociaux tels que Twitter.<br \/>\n                Consulter\n            <\/p>\n<blockquote class=\"twitter-tweet\" wp_automatic_readability=\"2.9626556016598\">\n<p lang=\"en\" dir=\"ltr\">From <a href=\"https:\/\/twitter.com\/hashtag\/Arctic?src=hash&amp;ref_src=twsrc%5Etfw\" target=\"_blank\" rel=\"noopener\">#Arctic<\/a> ti <a href=\"https:\/\/twitter.com\/hashtag\/Florida?src=hash&amp;ref_src=twsrc%5Etfw\" target=\"_blank\" rel=\"noopener\">#Florida<\/a>! The <a href=\"https:\/\/twitter.com\/hashtag\/Copernicus?src=hash&amp;ref_src=twsrc%5Etfw\" target=\"_blank\" rel=\"noopener\">#Copernicus<\/a> <a href=\"https:\/\/twitter.com\/hashtag\/Sentinel5p?src=hash&amp;ref_src=twsrc%5Etfw\" target=\"_blank\" rel=\"noopener\">#Sentinel5p<\/a> Aerosol map of May 31st shows the huge plume of smoke from the <a href=\"https:\/\/twitter.com\/hashtag\/canadafires?src=hash&amp;ref_src=twsrc%5Etfw\" target=\"_blank\" rel=\"noopener\">#canadafires<\/a>. <a href=\"https:\/\/twitter.com\/hashtag\/Airquality?src=hash&amp;ref_src=twsrc%5Etfw\" target=\"_blank\" rel=\"noopener\">#Airquality<\/a> <a href=\"https:\/\/twitter.com\/hashtag\/Canada?src=hash&amp;ref_src=twsrc%5Etfw\" target=\"_blank\" rel=\"noopener\">#Canada<\/a> <a href=\"https:\/\/twitter.com\/hashtag\/ClimateEmergency?src=hash&amp;ref_src=twsrc%5Etfw\" target=\"_blank\" rel=\"noopener\">#ClimateEmergency<\/a> <a href=\"https:\/\/t.co\/wUi0gazrR8\">pic.twitter.com\/wUi0gazrR8<\/a><\/p>\n<p>\u2014 ADAM Platform (@PlatformAdam) <a href=\"https:\/\/twitter.com\/PlatformAdam\/status\/1929163112390803836?ref_src=twsrc%5Etfw\" target=\"_blank\" rel=\"noopener\">June 1, 2025<\/a><\/p><\/blockquote>\n<p>Photos partag\u00e9es sur les r\u00e9seaux<\/p>\n<p>??Vous aussi, vous avez constat\u00e9 ces fum\u00e9es dans le ciel\u00a0? N\u2019h\u00e9sitez pas \u00e0 nous envoyer vos photos \u00e0 redaction.web@presse-ocean.com<\/p>\n<p>\n                Nous avons bloqu\u00e9 l\u2019affichage de ce contenu pour respecter vos choix en mati\u00e8re de cookies.<br \/>En cliquant sur \u00abConsulter\u00bb, vous acceptez le d\u00e9p\u00f4t de cookies par des services de r\u00e9seaux sociaux tels que Twitter.<br \/>\n                Consulter\n            <\/p>\n<blockquote class=\"twitter-tweet\" wp_automatic_readability=\"4.8154362416107\">\n<p lang=\"fr\" dir=\"ltr\">Beau coucher de soleil \u00e0 travers les fum\u00e9es des incendies du Canada ?????? qui ont travers\u00e9 l&rsquo;Atlantique ! ??????<br \/>Photo prise \u00e0 Cornill\u00e9 (35) par Johann Baron<a href=\"https:\/\/twitter.com\/hashtag\/meteobzh?src=hash&amp;ref_src=twsrc%5Etfw\" target=\"_blank\" rel=\"noopener\">#meteobzh<\/a> <a href=\"https:\/\/twitter.com\/hashtag\/bzh?src=hash&amp;ref_src=twsrc%5Etfw\" target=\"_blank\" rel=\"noopener\">#bzh<\/a> <a href=\"https:\/\/twitter.com\/hashtag\/couleursdebreizh?src=hash&amp;ref_src=twsrc%5Etfw\" target=\"_blank\" rel=\"noopener\">#couleursdebreizh<\/a> <a href=\"https:\/\/twitter.com\/hashtag\/coucherdesoleil?src=hash&amp;ref_src=twsrc%5Etfw\" target=\"_blank\" rel=\"noopener\">#coucherdesoleil<\/a> <a href=\"https:\/\/twitter.com\/hashtag\/Bretagne?src=hash&amp;ref_src=twsrc%5Etfw\" target=\"_blank\" rel=\"noopener\">#Bretagne<\/a> <a href=\"https:\/\/t.co\/FL9e2v7mzQ\">pic.twitter.com\/FL9e2v7mzQ<\/a><\/p>\n<p>\u2014 M\u00e9t\u00e9o Bretagne (@MeteoBretagne) <a href=\"https:\/\/twitter.com\/MeteoBretagne\/status\/1929273386808582220?ref_src=twsrc%5Etfw\" target=\"_blank\" rel=\"noopener\">June 1, 2025<\/a><\/p><\/blockquote>\n<blockquote class=\"twitter-tweet\" data-conversation=\"none\" wp_automatic_readability=\"1.7241379310345\">\n<p lang=\"qme\" dir=\"ltr\"> <a href=\"https:\/\/t.co\/LJTmP2b6cE\">pic.twitter.com\/LJTmP2b6cE<\/a><\/p>\n<p>\u2014 DGR (@D_G_R_44) <a href=\"https:\/\/twitter.com\/D_G_R_44\/status\/1929248933353545964?ref_src=twsrc%5Etfw\" target=\"_blank\" rel=\"noopener\">June 1, 2025<\/a><\/p><\/blockquote>\n<blockquote class=\"twitter-tweet\" data-conversation=\"none\" wp_automatic_readability=\"2.710843373494\">\n<p lang=\"qme\" dir=\"ltr\"> <a href=\"https:\/\/t.co\/ZpglqROG21\">pic.twitter.com\/ZpglqROG21<\/a><\/p>\n<p>\u2014 Saturday Nantes fever (@Charles35329450) <a href=\"https:\/\/twitter.com\/Charles35329450\/status\/1929255140306932125?ref_src=twsrc%5Etfw\" target=\"_blank\" rel=\"noopener\">June 1, 2025<\/a><\/p><\/blockquote>\n<p>\n                Nous avons bloqu\u00e9 l\u2019affichage de ce contenu pour respecter vos choix en mati\u00e8re de cookies.<br \/>En cliquant sur \u00abConsulter\u00bb, vous acceptez le d\u00e9p\u00f4t de cookies par des services de r\u00e9seaux sociaux tels que Twitter.<br \/>\n                Consulter\n            <\/p>\n<blockquote class=\"twitter-tweet\" wp_automatic_readability=\"9.5558659217877\">\n<p lang=\"fr\" dir=\"ltr\">?? Ciel \u00e9trange ce soir \u00e0 Saint-Senoux (35) : teinte jaun\u00e2tre, ambiance voil\u00e9e&#8230;<\/p>\n<p>??? Il s&rsquo;agit de fum\u00e9es des incendies au Canada, transport\u00e9es jusqu&rsquo;\u00e0 chez nous en altitude.<br \/>Ces particules filtrent la lumi\u00e8re et donnent cette couleur inhabituelle. &#8211; ?? Yann Nicolaz<br \/><a href=\"https:\/\/twitter.com\/hashtag\/Bretagne?src=hash&amp;ref_src=twsrc%5Etfw\" target=\"_blank\" rel=\"noopener\">#Bretagne<\/a> <a href=\"https:\/\/t.co\/SBXlCRC3DB\">pic.twitter.com\/SBXlCRC3DB<\/a><\/p>\n<p>\u2014 M\u00e9t\u00e9o Bretagne (@MeteoBretagne) <a href=\"https:\/\/twitter.com\/MeteoBretagne\/status\/1929257526442287130?ref_src=twsrc%5Etfw\" target=\"_blank\" rel=\"noopener\">June 1, 2025<\/a><\/p><\/blockquote>\n<p>Incendies au Canada<\/p>\n<p>\n                Nous avons bloqu\u00e9 l\u2019affichage de ce contenu pour respecter vos choix en mati\u00e8re de cookies.<br \/>En cliquant sur \u00abConsulter\u00bb, vous acceptez le d\u00e9p\u00f4t de cookies par des services de r\u00e9seaux sociaux tels que Twitter.<br \/>\n                Consulter\n            <\/p>\n<blockquote class=\"twitter-tweet\" wp_automatic_readability=\"6.8242074927954\">\n<p lang=\"fr\" dir=\"ltr\">Les <a href=\"https:\/\/twitter.com\/hashtag\/fum%C3%A9es?src=hash&amp;ref_src=twsrc%5Etfw\" target=\"_blank\" rel=\"noopener\">#fum\u00e9es<\/a> provenant des <a href=\"https:\/\/twitter.com\/hashtag\/feux?src=hash&amp;ref_src=twsrc%5Etfw\" target=\"_blank\" rel=\"noopener\">#feux<\/a> de for\u00eat ?? qui font rage au Canada arrivent jusqu&rsquo;en Europe apr\u00e8s avoir travers\u00e9 l&rsquo;Atlantique et pourront affecter le ciel \u00e0 partir de demain.<br \/>+ 130 feux de foret sont actifs au Canada.<br \/>200.000 ha de for\u00eat brul\u00e9 en 1 mois (3X moyenne annuelle) <a href=\"https:\/\/t.co\/Jy0tOfWaGk\">pic.twitter.com\/Jy0tOfWaGk<\/a><\/p>\n<p>\u2014 Meteociel (@meteociel) <a href=\"https:\/\/twitter.com\/meteociel\/status\/1928794124888457323?ref_src=twsrc%5Etfw\" target=\"_blank\" rel=\"noopener\">May 31, 2025<\/a><\/p><\/blockquote>\n<p>Le Manitoba, dans le centre du Canada, conna\u00eet l\u2019un de ses pires d\u00e9buts de la saison des feux de for\u00eat. <a href=\"https:\/\/www.ouest-france.fr\/monde\/canada\/video-incendies-monstres-au-canada-deux-provinces-en-etat-d-urgence-17-000-evacuations-531acd32-548f-4784-a378-adfe8be1e9cc\" target=\"_blank\" rel=\"noopener\">Plus de 17\u00a0000\u00a0personnes ont \u00e9t\u00e9 \u00e9vacu\u00e9es mercredi 28\u00a0mai.<\/a><\/p>\n<p>\u00a0Pour la premi\u00e8re fois, il ne s\u2019agit pas d\u2019un incendie dans une seule r\u00e9gion. Nous avons des incendies dans toutes les r\u00e9gions. C\u2019est la preuve d\u2019un changement climatique auquel nous allons devoir nous adapter\u00a0, a soulign\u00e9 le Premier ministre du Manitoba Wab Kinew. Vingt-deux feux de for\u00eats sont actifs dans sa province.\u00a0Pr\u00e8s de 200\u00a0000\u00a0hectares de for\u00eats ont \u00e9t\u00e9 touch\u00e9s au cours du dernier mois, soit le triple de la moyenne totale annuelle dans cette r\u00e9gion.<\/p>\n<p>D\u00e9j\u00e0 en 2023<\/p>\n<p><a href=\"https:\/\/nantes.maville.com\/actu\/actudet_-incendies-au-canada.-les-fumees-arrivent-en-france-a-quoi-s-attendre-en-loire-atlantique-_8-5832507_actu.Htm\" target=\"_blank\" rel=\"noopener\">Un ph\u00e9nom\u00e8ne similaire s\u2019\u00e9tait produit en 2023<\/a>. L\u00e0 encore, le Canada \u00e9tait touch\u00e9 par d\u2019importants feux de for\u00eat. Le ciel de Loire-Atlantique s\u2019\u00e9tait alors\u00a0l\u00e9g\u00e8rement voil\u00e9 avec une couleur orange peu habituelle.<\/p>\n<p>\u00a0<\/p>\n<p>\t\t<script async src=\"https:\/\/platform.twitter.com\/widgets.js\" charset=\"utf-8\"><\/script><\/p>\n","protected":false},"excerpt":{"rendered":"\u00c9tonnante vision dimanche 1er\u00a0juin 2025 \u00e0 Nantes. Le soleil avait une lueur \u00e9trange, le ciel \u00e9tait voil\u00e9 d\u2019une&hellip;\n","protected":false},"author":2,"featured_media":156701,"comment_status":"","ping_status":"","sticky":false,"template":"","format":"standard","meta":{"footnotes":""},"categories":[2818],"tags":[1111,11,574,4512,28754,1777,674,1011,27,25905,4430,5383,766,12,9144,2636,25],"class_list":{"0":"post-156700","1":"post","2":"type-post","3":"status-publish","4":"format-standard","5":"has-post-thumbnail","7":"category-nantes","8":"tag-actu","9":"tag-actualites","10":"tag-canada","11":"tag-ciel","12":"tag-colorent","13":"tag-eu","14":"tag-europe","15":"tag-fr","16":"tag-france","17":"tag-fumees","18":"tag-images","19":"tag-incendies","20":"tag-nantes","21":"tag-news","22":"tag-ouest","23":"tag-pays-de-la-loire","24":"tag-republique-francaise"},"share_on_mastodon":{"url":"https:\/\/pubeurope.com\/@fr\/114636891505911672","error":""},"_links":{"self":[{"href":"https:\/\/www.europesays.com\/fr\/wp-json\/wp\/v2\/posts\/156700","targetHints":{"allow":["GET"]}}],"collection":[{"href":"https:\/\/www.europesays.com\/fr\/wp-json\/wp\/v2\/posts"}],"about":[{"href":"https:\/\/www.europesays.com\/fr\/wp-json\/wp\/v2\/types\/post"}],"author":[{"embeddable":true,"href":"https:\/\/www.europesays.com\/fr\/wp-json\/wp\/v2\/users\/2"}],"replies":[{"embeddable":true,"href":"https:\/\/www.europesays.com\/fr\/wp-json\/wp\/v2\/comments?post=156700"}],"version-history":[{"count":0,"href":"https:\/\/www.europesays.com\/fr\/wp-json\/wp\/v2\/posts\/156700\/revisions"}],"wp:featuredmedia":[{"embeddable":true,"href":"https:\/\/www.europesays.com\/fr\/wp-json\/wp\/v2\/media\/156701"}],"wp:attachment":[{"href":"https:\/\/www.europesays.com\/fr\/wp-json\/wp\/v2\/media?parent=156700"}],"wp:term":[{"taxonomy":"category","embeddable":true,"href":"https:\/\/www.europesays.com\/fr\/wp-json\/wp\/v2\/categories?post=156700"},{"taxonomy":"post_tag","embeddable":true,"href":"https:\/\/www.europesays.com\/fr\/wp-json\/wp\/v2\/tags?post=156700"}],"curies":[{"name":"wp","href":"https:\/\/api.w.org\/{rel}","templated":true}]}}