{"id":156716,"date":"2025-06-06T14:35:09","date_gmt":"2025-06-06T14:35:09","guid":{"rendered":"https:\/\/www.europesays.com\/fr\/156716\/"},"modified":"2025-06-06T14:35:09","modified_gmt":"2025-06-06T14:35:09","slug":"le-banksy-de-marseille-a-nouveau-tague-et-desormais-protege-par-un-plexiglas","status":"publish","type":"post","link":"https:\/\/www.europesays.com\/fr\/156716\/","title":{"rendered":"Le Banksy de Marseille \u00e0 nouveau tagu\u00e9 et d\u00e9sormais prot\u00e9g\u00e9 par un plexiglas"},"content":{"rendered":"<p>Ce vendredi 6\u00a0juin, \u00e0 l\u2019arri\u00e8re de la Corniche Kennedy \u00e0 Marseille, on assiste toujours au m\u00eame d\u00e9fil\u00e9 <a href=\"https:\/\/www.laprovence.com\/article\/region\/60079338496376\/un-nouveau-banksy-a-marseille-loeuvre-du-phare-avec-une-phrase-en-anglais-qui-agite-les-reseaux-sociaux\" target=\"_blank\" rel=\"noopener\">devant l\u2019\u0153uvre du c\u00e9l\u00e8bre street-artiste Banksy<\/a>. Son pochoir, un phare dessin\u00e9 dans l\u2019ombre port\u00e9e d\u2019un simple potelet, accompagn\u00e9 d\u2019une phrase myst\u00e9rieuse \u00ab\u00a0I want to be what you saw in me\u00a0\u00bb (\u00ab\u00a0Je veux \u00eatre ce que tu as vu en moi\u00a0\u00bb), attire toujours autant de curieux et d\u2019admirateurs.<\/p>\n<p>Mais il attire aussi des volont\u00e9s cr\u00e9atrices plus destructrices. Il y a une semaine, d\u00e9j\u00e0, <a href=\"https:\/\/www.laprovence.com\/article\/societe\/1805154992310914\/le-banksy-a-marseille-degrade-loeuvre-de-mysterieux-street-artiste-remise-en-etat\" target=\"_blank\" rel=\"noopener\">un tag obsc\u00e8ne avait \u00e9t\u00e9 dessin\u00e9 autour de l\u2019\u0153uvre<\/a>, repr\u00e9sentant deux testicules grossi\u00e8rement peints. Elle avait \u00e9t\u00e9 rapidement restaur\u00e9e puis prot\u00e9g\u00e9e par un vernis par deux bonnes \u00e2mes, le peintre marseillais Richard Campana aid\u00e9 par une peintre en d\u00e9cor du patrimoine, Agn\u00e8s Perrone.<\/p>\n<p>Cinq personnes et un vigile<\/p>\n<p>Mais voil\u00e0, dans la nuit du jeudi\u00a05 au vendredi 6\u00a0juin, le pochoir de Banksy a \u00e9t\u00e9 l\u2019objet d\u2019une nouvelle attaque, racont\u00e9e par Richard Campana lui-m\u00eame. \u00ab\u00a0Nous venions \u00e0 peine de terminer le travail de restauration et de protection, t\u00e9moigne le Marseillais. Un vigile \u00e9tait pr\u00e9sent sur place et cette nuit, cinq personnes sont venues tenter de d\u00e9grader l\u2019\u0153uvre. Elles se sont embrouill\u00e9es avec le vigile qui les a fait partir mais trois jets de peinture blanche ont tout de m\u00eame eu lieu autour du pochoir.\u00a0\u00bb<\/p>\n<p>Le syndic de l\u2019immeuble a fait poser, dans la foul\u00e9e de l\u2019incident, un grand panneau de plexiglas afin de tenter de prot\u00e9ger le d\u00e9sormais c\u00e9l\u00e8bre Banksy.<\/p>\n<p>Le nouveau jet de peinture est discret, assez peu visible, mais Richard Campana compte bien restaurer le pochoir d\u00e8s que possible\u00a0: \u00ab\u00a0J\u2019ai l\u2019impression d\u2019\u00eatre devenu un peu le service apr\u00e8s-vente du Banksy de Marseille\u00a0\u00bb, plaisante-t-il. Toujours selon plasticien, \u00e9galement illustrateur et affichiste, le syndic pr\u00e9voit d\u2019installer un verre de protection plus efficace prochainement.<\/p>\n<p>Mais pourquoi tant de haine\u00a0? \u00ab\u00a0Un Banksy \u00e0 Marseille \u00e7a fait beaucoup parler alors venir le bomber \u00e7a fait aussi le buzz, c\u2019est Banksy tout de m\u00eame\u00a0\u00bb, analyse Richard Campana.<\/p>\n<p>\u00ab\u00a0C\u2019est moche\u00a0\u00bb<\/p>\n<p>En attendant, sur place, les amateurs et curieux multiplient les selfies en commentant l\u2019ajout tr\u00e8s r\u00e9cent du plexiglas. \u00ab\u00a0C\u2019est dommage d\u2019avoir ajout\u00e9 \u00e7a, c\u2019est moche\u00a0\u00bb, ose une touriste bretonne. \u00ab\u00a0Si on ne fait pas \u00e7a, il dispara\u00eetra\u00a0\u00bb, r\u00e9pond une habitante de cet immeuble de la rue F\u00e9lix-Fr\u00e9gier. \u00ab\u00a0Oui, enfin, c\u2019est un peu le principe du stree-art, non\u00a0? Si on le met sous cloche, c\u2019est aller un peu \u00e0 l\u2019encontre de ce que veut Banksy lui-m\u00eame\u00a0\u00bb, r\u00e9torque un autre, venu photographier l\u2019\u0153uvre \u00e0 scooter depuis la Pointe-Rouge.<\/p>\n<p>Les \u0153uvres de Banksy ont rapport\u00e9 plusieurs dizaines de millions de dollars, faisant de lui l\u2019un des artistes vivants les plus connus au monde, militant humaniste engag\u00e9 et ma\u00eetre de l\u2019art urbain pour les sp\u00e9cialistes.<\/p>\n","protected":false},"excerpt":{"rendered":"Ce vendredi 6\u00a0juin, \u00e0 l\u2019arri\u00e8re de la Corniche Kennedy \u00e0 Marseille, on assiste toujours au m\u00eame d\u00e9fil\u00e9 devant&hellip;\n","protected":false},"author":2,"featured_media":156717,"comment_status":"","ping_status":"","sticky":false,"template":"","format":"standard","meta":{"footnotes":""},"categories":[2814],"tags":[17,1111,11,7190,251,18637,1777,674,1011,27,884,12,4565,5912,24326,882,25,28755],"class_list":{"0":"post-156716","1":"post","2":"type-post","3":"status-publish","4":"format-standard","5":"has-post-thumbnail","7":"category-marseille","8":"tag-17","9":"tag-actu","10":"tag-actualites","11":"tag-banksy","12":"tag-culture","13":"tag-desormais","14":"tag-eu","15":"tag-europe","16":"tag-fr","17":"tag-france","18":"tag-marseille","19":"tag-news","20":"tag-nouveau","21":"tag-par","22":"tag-protege","23":"tag-provence-alpes-cote-dazur","24":"tag-republique-francaise","25":"tag-tague"},"share_on_mastodon":{"url":"https:\/\/pubeurope.com\/@fr\/114636922905254224","error":""},"_links":{"self":[{"href":"https:\/\/www.europesays.com\/fr\/wp-json\/wp\/v2\/posts\/156716","targetHints":{"allow":["GET"]}}],"collection":[{"href":"https:\/\/www.europesays.com\/fr\/wp-json\/wp\/v2\/posts"}],"about":[{"href":"https:\/\/www.europesays.com\/fr\/wp-json\/wp\/v2\/types\/post"}],"author":[{"embeddable":true,"href":"https:\/\/www.europesays.com\/fr\/wp-json\/wp\/v2\/users\/2"}],"replies":[{"embeddable":true,"href":"https:\/\/www.europesays.com\/fr\/wp-json\/wp\/v2\/comments?post=156716"}],"version-history":[{"count":0,"href":"https:\/\/www.europesays.com\/fr\/wp-json\/wp\/v2\/posts\/156716\/revisions"}],"wp:featuredmedia":[{"embeddable":true,"href":"https:\/\/www.europesays.com\/fr\/wp-json\/wp\/v2\/media\/156717"}],"wp:attachment":[{"href":"https:\/\/www.europesays.com\/fr\/wp-json\/wp\/v2\/media?parent=156716"}],"wp:term":[{"taxonomy":"category","embeddable":true,"href":"https:\/\/www.europesays.com\/fr\/wp-json\/wp\/v2\/categories?post=156716"},{"taxonomy":"post_tag","embeddable":true,"href":"https:\/\/www.europesays.com\/fr\/wp-json\/wp\/v2\/tags?post=156716"}],"curies":[{"name":"wp","href":"https:\/\/api.w.org\/{rel}","templated":true}]}}